{"id":22671,"date":"2025-05-16T14:16:02","date_gmt":"2025-05-16T17:16:02","guid":{"rendered":"https:\/\/grandepremio.com\/br\/noticias\/fia-multa-ferrari-alteracao-indevida-pressao-pneus-charles-leclerc-durante-tl1\/"},"modified":"2025-05-16T14:21:21","modified_gmt":"2025-05-16T17:21:21","slug":"fia-multa-ferrari-alteracao-indevida-pressao-pneus-charles-leclerc-durante-tl1","status":"publish","type":"post","link":"https:\/\/grandepremio.com\/br\/f1\/fia-multa-ferrari-alteracao-indevida-pressao-pneus-charles-leclerc-durante-tl1\/","title":{"rendered":"FIA multa Ferrari por altera\u00e7\u00e3o indevida na press\u00e3o dos pneus de Leclerc durante TL1"},"content":{"rendered":"\n<p class=\"wp-block-paragraph\">Depois de entrar na mira da <strong>Federa\u00e7\u00e3o Internacional de Automobilismo<\/strong> (<strong>FIA<\/strong>) por <a href=\"https:\/\/www.grandepremio.com\/br\/f1\/noticias\/fia-investiga-ferrari-alterar-pressao-pneus-charles-leclerc-sem-permissao\/\">ter mudado indevidamente as press\u00f5es dos pneus do carro de<\/a> <strong>Charles Leclerc<\/strong> durante o TL1 em\u00a0<strong><a href=\"https:\/\/www.grandepremio.com\/br\/circuito\/399739\/\" target=\"_blank\" rel=\"noreferrer noopener\">\u00cdmola<\/a><\/strong>, a <strong>Ferrari<\/strong> conseguiu escapar sem nenhuma puni\u00e7\u00e3o esportiva. A equipe reconheceu o erro e, por fim, recebeu apenas uma multa de \u20ac 5 mil (R$ 31,6 mil, na cota\u00e7\u00e3o mais recente).<\/p>\n\n\n\n<p class=\"wp-block-paragraph\">&#8220;Durante o primeiro treino livre, foi notado que as press\u00f5es dos pneus dianteiros do conjunto 16602, no carro\u00a0<strong>#16<\/strong>, foram modificados ap\u00f3s uma tentativa enquanto o carro estava parado na garagem antes de nova sa\u00edda. O ajuste foi feito sem permiss\u00e3o\u201d, disse a entidade que gere o esporte a motor em breve nota, logo ap\u00f3s o fim da atividade.<\/p>\n\n\n\n<p class=\"wp-block-paragraph\">Agora, com o encerramento do TL2, a FIA divulgou o resultado final da investiga\u00e7\u00e3o. &#8220;Os comiss\u00e1rios ouviram o representante da equipe do carro #16 e revisaram os dados t\u00e9cnicos fornecidos pelo delegado-t\u00e9cnico. A diretriz t\u00e9cnica 003G, ponto 2 g.ii, especifica que um pneu pode ser usado mais de uma vez em uma \u00fanica sess\u00e3o. Ela tamb\u00e9m estabelece os procedimentos que devem ser seguidos caso a equipe deseje fazer ajustes nos pneus, como a redu\u00e7\u00e3o da press\u00e3o. Exige-se que, primeiro, as temperaturas dos pneus sejam obtidas&#8221;, come\u00e7ou.<\/p>\n\n\n\n<p class=\"wp-block-paragraph\">\u25b6\ufe0f <strong>Inscreva-se nos dois canais do GRANDE PR\u00caMIO no YouTube:\u00a0<a href=\"https:\/\/www.youtube.com\/channel\/UC9OlHEgxoaY6QY6nWPoiqQg?sub_confirmation=1\" target=\"_blank\" rel=\"noreferrer noopener\">GP<\/a>\u00a0|\u00a0<a href=\"https:\/\/www.youtube.com\/channel\/UC9csiS6q_C3C0FYhyr1rnFA?sub_confirmation=1\" target=\"_blank\" rel=\"noreferrer noopener\">GP2<\/a><\/strong><br>\u25b6\ufe0f <strong>LEIA MAIS:\u00a0<a href=\"https:\/\/www.grandepremio.com\/br\/f1\/noticias\/oscar-piastri-lidera-tl2-poe-mclaren-comando-sexta-feira-emilia-romanha-gabriel-bortoleto-16o\/\">Piastri lidera TL2 e p\u00f5e McLaren no topo de sexta-feira na Em\u00edlia-Romanha. Bortoleto \u00e9 16\u00ba<\/a><\/strong><\/p>\n\n\n\n<figure class=\"wp-block-image size-large\"><img decoding=\"async\" src=\"https:\/\/www.grandepremio.com\/br\/wp-content\/uploads\/2025\/05\/emilia-romanha-2025-f1-treinos-livres-ferrari-charles-leclerc-afp-02-1-1200x800.jpg\" alt=\"\" class=\"wp-image-968134\"\/><figcaption class=\"wp-element-caption\">A Ferrari escapou de puni\u00e7\u00e3o mais severa (Foto: AFP) <\/figcaption><\/figure>\n\n\n\n<p class=\"wp-block-paragraph\">&#8220;O representante da equipe admitiu que esses procedimentos n\u00e3o foram seguidos, o que constitui uma viola\u00e7\u00e3o do artigo 30.5 a) do Regulamento Esportivo da F\u00f3rmula 1 da FIA. Os comiss\u00e1rios observam que isso ocorreu durante uma sess\u00e3o de treinos livres. De acordo com infra\u00e7\u00f5es operacionais semelhantes relacionadas a pneus no passado, os comiss\u00e1rios imp\u00f5em uma multa de \u20ac 5 mil&#8221;, encerrou o documento.<\/p>\n\n\n\n<p class=\"wp-block-paragraph\">A\u00a0<strong><a href=\"https:\/\/www.grandepremio.com\/br\/f1\/\" target=\"_blank\" rel=\"noreferrer noopener\"><\/a><a href=\"https:\/\/www.grandepremio.com\/br\/f1\/\" target=\"_blank\" rel=\"noreferrer noopener\">F\u00f3rmula 1<\/a><\/strong>\u00a0realiza o GP da Em\u00edlia-Romanha de 16 a 18 de maio, em\u00a0<strong><a href=\"https:\/\/www.grandepremio.com\/br\/circuito\/399739\/\" target=\"_blank\" rel=\"noreferrer noopener\">\u00cdmola<\/a><\/strong>, o primeiro da temporada 2025 na\u00a0<strong>Europa<\/strong>. O\u00a0<strong>GRANDE PR\u00caMIO<\/strong>\u00a0acompanha todas as atividades\u00a0<strong><a href=\"https:\/\/www.grandepremio.com\/br\/f1\/ao-vivo\" target=\"_blank\" rel=\"noreferrer noopener\">AO VIVO E EM\u00a0<\/a><a href=\"https:\/\/www.grandepremio.com\/br\/ao-vivo\/\" target=\"_blank\" rel=\"noreferrer noopener\">TEMPO REAL<\/a><\/strong>, al\u00e9m de classifica\u00e7\u00e3o e corrida em\u00a0<strong><a href=\"https:\/\/www.youtube.com\/@GrandePremio1\/streams\" target=\"_blank\" rel=\"noreferrer noopener\">SEGUNDA TELA no YouTube<\/a><\/strong>, em parceria com a Voz do Esporte. O <strong>Briefing<\/strong> chega para analisar ap\u00f3s o fim de cada dia de atividades nas redes sociais e na GPTV.<\/p>\n\n\n\n<p class=\"wp-block-paragraph\">Al\u00e9m da cobertura tradicional, o\u00a0<strong>GRANDE PR\u00caMIO<\/strong>\u00a0est\u00e1\u00a0<strong>IN LOCO<\/strong>\u00a0na\u00a0<strong>It\u00e1lia<\/strong>\u00a0para acompanhar todas as emo\u00e7\u00f5es da etapa com os rep\u00f3rteres\u00a0<strong>Bernardo Castro<\/strong>\u00a0e\u00a0<strong>Leonid Kliuev<\/strong>.<\/p>\n\n\n\n<p class=\"wp-block-paragraph\" style=\"font-size:25px\"><strong>GP da Em\u00edlia-<a href=\"https:\/\/www.grandepremio.com\/br\/circuito\/roma\/\" target=\"_blank\" rel=\"noreferrer noopener\">Roma<\/a>nha de F1: veja os hor\u00e1rios em Brasil, Cabo Verdade, Portugal, Angola e Mo\u00e7ambique<\/strong><\/p>\n\n\n\n<figure class=\"wp-block-table\"><table class=\"has-fixed-layout\"><tbody><tr><td><strong>&nbsp;Sess\u00e3o<\/strong><\/td><td><strong>BRA*<\/strong><\/td><td><strong>CBV<\/strong><\/td><td><strong>POR<\/strong><br><strong>ANG<\/strong><\/td><td><strong>MOZ<\/strong><\/td><\/tr><tr><td>Treino livre 1<\/td><td>08:30<\/td><td>10:30<\/td><td>12:30<\/td><td>13:30<\/td><\/tr><tr><td>Treino livre 2<\/td><td>12:00<\/td><td>14:00<\/td><td>16:00<\/td><td>17:00<\/td><\/tr><tr><td>Treino livre 3<\/td><td>07:30<\/td><td>09:30<\/td><td>11:30<\/td><td>12:30<\/td><\/tr><tr><td>Classifica\u00e7\u00e3o<\/td><td>11:00<\/td><td>13:00<\/td><td>15:00<\/td><td>16:00<\/td><\/tr><tr><td>Corrida<\/td><td>10:00<\/td><td>12:00<\/td><td>14:00<\/td><td>15:00<\/td><\/tr><\/tbody><\/table><\/figure>\n\n\n\n<p class=\"wp-block-paragraph\"><em>*Hor\u00e1rios de Bras\u00edlia<\/em><\/p>\n\n\n\n<figure class=\"wp-block-embed is-type-video is-provider-youtube wp-block-embed-youtube wp-embed-aspect-16-9 wp-has-aspect-ratio\"><div class=\"wp-block-embed__wrapper\">\n<iframe loading=\"lazy\" title=\"PIASTRI LIDERA, HAMILTON RECLAMA, BORTOLETO ESCAPA E BATE: OS TREINOS DA F1 EM \u00cdMOLA | BRIEFING\" width=\"500\" height=\"281\" src=\"https:\/\/www.youtube.com\/embed\/GCF9JxSNgrk?feature=oembed\" frameborder=\"0\" allow=\"accelerometer; autoplay; clipboard-write; encrypted-media; gyroscope; picture-in-picture; web-share\" referrerpolicy=\"strict-origin-when-cross-origin\" allowfullscreen><\/iframe>\n<\/div><\/figure>\n","protected":false},"excerpt":{"rendered":"<p>A Ferrari conseguiu escapar de uma puni\u00e7\u00e3o mais severa por parte da FIA e recebeu uma multa de \u20ac 5 mil por infra\u00e7\u00e3o durante TL1<\/p>\n","protected":false},"author":0,"featured_media":1000967983,"comment_status":"closed","ping_status":"closed","sticky":false,"template":"","format":"standard","meta":{"42wp_featured_image_caption":"","42wp_featured_image_credits":"","42wp_featured_video":"","42wp_featured_image_hidden":false,"42wp_authors_list":[],"footnotes":""},"categories":[2],"tags":[26271,5273,147,3630,207,103,180,3628,25606,43617,1491,28285,30840,5386,43616,33974,35129,42001],"42wp_author":[47160],"class_list":["post-22671","post","type-post","status-publish","format-standard","has-post-thumbnail","hentry","category-f1","tag-calendario-f1","tag-classificacao-f1","tag-f1","tag-f1-2025","tag-ferrari","tag-fia","tag-formula-1","tag-formula-1-2025","tag-gp-da-emilia-romanha","tag-gp-da-emilia-romanha-f1","tag-grande-premio","tag-grandepremio","tag-horarios-f1","tag-imola","tag-imola-2025","tag-imola-f1","tag-onde-assistir-f1","tag-temporada-2025-f1","42wp_author-vicente-soella"],"_links":{"self":[{"href":"https:\/\/grandepremio.com\/br\/wp-json\/wp\/v2\/posts\/22671","targetHints":{"allow":["GET"]}}],"collection":[{"href":"https:\/\/grandepremio.com\/br\/wp-json\/wp\/v2\/posts"}],"about":[{"href":"https:\/\/grandepremio.com\/br\/wp-json\/wp\/v2\/types\/post"}],"replies":[{"embeddable":true,"href":"https:\/\/grandepremio.com\/br\/wp-json\/wp\/v2\/comments?post=22671"}],"version-history":[{"count":0,"href":"https:\/\/grandepremio.com\/br\/wp-json\/wp\/v2\/posts\/22671\/revisions"}],"wp:featuredmedia":[{"embeddable":true,"href":"https:\/\/grandepremio.com\/br\/wp-json\/wp\/v2\/media\/1000967983"}],"wp:attachment":[{"href":"https:\/\/grandepremio.com\/br\/wp-json\/wp\/v2\/media?parent=22671"}],"wp:term":[{"taxonomy":"category","embeddable":true,"href":"https:\/\/grandepremio.com\/br\/wp-json\/wp\/v2\/categories?post=22671"},{"taxonomy":"post_tag","embeddable":true,"href":"https:\/\/grandepremio.com\/br\/wp-json\/wp\/v2\/tags?post=22671"},{"taxonomy":"42wp_author","embeddable":true,"href":"https:\/\/grandepremio.com\/br\/wp-json\/wp\/v2\/42wp_author?post=22671"}],"curies":[{"name":"wp","href":"https:\/\/api.w.org\/{rel}","templated":true}]}}