{"id":22680,"date":"2025-05-16T11:58:43","date_gmt":"2025-05-16T14:58:43","guid":{"rendered":"https:\/\/grandepremio.com\/br\/noticias\/fia-investiga-ferrari-alterar-pressao-pneus-charles-leclerc-sem-permissao\/"},"modified":"2025-05-16T12:30:50","modified_gmt":"2025-05-16T15:30:50","slug":"fia-investiga-ferrari-alterar-pressao-pneus-charles-leclerc-sem-permissao","status":"publish","type":"post","link":"https:\/\/grandepremio.com\/br\/f1\/fia-investiga-ferrari-alterar-pressao-pneus-charles-leclerc-sem-permissao\/","title":{"rendered":"FIA investiga Ferrari por alterar press\u00e3o dos pneus de Leclerc sem permiss\u00e3o durante TL1"},"content":{"rendered":"\n<p class=\"wp-block-paragraph\">O primeiro treino livre do <strong>GP da Em\u00edlia-Romanha<\/strong> foi agitado para <strong>Charles Leclerc<\/strong>. <a href=\"https:\/\/www.grandepremio.com\/br\/video\/f1\/desespero-charles-leclerc-sofre-com-problema-capacete-tl1-imola\/\">Al\u00e9m dos problemas com o capacete<\/a>, o piloto da <strong>Ferrari <\/strong>ainda teve uma investiga\u00e7\u00e3o aberta pelos comiss\u00e1rios por conta de erros nas press\u00f5es dos pneus dianteiros.<\/p>\n\n\n\n<p class=\"wp-block-paragraph\">A Ferrari, de acordo com o comunicado emitido pela <strong>Federa\u00e7\u00e3o Internacional de Automobilismo<\/strong> [<strong>FIA<\/strong>], mudou indevidamente as press\u00f5es dos pneus durante o TL1 em <strong>\u00cdmola <\/strong>e que, por isso, estaria sob investiga\u00e7\u00e3o dos comiss\u00e1rios, com possibilidade de puni\u00e7\u00e3o.<\/p>\n\n\n\n<p class=\"wp-block-paragraph\">&#8220;Durante o primeiro treino livre, foi notado que as press\u00f5es dos pneus dianteiros do conjunto 16602, no carro <strong>#16<\/strong>, foram modificados ap\u00f3s uma tentativa enquanto o carro estava parado na garagem antes de nova sa\u00edda. O ajuste foi feito sem permiss\u00e3o&#8221;, disse a entidade em breve nota.<\/p>\n\n\n\n<p class=\"wp-block-paragraph\">Com dificuldades em diversas \u00e1reas, Leclerc terminou o primeiro treino livre na 12\u00aa coloca\u00e7\u00e3o, com o tempo de <strong>1min17s077<\/strong>, a <strong>0s532 <\/strong>do l\u00edder <strong>Oscar Piastri<\/strong>, da <strong>McLaren<\/strong>. O companheiro <strong>Lewis Hamilton<\/strong> fechou a sess\u00e3o no quinto lugar.<\/p>\n\n\n\n<figure class=\"wp-block-image size-large\"><img decoding=\"async\" src=\"https:\/\/www.grandepremio.com\/br\/wp-content\/uploads\/2025\/05\/emilia-romanha-2025-f1-treinos-livres-ferrari-charles-leclerc-afp-04-1200x800.jpg\" alt=\"\" class=\"wp-image-967984\"\/><figcaption class=\"wp-element-caption\">Charles Leclerc fechou o TL1 apenas em 12\u00ba (Foto: AFP) <\/figcaption><\/figure>\n\n\n\n<p class=\"wp-block-paragraph\"><strong>\u25b6\ufe0f\u00a0Inscreva-se nos dois canais do GRANDE PR\u00caMIO no YouTube:\u00a0<a href=\"https:\/\/www.youtube.com\/channel\/UC9OlHEgxoaY6QY6nWPoiqQg?sub_confirmation=1\" target=\"_blank\" rel=\"noreferrer noopener\">GP<\/a>\u00a0|\u00a0<a href=\"https:\/\/www.youtube.com\/channel\/UC9csiS6q_C3C0FYhyr1rnFA?sub_confirmation=1\" target=\"_blank\" rel=\"noreferrer noopener\">GP2<\/a><\/strong><\/p>\n\n\n\n<p class=\"wp-block-paragraph\">A&nbsp;<strong><a href=\"https:\/\/www.grandepremio.com\/br\/f1\/\" target=\"_blank\" rel=\"noreferrer noopener\"><\/a><a href=\"https:\/\/www.grandepremio.com\/br\/f1\/\" target=\"_blank\" rel=\"noreferrer noopener\">F\u00f3rmula 1<\/a><\/strong>&nbsp;realiza o GP da Em\u00edlia-Romanha de 16 a 18 de maio, em&nbsp;<strong><a href=\"https:\/\/www.grandepremio.com\/br\/circuito\/399739\/\" target=\"_blank\" rel=\"noreferrer noopener\">\u00cdmola<\/a><\/strong>, o primeiro da temporada 2025 na&nbsp;<strong>Europa<\/strong>. O&nbsp;<strong>GRANDE PR\u00caMIO<\/strong>&nbsp;acompanha todas as atividades&nbsp;<a href=\"https:\/\/www.grandepremio.com\/br\/f1\/ao-vivo\"><strong>AO VIVO E EM&nbsp;<\/strong><\/a><a href=\"https:\/\/www.grandepremio.com\/br\/ao-vivo\/\"><\/a><strong><a href=\"https:\/\/www.grandepremio.com\/br\/ao-vivo\/\" target=\"_blank\" rel=\"noreferrer noopener\">TEMPO REAL<\/a><\/strong>, al\u00e9m de classifica\u00e7\u00e3o e corrida em&nbsp;<a href=\"https:\/\/www.youtube.com\/@GrandePremio1\/streams\"><strong>SEGUNDA TELA no YouTube<\/strong><\/a>, em parceria com a Voz do Esporte. Logo mais,&nbsp;<strong>ao meio-dia<\/strong>&nbsp;(de Bras\u00edlia, GMT-3), os pilotos retornam para o&nbsp;<strong>segundo treino livre<\/strong>. No s\u00e1bado (17), o&nbsp;<strong>TL3&nbsp;<\/strong>acontece \u00e0s&nbsp;<strong>7h30<\/strong>, ao passo que a&nbsp;<strong>classifica\u00e7\u00e3o&nbsp;<\/strong>ser\u00e1 \u00e0s&nbsp;<strong>11h<\/strong>. Por fim, no&nbsp;<strong>domingo&nbsp;<\/strong>(18), os pilotos disputam o GP da Em\u00edlia-Romanha&nbsp;<strong>\u00e0s 10h<\/strong>. O&nbsp;<strong>Briefing&nbsp;<\/strong>chega para comentar na GPTV ap\u00f3s o fim de cada dia de atividades.<\/p>\n\n\n\n<p class=\"wp-block-paragraph\">Al\u00e9m da cobertura tradicional, o&nbsp;<strong>GRANDE PR\u00caMIO<\/strong>&nbsp;est\u00e1&nbsp;<strong>IN LOCO<\/strong>&nbsp;na&nbsp;<strong>It\u00e1lia<\/strong>&nbsp;para acompanhar todas as emo\u00e7\u00f5es da etapa com os rep\u00f3rteres&nbsp;<strong>Bernardo Castro<\/strong>&nbsp;e&nbsp;<strong>Leonid Kliuev<\/strong>.<\/p>\n\n\n\n<figure class=\"wp-block-embed is-type-video is-provider-youtube wp-block-embed-youtube wp-embed-aspect-16-9 wp-has-aspect-ratio\"><div class=\"wp-block-embed__wrapper\">\n<iframe loading=\"lazy\" title=\"RED BULL FINGE NORMALIDADE EM CRISE QUE PODE EXPLODIR AP\u00d3S \u00cdMOLA\" width=\"500\" height=\"281\" src=\"https:\/\/www.youtube.com\/embed\/IJiIABxkKo0?feature=oembed\" frameborder=\"0\" allow=\"accelerometer; autoplay; clipboard-write; encrypted-media; gyroscope; picture-in-picture; web-share\" referrerpolicy=\"strict-origin-when-cross-origin\" allowfullscreen><\/iframe>\n<\/div><\/figure>\n","protected":false},"excerpt":{"rendered":"<p>A Ferrari est\u00e1 sendo investigada pela Federa\u00e7\u00e3o Internacional de Automobilismo por mudar a press\u00e3o dos pneus dianteiros de Charles Leclerc durante o treino livre inicial em \u00cdmola, mas sem permiss\u00e3o da entidade<\/p>\n","protected":false},"author":0,"featured_media":1000967946,"comment_status":"closed","ping_status":"closed","sticky":false,"template":"","format":"standard","meta":{"42wp_featured_image_caption":"","42wp_featured_image_credits":"","42wp_featured_video":"","42wp_featured_image_hidden":false,"42wp_authors_list":[],"footnotes":""},"categories":[2],"tags":[209,5660,969,147,3630,642,160,207,103,180,3628,25606,1491,30103,28285,5386,43616],"42wp_author":[47135],"class_list":["post-22680","post","type-post","status-publish","format-standard","has-post-thumbnail","hentry","category-f1","tag-charles-leclerc","tag-classificacao","tag-corrida","tag-f1","tag-f1-2025","tag-f1-ao-vivo","tag-f1-tv","tag-ferrari","tag-fia","tag-formula-1","tag-formula-1-2025","tag-gp-da-emilia-romanha","tag-grande-premio","tag-grande-premio-f1","tag-grandepremio","tag-imola","tag-imola-2025","42wp_author-pedro-luis-cuenca"],"_links":{"self":[{"href":"https:\/\/grandepremio.com\/br\/wp-json\/wp\/v2\/posts\/22680","targetHints":{"allow":["GET"]}}],"collection":[{"href":"https:\/\/grandepremio.com\/br\/wp-json\/wp\/v2\/posts"}],"about":[{"href":"https:\/\/grandepremio.com\/br\/wp-json\/wp\/v2\/types\/post"}],"replies":[{"embeddable":true,"href":"https:\/\/grandepremio.com\/br\/wp-json\/wp\/v2\/comments?post=22680"}],"version-history":[{"count":0,"href":"https:\/\/grandepremio.com\/br\/wp-json\/wp\/v2\/posts\/22680\/revisions"}],"wp:featuredmedia":[{"embeddable":true,"href":"https:\/\/grandepremio.com\/br\/wp-json\/wp\/v2\/media\/1000967946"}],"wp:attachment":[{"href":"https:\/\/grandepremio.com\/br\/wp-json\/wp\/v2\/media?parent=22680"}],"wp:term":[{"taxonomy":"category","embeddable":true,"href":"https:\/\/grandepremio.com\/br\/wp-json\/wp\/v2\/categories?post=22680"},{"taxonomy":"post_tag","embeddable":true,"href":"https:\/\/grandepremio.com\/br\/wp-json\/wp\/v2\/tags?post=22680"},{"taxonomy":"42wp_author","embeddable":true,"href":"https:\/\/grandepremio.com\/br\/wp-json\/wp\/v2\/42wp_author?post=22680"}],"curies":[{"name":"wp","href":"https:\/\/api.w.org\/{rel}","templated":true}]}}