{"id":22692,"date":"2025-05-16T07:20:25","date_gmt":"2025-05-16T10:20:25","guid":{"rendered":"https:\/\/grandepremio.com\/br\/noticias\/formula-1-sexta-feira-ceu-azul-clima-ameno-sem-chance-chuva-imola\/"},"modified":"2025-05-16T10:01:48","modified_gmt":"2025-05-16T13:01:48","slug":"formula-1-sexta-feira-ceu-azul-clima-ameno-sem-chance-chuva-imola","status":"publish","type":"post","link":"https:\/\/grandepremio.com\/br\/f1\/formula-1-sexta-feira-ceu-azul-clima-ameno-sem-chance-chuva-imola\/","title":{"rendered":"F\u00f3rmula 1 tem sexta-feira de c\u00e9u azul, clima ameno e sem chance de chuva em \u00cdmola"},"content":{"rendered":"\n<p class=\"wp-block-paragraph\">A<strong> F\u00f3rmula 1<\/strong> est\u00e1 em <strong>\u00cdmola <\/strong>neste fim de semana para o <strong>GP da Em\u00edlia-Romanha<\/strong>, s\u00e9tima etapa da <strong>temporada 2025<\/strong>, o primeiro nos chamados circuitos permanentes que comp\u00f5em a perna europeia da competi\u00e7\u00e3o. E a sexta-feira (16) promete temperaturas mais amenas que as vistas na \u00faltima etapa, em <strong>Miami<\/strong>, mas sem chance de chuva. Confira o que diz a meteorologia.<\/p>\n\n\n\n<p class=\"wp-block-paragraph\">As atividades da F1 come\u00e7am a partir das 13h30 locais (<strong>8h30 <\/strong>de Bras\u00edlia, GMT-3), com o <strong>primeiro treino livre<\/strong>. Neste instante, os term\u00f4metros marcam 18\u00b0C de temperatura ambiente, com 22\u00b0C de sensa\u00e7\u00e3o t\u00e9rmica e 52% de umidade relativa do ar.<\/p>\n\n\n\n<p class=\"wp-block-paragraph\">O c\u00e9u, ali\u00e1s, fica praticamente limpo: 5% de cobertura de nuvens, apenas. J\u00e1 os ventos podem ser um fator a mais, j\u00e1 que a velocidade m\u00e9dia esperada \u00e9 de 15 km\/h a leste-nordeste, mas com rajadas que podem atingir 37 km\/h.<\/p>\n\n\n\n<p class=\"wp-block-paragraph\">O <strong>TL2<\/strong>, por sua vez, est\u00e1 marcado para as 16h locais (<strong>11h <\/strong>de Bras\u00edlia), com previs\u00e3o de term\u00f4metros em 20\u00b0C e sensa\u00e7\u00e3o t\u00e9rmica em 22\u00b0C. A umidade diminui um pouco, para 45%, enquanto as nuvens deixam o c\u00e9u de vez com a chegada do fim da tarde na It\u00e1lia.<\/p>\n\n\n\n<figure class=\"wp-block-image size-large\"><img decoding=\"async\" src=\"https:\/\/www.grandepremio.com\/br\/wp-content\/uploads\/2025\/05\/WhatsApp-Image-2025-05-16-at-06.41.51-1200x900.jpeg\" alt=\"\" class=\"wp-image-967882\"\/><figcaption class=\"wp-element-caption\">Tempo bom em \u00cdmola, It\u00e1lia, para os treinos livres da F1 (Foto: Bernardo Castro\/Grande Pr\u00eamio)<\/figcaption><\/figure>\n\n\n\n<p class=\"wp-block-paragraph\">Os ventos tamb\u00e9m diminuem um pouco, soprando a leste a 13 km\/h de velocidade m\u00e9dia e com rajadas de at\u00e9 32 km\/h. As informa\u00e7\u00f5es s\u00e3o do servi\u00e7o de meteorologia <em>AccuWeather<\/em>.<\/p>\n\n\n\n<p class=\"wp-block-paragraph\">A\u00a0<strong><a href=\"https:\/\/www.grandepremio.com\/br\/f1\/\" target=\"_blank\" rel=\"noreferrer noopener\"><\/a><a href=\"https:\/\/www.grandepremio.com\/br\/f1\/\" target=\"_blank\" rel=\"noreferrer noopener\">F\u00f3rmula 1<\/a><\/strong>\u00a0realiza o GP da Em\u00edlia-Romanha de 16 a 18 de maio, em\u00a0<strong><a href=\"https:\/\/www.grandepremio.com\/br\/circuito\/399739\/\" target=\"_blank\" rel=\"noreferrer noopener\">\u00cdmola<\/a><\/strong>, o primeiro da temporada 2025 na\u00a0<strong>Europa<\/strong>. O\u00a0<strong>GRANDE PR\u00caMIO<\/strong>\u00a0acompanha todas as atividades\u00a0<strong><a href=\"https:\/\/www.grandepremio.com\/br\/f1\/ao-vivo\" target=\"_blank\" rel=\"noreferrer noopener\">AO VIVO E EM\u00a0<\/a><a href=\"https:\/\/www.grandepremio.com\/br\/ao-vivo\/\" target=\"_blank\" rel=\"noreferrer noopener\">TEMPO REAL<\/a><\/strong>, al\u00e9m de classifica\u00e7\u00e3o e corrida em\u00a0<strong><a href=\"https:\/\/www.youtube.com\/@GrandePremio1\/streams\" target=\"_blank\" rel=\"noreferrer noopener\">SEGUNDA TELA no YouTube<\/a><\/strong>, em parceria com a Voz do Esporte. O\u00a0<strong>Briefing<\/strong>\u00a0chega para analisar ap\u00f3s o fim de cada dia de atividades nas redes sociais e na GPTV.<\/p>\n\n\n\n<p class=\"wp-block-paragraph\">Al\u00e9m da cobertura tradicional, o\u00a0<strong>GRANDE PR\u00caMIO<\/strong>\u00a0est\u00e1\u00a0<strong>IN LOCO<\/strong>\u00a0na\u00a0<strong>It\u00e1lia<\/strong>\u00a0para acompanhar todas as emo\u00e7\u00f5es da etapa com os rep\u00f3rteres\u00a0<strong>Bernardo Castro<\/strong>\u00a0e\u00a0<strong>Leonid Kliuev<\/strong>.<\/p>\n\n\n\n<h2 class=\"wp-block-heading\" id=\"h-gp-da-emilia-roma-nha-de-f1-veja-os-horarios-em-brasil-cabo-verde-portugal-angola-e-mocambique\"><strong>GP da Em\u00edlia-<a href=\"https:\/\/www.grandepremio.com\/br\/circuito\/roma\/\" target=\"_blank\" rel=\"noreferrer noopener\">Roma<\/a>nha de F1: veja os hor\u00e1rios em Brasil, Cabo Verde,\u00a0<a href=\"https:\/\/grandepremio.pt\/\" target=\"_blank\" rel=\"noreferrer noopener\">Portugal<\/a>, Angola e Mo\u00e7ambique<\/strong><\/h2>\n\n\n\n<figure class=\"wp-block-table\"><table class=\"has-fixed-layout\"><tbody><tr><td><strong>&nbsp;Sess\u00e3o<\/strong><\/td><td><strong>BRA*<\/strong><\/td><td><strong>CBV<\/strong><\/td><td><strong>POR<\/strong><br><strong>ANG<\/strong><\/td><td><strong>MOZ<\/strong><\/td><\/tr><tr><td>Treino livre 1<\/td><td>08:30<\/td><td>10:30<\/td><td>12:30<\/td><td>13:30<\/td><\/tr><tr><td>Treino livre 2<\/td><td>12:00<\/td><td>14:00<\/td><td>16:00<\/td><td>17:00<\/td><\/tr><tr><td>Treino livre 3<\/td><td>07:30<\/td><td>09:30<\/td><td>11:30<\/td><td>12:30<\/td><\/tr><tr><td>Classifica\u00e7\u00e3o<\/td><td>11:00<\/td><td>13:00<\/td><td>15:00<\/td><td>16:00<\/td><\/tr><tr><td>Corrida<\/td><td>10:00<\/td><td>12:00<\/td><td>14:00<\/td><td>15:00<\/td><\/tr><\/tbody><\/table><\/figure>\n\n\n\n<p class=\"wp-block-paragraph\"><strong>\u25b6\ufe0f<\/strong> <strong>Inscreva-se nos dois canais do GRANDE PR\u00caMIO no YouTube:\u00a0<a href=\"https:\/\/www.youtube.com\/channel\/UC9OlHEgxoaY6QY6nWPoiqQg?sub_confirmation=1\" target=\"_blank\" rel=\"noreferrer noopener\">GP<\/a>\u00a0|\u00a0<a href=\"https:\/\/www.youtube.com\/channel\/UC9csiS6q_C3C0FYhyr1rnFA?sub_confirmation=1\" target=\"_blank\" rel=\"noreferrer noopener\">GP2<\/a><\/strong><br>\u25b6\ufe0f <strong>LEIA TAMB\u00c9M: <a href=\"https:\/\/www.grandepremio.com\/br\/f1\/noticias\/gabriel-bortoleto-cita-projeto-longo-prazo-f1-pede-paciencia-sempre-darei-meu-melhor\/\">Bortoleto cita \u201cprojeto a longo prazo\u201d na F1 e pede paci\u00eancia: \u201cSempre darei meu melhor\u201d<\/a><\/strong><\/p>\n\n\n\n<p class=\"wp-block-paragraph\"><\/p>\n","protected":false},"excerpt":{"rendered":"<p>A expectativa \u00e9 de c\u00e9u limpo durante todo o dia de atividades da F1 em \u00cdmola, que recebe o GP da Em\u00edlia-Romanha. Confira a previs\u00e3o do tempo<\/p>\n","protected":false},"author":0,"featured_media":1000967881,"comment_status":"closed","ping_status":"closed","sticky":false,"template":"","format":"standard","meta":{"42wp_featured_image_caption":"","42wp_featured_image_credits":"","42wp_featured_video":"","42wp_featured_image_hidden":false,"42wp_authors_list":[],"footnotes":""},"categories":[2],"tags":[26271,5273,26134,147,3630,180,3628,25606,43617,1491,28285,30840,5386,43616,33974,35129,42001],"42wp_author":[47149,47147],"class_list":["post-22692","post","type-post","status-publish","format-standard","has-post-thumbnail","hentry","category-f1","tag-calendario-f1","tag-classificacao-f1","tag-emilia-romanha","tag-f1","tag-f1-2025","tag-formula-1","tag-formula-1-2025","tag-gp-da-emilia-romanha","tag-gp-da-emilia-romanha-f1","tag-grande-premio","tag-grandepremio","tag-horarios-f1","tag-imola","tag-imola-2025","tag-imola-f1","tag-onde-assistir-f1","tag-temporada-2025-f1","42wp_author-bernardo-castro","42wp_author-luana-marino"],"_links":{"self":[{"href":"https:\/\/grandepremio.com\/br\/wp-json\/wp\/v2\/posts\/22692","targetHints":{"allow":["GET"]}}],"collection":[{"href":"https:\/\/grandepremio.com\/br\/wp-json\/wp\/v2\/posts"}],"about":[{"href":"https:\/\/grandepremio.com\/br\/wp-json\/wp\/v2\/types\/post"}],"replies":[{"embeddable":true,"href":"https:\/\/grandepremio.com\/br\/wp-json\/wp\/v2\/comments?post=22692"}],"version-history":[{"count":0,"href":"https:\/\/grandepremio.com\/br\/wp-json\/wp\/v2\/posts\/22692\/revisions"}],"wp:featuredmedia":[{"embeddable":true,"href":"https:\/\/grandepremio.com\/br\/wp-json\/wp\/v2\/media\/1000967881"}],"wp:attachment":[{"href":"https:\/\/grandepremio.com\/br\/wp-json\/wp\/v2\/media?parent=22692"}],"wp:term":[{"taxonomy":"category","embeddable":true,"href":"https:\/\/grandepremio.com\/br\/wp-json\/wp\/v2\/categories?post=22692"},{"taxonomy":"post_tag","embeddable":true,"href":"https:\/\/grandepremio.com\/br\/wp-json\/wp\/v2\/tags?post=22692"},{"taxonomy":"42wp_author","embeddable":true,"href":"https:\/\/grandepremio.com\/br\/wp-json\/wp\/v2\/42wp_author?post=22692"}],"curies":[{"name":"wp","href":"https:\/\/api.w.org\/{rel}","templated":true}]}}