{"id":22698,"date":"2025-05-16T04:00:00","date_gmt":"2025-05-16T07:00:00","guid":{"rendered":"https:\/\/grandepremio.com\/br\/noticias\/gabriel-bortoleto-cita-projeto-longo-prazo-f1-pede-paciencia-sempre-darei-meu-melhor\/"},"modified":"2025-05-16T06:34:27","modified_gmt":"2025-05-16T09:34:27","slug":"gabriel-bortoleto-cita-projeto-longo-prazo-f1-pede-paciencia-sempre-darei-meu-melhor","status":"publish","type":"post","link":"https:\/\/grandepremio.com\/br\/f1\/gabriel-bortoleto-cita-projeto-longo-prazo-f1-pede-paciencia-sempre-darei-meu-melhor\/","title":{"rendered":"Bortoleto cita &#8220;projeto a longo prazo&#8221; na F1 e pede paci\u00eancia: &#8220;Sempre darei meu melhor&#8221;"},"content":{"rendered":"\n<p class=\"wp-block-paragraph\">Em entrevista exclusiva ao <strong>GRANDE PR\u00caMIO<\/strong> em <strong>\u00cdmola<\/strong>, palco do <strong>GP da Em\u00edlia-Romanha<\/strong>, <strong>Gabriel Bortoleto<\/strong> explicou como tem sido lidar com a press\u00e3o de ser o primeiro brasileiro a competir na <strong>F\u00f3rmula 1<\/strong> depois de muito tempo. O piloto da <strong>Sauber<\/strong> garantiu que encara a situa\u00e7\u00e3o com naturalidade, destacou o projeto de &#8220;longo prazo&#8221; na categoria e pediu &#8220;paci\u00eancia&#8221; e apoio por parte dos torcedores que j\u00e1 o cobram duramente pela falta de resultados.<\/p>\n\n\n\n<p class=\"wp-block-paragraph\">Ainda sem somar pontos no Mundial de Pilotos, o paulista de 20 anos tem sofrido com o desempenho ruim do <strong>C45<\/strong>, mas tamb\u00e9m com contratempos importantes \u2014 como o safety-car na <strong>Austr\u00e1lia<\/strong> e a falha na unidade de pot\u00eancia durante o <strong>GP de Miami<\/strong>. De qualquer maneira, protagonizou momentos de brilhantismo ao longo das primeiras etapas da temporada 2025, quando mostrou todo o potencial que possui para os pr\u00f3ximos anos.<\/p>\n\n\n\n<p class=\"wp-block-paragraph\">&#8220;Entendo a press\u00e3o que sofremos como brasileiros. Somos um pa\u00eds de extremo sucesso em quase todos os esportes que disputamos. Se fosse o primeiro brasileiro na <strong>F1<\/strong>, ningu\u00e9m ia cobrar nada. Mas como temos grandes campe\u00f5es no passado, a cobran\u00e7a vai sempre existir, e lido bem com isso. Se cobram, \u00e9 porque esperam bons resultados de mim&#8221;, disse Bortoleto ao <strong>GP<\/strong>, nesta quinta-feira (15).<\/p>\n\n\n\n<p class=\"wp-block-paragraph\">&#8220;Obviamente, tem de ter um motivo, uma raz\u00e3o. Estou fazendo um bom trabalho at\u00e9 agora, entregando bons resultados, andando pr\u00f3ximo do meu companheiro em todas as etapas. Em algumas, fiquei na frente, em outras ele me superou. Isso n\u00e3o \u00e9 comum entre os novatos, n\u00e3o s\u00f3 neste ano, mas historicamente. Tenho um cara extremamente talentoso do meu lado, um dos mais respeitados no paddock. Teoricamente, n\u00e3o tenho obriga\u00e7\u00e3o nenhuma de ficar \u00e0 frente dele, ningu\u00e9m espera isso. Talvez s\u00f3 os f\u00e3s, e entendo isso, querem ver o sucesso do pa\u00eds, e \u00f3bvio que sempre darei meu melhor&#8221;, continuou.<\/p>\n\n\n\n<figure class=\"wp-block-image size-large\"><img decoding=\"async\" src=\"https:\/\/www.grandepremio.com\/br\/wp-content\/uploads\/2025\/05\/miami-2025-f1-corrida-sauber-gabriel-bortoleto-02-1200x800.jpg\" alt=\"\" class=\"wp-image-963824\"\/><figcaption class=\"wp-element-caption\">Gabriel Bortoleto pediu paci\u00eancia aos torcedores brasileiros (Foto: Sauber)<\/figcaption><\/figure>\n\n\n\n<p class=\"wp-block-paragraph\">&#8220;\u00c9 meu desejo ser melhor que todos do grid, mas \u00e9 preciso paci\u00eancia. No final das contas, o plano \u00e9 a longo prazo. Claro que chegar em 13\u00ba ou 14\u00ba n\u00e3o muda muito hoje, mas chegar em primeiro ou segundo no futuro mudar\u00e1 minha vida. \u00c9 nisso que temos de focar como equipe. E, como brasileiros, precisamos entender que o projeto \u00e9 a longo prazo, ter paci\u00eancia, apoio \u2014 n\u00e3o s\u00f3 para mim, mas tamb\u00e9m para a equipe, porque me apoiam muito e deram a oportunidade para voltarmos \u00e0 F1&#8221;, cobrou.<\/p>\n\n\n\n<p class=\"wp-block-paragraph\">&#8220;Eles nos deram a oportunidade, est\u00e3o me apoiando \u2014 entrei sem colocar um centavo. \u00c9 algo n\u00e3o muito comum para estreantes. Ent\u00e3o, \u00e9 ter confian\u00e7a, apoiar toda a equipe, os brasileiros da base, eu que estou na F1, para que tenhamos sucesso um dia. Isso n\u00e3o vai acontecer hoje ou amanh\u00e3, talvez em alguns anos. E tenho certeza que se for campe\u00e3o mundial ou estiver brigando [pelo t\u00edtulo], ningu\u00e9m lembrar\u00e1 dos anos de dificuldade ou dos momentos ruins&#8221;, concluiu Bortoleto.<\/p>\n\n\n\n<p class=\"wp-block-paragraph\">A&nbsp;<strong><a href=\"https:\/\/www.grandepremio.com\/br\/f1\/\" target=\"_blank\" rel=\"noreferrer noopener\"><\/a><a href=\"https:\/\/www.grandepremio.com\/br\/f1\/\" target=\"_blank\" rel=\"noreferrer noopener\">F\u00f3rmula 1<\/a><\/strong>&nbsp;realiza o GP da Em\u00edlia-Romanha de 16 a 18 de maio, em&nbsp;<strong><a href=\"https:\/\/www.grandepremio.com\/br\/circuito\/399739\/\" target=\"_blank\" rel=\"noreferrer noopener\">\u00cdmola<\/a><\/strong>, o primeiro da temporada 2025 na&nbsp;<strong>Europa<\/strong>. O&nbsp;<strong>GRANDE PR\u00caMIO<\/strong>&nbsp;acompanha todas as atividades&nbsp;<strong><a href=\"https:\/\/www.grandepremio.com\/br\/f1\/ao-vivo\" target=\"_blank\" rel=\"noreferrer noopener\">AO VIVO E EM&nbsp;<\/a><a href=\"https:\/\/www.grandepremio.com\/br\/ao-vivo\/\" target=\"_blank\" rel=\"noreferrer noopener\">TEMPO REAL<\/a><\/strong>, al\u00e9m de classifica\u00e7\u00e3o e corrida em&nbsp;<strong><a href=\"https:\/\/www.youtube.com\/@GrandePremio1\/streams\" target=\"_blank\" rel=\"noreferrer noopener\">SEGUNDA TELA no YouTube<\/a><\/strong>, em parceria com a Voz do Esporte. O <strong>Briefing<\/strong> chega para analisar ap\u00f3s o fim de cada dia de atividades nas redes sociais e na GPTV.<\/p>\n\n\n\n<p class=\"wp-block-paragraph\">Al\u00e9m da cobertura tradicional, o&nbsp;<strong>GRANDE PR\u00caMIO<\/strong>&nbsp;est\u00e1&nbsp;<strong>IN LOCO<\/strong>&nbsp;na&nbsp;<strong>It\u00e1lia<\/strong>&nbsp;para acompanhar todas as emo\u00e7\u00f5es da etapa com os rep\u00f3rteres&nbsp;<strong>Bernardo Castro<\/strong>&nbsp;e&nbsp;<strong>Leonid Kliuev<\/strong>.<\/p>\n\n\n\n<p class=\"wp-block-paragraph\" style=\"font-size:25px\"><strong>GP da Em\u00edlia-<a href=\"https:\/\/www.grandepremio.com\/br\/circuito\/roma\/\" target=\"_blank\" rel=\"noreferrer noopener\">Roma<\/a>nha de F1: veja os hor\u00e1rios em Brasil, Cabo Verde, Portugal, Angola e Mo\u00e7ambique<\/strong><\/p>\n\n\n\n<figure class=\"wp-block-table\"><table class=\"has-fixed-layout\"><tbody><tr><td><strong>&nbsp;Sess\u00e3o<\/strong><\/td><td><strong>BRA*<\/strong><\/td><td><strong>CBV<\/strong><\/td><td><strong>POR<\/strong><br><strong>ANG<\/strong><\/td><td><strong>MOZ<\/strong><\/td><\/tr><tr><td>Treino livre 1<\/td><td>08:30<\/td><td>10:30<\/td><td>12:30<\/td><td>13:30<\/td><\/tr><tr><td>Treino livre 2<\/td><td>12:00<\/td><td>14:00<\/td><td>16:00<\/td><td>17:00<\/td><\/tr><tr><td>Treino livre 3<\/td><td>07:30<\/td><td>09:30<\/td><td>11:30<\/td><td>12:30<\/td><\/tr><tr><td>Classifica\u00e7\u00e3o<\/td><td>11:00<\/td><td>13:00<\/td><td>15:00<\/td><td>16:00<\/td><\/tr><tr><td>Corrida<\/td><td>10:00<\/td><td>12:00<\/td><td>14:00<\/td><td>15:00<\/td><\/tr><\/tbody><\/table><\/figure>\n\n\n\n<p class=\"wp-block-paragraph\"><em>*Hor\u00e1rios de Bras\u00edlia<\/em><\/p>\n\n\n\n<p class=\"wp-block-paragraph\">\u25b6\ufe0f <strong>Inscreva-se nos dois canais do GRANDE PR\u00caMIO no YouTube:&nbsp;<a href=\"https:\/\/www.youtube.com\/channel\/UC9OlHEgxoaY6QY6nWPoiqQg?sub_confirmation=1\" target=\"_blank\" rel=\"noreferrer noopener\">GP<\/a>&nbsp;|&nbsp;<a href=\"https:\/\/www.youtube.com\/channel\/UC9csiS6q_C3C0FYhyr1rnFA?sub_confirmation=1\" target=\"_blank\" rel=\"noreferrer noopener\">GP2<\/a><\/strong><br>\u25b6\ufe0f <strong>LEIA TAMB\u00c9M:&nbsp;<a href=\"https:\/\/www.grandepremio.com\/br\/f1\/noticias\/fia-pente-fino-busca-resfriamento-liquido-legitima-sistema-freios-mclaren\/\">FIA passa pente fino em busca de resfriamento l\u00edquido e legitima sistema de freios da McLaren<\/a><\/strong><\/p>\n\n\n\n<figure class=\"wp-block-embed is-type-video is-provider-youtube wp-block-embed-youtube wp-embed-aspect-16-9 wp-has-aspect-ratio\"><div class=\"wp-block-embed__wrapper\">\n<iframe loading=\"lazy\" title=\"McLAREN LEGAL, FIA TENTA AFAGO E BORTOLETO FALA EM &quot;EXPERI\u00caNCIA LOUCA&quot;: F1 EM \u00cdMOLA | WGP\" width=\"500\" height=\"281\" src=\"https:\/\/www.youtube.com\/embed\/lS3v8Pq4RsE?feature=oembed\" frameborder=\"0\" allow=\"accelerometer; autoplay; clipboard-write; encrypted-media; gyroscope; picture-in-picture; web-share\" referrerpolicy=\"strict-origin-when-cross-origin\" allowfullscreen><\/iframe>\n<\/div><\/figure>\n\n\n\n<p class=\"wp-block-paragraph\" style=\"font-size:25px\"><br><\/p>\n","protected":false},"excerpt":{"rendered":"<p>Em conversa com o GRANDE PR\u00caMIO, Gabriel Bortoleto falou sobre as cobran\u00e7as que vem recebendo dos torcedores brasileiros logo na temporada de estreia na F\u00f3rmula 1<\/p>\n","protected":false},"author":0,"featured_media":1000967620,"comment_status":"closed","ping_status":"closed","sticky":false,"template":"","format":"standard","meta":{"42wp_featured_image_caption":"","42wp_featured_image_credits":"","42wp_featured_video":"","42wp_featured_image_hidden":false,"42wp_authors_list":[],"footnotes":""},"categories":[2],"tags":[26271,5273,43615,39550,147,3630,180,3628,350,25606,43617,1491,28285,30840,5386,43616,33974,35129,1197,42001],"42wp_author":[47149,47165,47160],"class_list":["post-22698","post","type-post","status-publish","format-standard","has-post-thumbnail","hentry","category-f1","tag-calendario-f1","tag-classificacao-f1","tag-emilia-romanha-2025","tag-emilia-romanha-f1","tag-f1","tag-f1-2025","tag-formula-1","tag-formula-1-2025","tag-gabriel-bortoleto","tag-gp-da-emilia-romanha","tag-gp-da-emilia-romanha-f1","tag-grande-premio","tag-grandepremio","tag-horarios-f1","tag-imola","tag-imola-2025","tag-imola-f1","tag-onde-assistir-f1","tag-sauber","tag-temporada-2025-f1","42wp_author-bernardo-castro","42wp_author-leonid-kluiev","42wp_author-vicente-soella"],"_links":{"self":[{"href":"https:\/\/grandepremio.com\/br\/wp-json\/wp\/v2\/posts\/22698","targetHints":{"allow":["GET"]}}],"collection":[{"href":"https:\/\/grandepremio.com\/br\/wp-json\/wp\/v2\/posts"}],"about":[{"href":"https:\/\/grandepremio.com\/br\/wp-json\/wp\/v2\/types\/post"}],"replies":[{"embeddable":true,"href":"https:\/\/grandepremio.com\/br\/wp-json\/wp\/v2\/comments?post=22698"}],"version-history":[{"count":0,"href":"https:\/\/grandepremio.com\/br\/wp-json\/wp\/v2\/posts\/22698\/revisions"}],"wp:featuredmedia":[{"embeddable":true,"href":"https:\/\/grandepremio.com\/br\/wp-json\/wp\/v2\/media\/1000967620"}],"wp:attachment":[{"href":"https:\/\/grandepremio.com\/br\/wp-json\/wp\/v2\/media?parent=22698"}],"wp:term":[{"taxonomy":"category","embeddable":true,"href":"https:\/\/grandepremio.com\/br\/wp-json\/wp\/v2\/categories?post=22698"},{"taxonomy":"post_tag","embeddable":true,"href":"https:\/\/grandepremio.com\/br\/wp-json\/wp\/v2\/tags?post=22698"},{"taxonomy":"42wp_author","embeddable":true,"href":"https:\/\/grandepremio.com\/br\/wp-json\/wp\/v2\/42wp_author?post=22698"}],"curies":[{"name":"wp","href":"https:\/\/api.w.org\/{rel}","templated":true}]}}