{"id":22728,"date":"2025-05-15T10:11:05","date_gmt":"2025-05-15T13:11:05","guid":{"rendered":"https:\/\/grandepremio.com\/br\/noticias\/pierre-gasly-aconselha-jack-doohan-seguir-forte-depois-mudanca-alpine\/"},"modified":"2025-05-15T12:22:11","modified_gmt":"2025-05-15T15:22:11","slug":"pierre-gasly-aconselha-jack-doohan-seguir-forte-depois-mudanca-alpine","status":"publish","type":"post","link":"https:\/\/grandepremio.com\/br\/f1\/pierre-gasly-aconselha-jack-doohan-seguir-forte-depois-mudanca-alpine\/","title":{"rendered":"Gasly aconselha Doohan a &#8220;seguir forte&#8221; depois de mudan\u00e7a na Alpine: &#8220;N\u00e3o \u00e9 f\u00e1cil&#8221;"},"content":{"rendered":"\n<p class=\"wp-block-paragraph\">A <strong>F\u00f3rmula 1<\/strong> volta a acelerar neste fim de semana, com o <strong>GP da Em\u00edlia-Romanha<\/strong>, e uma novidade no grid. A <strong>Alpine <\/strong>optou por trocar o novato <strong>Jack Doohan<\/strong> e dar cinco corridas para <strong>Franco Colapinto<\/strong> mostrar seu potencial a bordo do arisco carro. A mudan\u00e7a, claro, rendeu um novo companheiro para <strong>Pierre Gasly<\/strong>, que foi questionado sobre o assunto.<\/p>\n\n\n\n<p class=\"wp-block-paragraph\">Nesta quinta-feira (15), Gasly esteve presente em <strong>\u00cdmola <\/strong>para entrevista coletiva, acompanhada pelo <strong>GRANDE PR\u00caMIO<\/strong>, e n\u00e3o escapou do assunto. O franc\u00eas foi alvo de perguntar sobre a sa\u00edda de Doohan, mas evitou entrar em detalhes e disse que a decis\u00e3o \u00e9 toda da equipe e que n\u00e3o h\u00e1 muito a ser feito sobre isso.<\/p>\n\n\n\n<p class=\"wp-block-paragraph\">&#8220;Jack [Doohan] \u00e9 um grande cara. Obviamente, um novato na F\u00f3rmula 1, em grid t\u00e3o forte como o atual, n\u00e3o foi o caminho mais f\u00e1cil na categoria. Da minha parte, como companheiro, entei ajudar como foi poss\u00edvel dentro e fora da pista. N\u00e3o tem muito mais a ser dito, a decis\u00e3o \u00e9 da equipe&#8221;, disse.<\/p>\n\n\n\n<p class=\"wp-block-paragraph\"><strong>\u25b6\ufe0f&nbsp;Inscreva-se nos dois canais do GRANDE PR\u00caMIO no YouTube:&nbsp;<a href=\"https:\/\/www.youtube.com\/channel\/UC9OlHEgxoaY6QY6nWPoiqQg?sub_confirmation=1\" target=\"_blank\" rel=\"noreferrer noopener\">GP<\/a>&nbsp;|&nbsp;<a href=\"https:\/\/www.youtube.com\/channel\/UC9csiS6q_C3C0FYhyr1rnFA?sub_confirmation=1\" target=\"_blank\" rel=\"noreferrer noopener\">GP2<\/a><\/strong><\/p>\n\n\n\n<figure class=\"wp-block-image size-large\"><img decoding=\"async\" src=\"https:\/\/www.grandepremio.com\/br\/wp-content\/uploads\/2025\/04\/japao-2025-f1-quinta-feira-alpine-jack-doohan-pierre-gasly-01-1200x800.jpg\" alt=\"\" class=\"wp-image-947856\"\/><figcaption class=\"wp-element-caption\">Pierre Gasly e Jack Doohan fizeram poucas corridas juntos (Foto: Alpine)<\/figcaption><\/figure>\n\n\n\n<p class=\"wp-block-paragraph\">No passado, Gasly passou por uma situa\u00e7\u00e3o semelhante. Em 2019, foi promovido para a <strong>Red Bull<\/strong>, mas n\u00e3o rendeu o esperado e acabou rebaixado para a <strong>Toro Rosso<\/strong> [atual <strong>Racing Bulls<\/strong>] no meio daquela temporada. Depois, por\u00e9m, se recuperou e chegou at\u00e9 a vencer corrida, se consolidando no grid da F\u00f3rmula 1. Questionado pelo <strong>GRANDE PR\u00caMIO<\/strong> sobre algum conselho para Doohan, o franc\u00eas escolheu palavras de apoio.<\/p>\n\n\n\n<p class=\"wp-block-paragraph\">&#8220;Como piloto e como atleta, voc\u00ea precisa deixar isso de lado e focar no que deve ser feito. Tive a oportunidade de continuar acelerando a cada fim de semana mostrando minha velocidade, ou no simulador. Mentalmente, n\u00e3o \u00e9 f\u00e1cil, mas \u00e9 preciso continuar forte&#8221;, afirmou.<\/p>\n\n\n\n<p class=\"wp-block-paragraph\">A&nbsp;<strong><a target=\"_blank\" href=\"https:\/\/www.grandepremio.com\/br\/f1\/\" rel=\"noreferrer noopener\"><\/a><a href=\"https:\/\/www.grandepremio.com\/br\/f1\/\" target=\"_blank\" rel=\"noreferrer noopener\">F\u00f3rmula 1<\/a><\/strong>&nbsp;realiza o GP da Em\u00edlia-Romanha de 16 a 18 de maio, em&nbsp;<strong><a target=\"_blank\" href=\"https:\/\/www.grandepremio.com\/br\/circuito\/399739\/\" rel=\"noreferrer noopener\">\u00cdmola<\/a><\/strong>, o primeiro da temporada 2025 na&nbsp;<strong>Europa<\/strong>. O&nbsp;<strong>GRANDE PR\u00caMIO<\/strong>&nbsp;acompanha todas as atividades&nbsp;<strong><a target=\"_blank\" href=\"https:\/\/www.grandepremio.com\/br\/f1\/ao-vivo\" rel=\"noreferrer noopener\">AO VIVO E EM&nbsp;<\/a><\/strong><strong><a target=\"_blank\" href=\"https:\/\/www.grandepremio.com\/br\/ao-vivo\/\" rel=\"noreferrer noopener\">TEMPO REAL<\/a><\/strong>, al\u00e9m de classifica\u00e7\u00e3o e corrida em&nbsp;<strong><a target=\"_blank\" href=\"https:\/\/www.youtube.com\/@GrandePremio1\/streams\" rel=\"noreferrer noopener\">SEGUNDA TELA no YouTube<\/a><\/strong>, em parceria com a Voz do Esporte. \u00c0s&nbsp;<strong>8h30 (de Bras\u00edlia, GMT-3)&nbsp;<\/strong>de&nbsp;<strong>sexta-feira<\/strong>&nbsp;(16), os pilotos realizam o<strong>&nbsp;treino livre 1<\/strong>. Depois,&nbsp;<strong>ao meio-dia<\/strong>, retornam para o&nbsp;<strong>segundo treino livre<\/strong>. No s\u00e1bado (17), o&nbsp;<strong>TL3&nbsp;<\/strong>acontece \u00e0s&nbsp;<strong>7h30<\/strong>, ao passo que a&nbsp;<strong>classifica\u00e7\u00e3o&nbsp;<\/strong>ser\u00e1 \u00e0s&nbsp;<strong>11h<\/strong>. Por fim, no&nbsp;<strong>domingo&nbsp;<\/strong>(18), os pilotos disputam o GP da Em\u00edlia-Romanha&nbsp;<strong>\u00e0s 10h<\/strong>. O&nbsp;<strong>Briefing&nbsp;<\/strong>chega para comentar na GPTV ap\u00f3s o fim de cada dia de atividades.<\/p>\n\n\n\n<p class=\"wp-block-paragraph\">Al\u00e9m da cobertura tradicional, o&nbsp;<strong>GRANDE PR\u00caMIO<\/strong>&nbsp;est\u00e1&nbsp;<strong>IN LOCO<\/strong>&nbsp;na&nbsp;<strong>It\u00e1lia<\/strong>&nbsp;para acompanhar todas as emo\u00e7\u00f5es da etapa com os rep\u00f3rteres&nbsp;<strong>Bernardo Castro<\/strong>&nbsp;e&nbsp;<strong>Leonid Kliuev<\/strong>.<\/p>\n\n\n\n<figure class=\"wp-block-embed is-type-video is-provider-youtube wp-block-embed-youtube wp-embed-aspect-16-9 wp-has-aspect-ratio\"><div class=\"wp-block-embed__wrapper\">\n<iframe loading=\"lazy\" title=\"RED BULL COPIA McLAREN PARA SALVAR HORNER DE DEMISS\u00c3O + GOLPE NA FIA? | TTGP #179\" width=\"500\" height=\"281\" src=\"https:\/\/www.youtube.com\/embed\/qEOLrXSU1qc?feature=oembed\" frameborder=\"0\" allow=\"accelerometer; autoplay; clipboard-write; encrypted-media; gyroscope; picture-in-picture; web-share\" referrerpolicy=\"strict-origin-when-cross-origin\" allowfullscreen><\/iframe>\n<\/div><\/figure>\n","protected":false},"excerpt":{"rendered":"<p>Pierre Gasly evitou entrar em detalhes sobre a sa\u00edda de Jack Doohan e destacou que a decis\u00e3o \u00e9 apenas da Alpine. Ao GRANDE PR\u00caMIO, o franc\u00eas optou por buscar palavras de acolhimento ao antigo companheiro de time<\/p>\n","protected":false},"author":0,"featured_media":1000957472,"comment_status":"closed","ping_status":"closed","sticky":false,"template":"","format":"standard","meta":{"42wp_featured_image_caption":"","42wp_featured_image_credits":"","42wp_featured_video":"","42wp_featured_image_hidden":false,"42wp_authors_list":[],"footnotes":""},"categories":[2],"tags":[20491,5660,969,147,3630,642,160,180,3628,25606,1491,30103,28285,5386,43616,596,676],"42wp_author":[47149,47135],"class_list":["post-22728","post","type-post","status-publish","format-standard","has-post-thumbnail","hentry","category-f1","tag-alpine","tag-classificacao","tag-corrida","tag-f1","tag-f1-2025","tag-f1-ao-vivo","tag-f1-tv","tag-formula-1","tag-formula-1-2025","tag-gp-da-emilia-romanha","tag-grande-premio","tag-grande-premio-f1","tag-grandepremio","tag-imola","tag-imola-2025","tag-jack-doohan","tag-pierre-gasly","42wp_author-bernardo-castro","42wp_author-pedro-luis-cuenca"],"_links":{"self":[{"href":"https:\/\/grandepremio.com\/br\/wp-json\/wp\/v2\/posts\/22728","targetHints":{"allow":["GET"]}}],"collection":[{"href":"https:\/\/grandepremio.com\/br\/wp-json\/wp\/v2\/posts"}],"about":[{"href":"https:\/\/grandepremio.com\/br\/wp-json\/wp\/v2\/types\/post"}],"replies":[{"embeddable":true,"href":"https:\/\/grandepremio.com\/br\/wp-json\/wp\/v2\/comments?post=22728"}],"version-history":[{"count":0,"href":"https:\/\/grandepremio.com\/br\/wp-json\/wp\/v2\/posts\/22728\/revisions"}],"wp:featuredmedia":[{"embeddable":true,"href":"https:\/\/grandepremio.com\/br\/wp-json\/wp\/v2\/media\/1000957472"}],"wp:attachment":[{"href":"https:\/\/grandepremio.com\/br\/wp-json\/wp\/v2\/media?parent=22728"}],"wp:term":[{"taxonomy":"category","embeddable":true,"href":"https:\/\/grandepremio.com\/br\/wp-json\/wp\/v2\/categories?post=22728"},{"taxonomy":"post_tag","embeddable":true,"href":"https:\/\/grandepremio.com\/br\/wp-json\/wp\/v2\/tags?post=22728"},{"taxonomy":"42wp_author","embeddable":true,"href":"https:\/\/grandepremio.com\/br\/wp-json\/wp\/v2\/42wp_author?post=22728"}],"curies":[{"name":"wp","href":"https:\/\/api.w.org\/{rel}","templated":true}]}}