{"id":22739,"date":"2025-05-15T07:09:08","date_gmt":"2025-05-15T10:09:08","guid":{"rendered":"https:\/\/grandepremio.com\/br\/noticias\/williams-destaca-organizacao-interna-como-chave-desempenho-f1-2025-solidez\/"},"modified":"2025-05-15T09:46:24","modified_gmt":"2025-05-15T12:46:24","slug":"williams-destaca-organizacao-interna-como-chave-desempenho-f1-2025-solidez","status":"publish","type":"post","link":"https:\/\/grandepremio.com\/br\/f1\/williams-destaca-organizacao-interna-como-chave-desempenho-f1-2025-solidez\/","title":{"rendered":"Williams destaca organiza\u00e7\u00e3o interna como chave para desempenho na F1 2025: \u201cSolidez\u201d"},"content":{"rendered":"\n<p class=\"wp-block-paragraph\"><strong>James Vowles<\/strong> celebrou o sucesso do <strong>FW47<\/strong>, carro da <strong>Williams<\/strong> para a <strong>F1 2025<\/strong>, mas fez quest\u00e3o de dividir os m\u00e9ritos com toda a equipe de <strong>Grove<\/strong> \u2014 mesmo com o foco principal voltado para o desenvolvimento do novo carro de 2026 \u2014 o primeiro a ser constru\u00eddo sob o novo regulamento t\u00e9cnico da F1.<\/p>\n\n\n\n<p class=\"wp-block-paragraph\">A temporada 2025 da Williams come\u00e7ou muito acima das expectativas. A equipe ocupa o quinto lugar no <strong>Mundial de Construtores<\/strong> com 37 pontos, somando boas atua\u00e7\u00f5es em quase todas as corridas. Para o chefe do time ingl\u00eas, a estrutura da Williams \u00e9 a grande respons\u00e1vel pelo desempenho do b\u00f3lido na pista.<\/p>\n\n\n\n<p class=\"wp-block-paragraph\">\u201cN\u00e3o acredito que o avan\u00e7o deste ano seja reflexo direto do meu trabalho, mas sim da estrutura organizacional que colocamos em pr\u00e1tica. Trata-se de construir bases s\u00f3lidas\u201d, disse Vowles \u00e0 revista inglesa <em>Autosport<\/em>. \u201cMesmo sem concentrar tantos esfor\u00e7os no FW47, conseguimos resolver problemas importantes de 2024 e evoluir de forma consistente, sem perder o foco no projeto de 2026&#8243;, completou.<\/p>\n\n\n\n<p class=\"wp-block-paragraph\">A chegada de <strong>Carlos Sainz<\/strong> foi um dos principais movimentos da equipe para 2025, e embora alguns erros do piloto tenham impedido resultados ainda melhores, o rendimento do carro tem sido elogiado. O projeto do <strong>FW48<\/strong> \u2013 carro de 2026 \u2013 j\u00e1 est\u00e1 em andamento, com trabalho iniciado no t\u00fanel de vento em janeiro, como Vowles planejou desde o in\u00edcio.<\/p>\n\n\n\n<figure class=\"wp-block-image size-large\"><img decoding=\"async\" src=\"https:\/\/www.grandepremio.com\/br\/wp-content\/uploads\/2025\/04\/arabia-saudita-2025-f1-treinos-livres-williams-carlos-sainz-03-1200x800.jpg\" alt=\"\" class=\"wp-image-956416\"\/><figcaption class=\"wp-element-caption\">Carlos Sainz (Foto: Williams) <\/figcaption><\/figure>\n\n\n\n<p class=\"wp-block-paragraph\"><strong>ESPECIAL 75 ANOS DA F\u00d3RMULA 1<\/strong><br>\u25b6\ufe0f&nbsp;<a href=\"https:\/\/www.grandepremio.com\/br\/galeria\/f1\/dominio-alfa-romeo-giuseppe-farina-campeao-temporada-inaugural-f1-1950\/\"><strong>Dom\u00ednio da Alfa Romeo e Farina campe\u00e3o: como foi temporada inaugural da F1 em 1950<\/strong><\/a><br>\u25b6\ufe0f&nbsp;<a href=\"https:\/\/www.grandepremio.com\/br\/f1\/noticias\/do-mundo-em-reconstrucao-aos-herois-das-pistas-f1-completa-75-anos-paddockast-192\/\"><strong>Do mundo em reconstru\u00e7\u00e3o aos her\u00f3is das pistas: F1 completa 75 anos| Paddockast #192<\/strong><\/a><br>\u25b6\ufe0f&nbsp;<a href=\"https:\/\/www.grandepremio.com\/br\/grandepremium\/10\/f1\/materias\/personagens-ilustres-indy-500-calendario-10-curiosidades-temporada-1950-f1\/\"><strong>Personagens ilustres e Indy 500 no calend\u00e1rio: 10 curiosidades da temporada 1950 da F1<\/strong><\/a><br>\u25b6\ufe0f&nbsp;<a href=\"https:\/\/www.grandepremio.com\/br\/galeria\/f1\/dominio-alfa-romeo-giuseppe-farina-campeao-temporada-inaugural-f1-1950\/\"><strong>Dom\u00ednio da Alfa Romeo e Farina campe\u00e3o: como foi temporada inaugural da F1 em 1950<\/strong><\/a><br>\u25b6\ufe0f&nbsp;<a href=\"https:\/\/www.grandepremio.com\/br\/web-stories\/f1\/f1-75-anos-o-gp-da-inglaterra-de-1950\/\"><strong>F1 75 anos: o GP da Inglaterra de 1950<\/strong><\/a><\/p>\n\n\n\n<p class=\"wp-block-paragraph\">\u201cN\u00e3o coloquei toda a equipe para trabalhar no FW47. A prioridade \u00e9 2026. Precis\u00e1vamos garantir que o projeto estivesse pronto e que o carro estivesse no t\u00fanel de vento no come\u00e7o do ano, sem distra\u00e7\u00f5es. Isso \u00e9 o que mais me orgulha\u201d.<\/p>\n\n\n\n<p class=\"wp-block-paragraph\">\u201cTodos os aspectos organizacionais est\u00e3o no caminho certo: comunica\u00e7\u00e3o, ritmo de desenvolvimento, trabalho em equipe, qualidade, pontualidade e controle de or\u00e7amento. Sei que isso pode n\u00e3o parecer empolgante, mas o FW47 \u00e9 fruto da corre\u00e7\u00e3o de aspectos fundamentais. E isso, para mim, \u00e9 o mais importante\u201d, finalizou.<\/p>\n\n\n\n<p class=\"wp-block-paragraph\">A&nbsp;<strong><a href=\"https:\/\/www.grandepremio.com\/br\/f1\/\" target=\"_blank\" rel=\"noreferrer noopener\">F\u00f3rmula 1<\/a><\/strong>&nbsp;retorna de 16 a 18 de maio para o&nbsp;<strong>GP da Em\u00edlia-<a href=\"https:\/\/www.grandepremio.com\/br\/circuito\/roma\/\" target=\"_blank\" rel=\"noreferrer noopener\">Roma<\/a>nha<\/strong>, em&nbsp;<strong><a href=\"https:\/\/www.grandepremio.com\/br\/circuito\/399739\/\" target=\"_blank\" rel=\"noreferrer noopener\">\u00cdmola<\/a><\/strong>, o primeiro da temporada 2025 na&nbsp;<strong>Europa<\/strong>. Al\u00e9m da cobertura tradicional, o&nbsp;<strong>GRANDE PR\u00caMIO<\/strong>&nbsp;est\u00e1&nbsp;<strong>IN LOCO<\/strong>&nbsp;na&nbsp;<strong>It\u00e1lia<\/strong>&nbsp;para acompanhar todas as emo\u00e7\u00f5es da etapa com os rep\u00f3rteres&nbsp;<strong>Bernardo Castro<\/strong>&nbsp;e&nbsp;<strong>Leonid Kliuev<\/strong>.<\/p>\n\n\n\n<p class=\"wp-block-paragraph\">\u25b6\ufe0f&nbsp;<strong>Inscreva-se nos dois canais do GRANDE PR\u00caMIO no YouTube:&nbsp;<a href=\"https:\/\/www.youtube.com\/channel\/UC9OlHEgxoaY6QY6nWPoiqQg?sub_confirmation=1\" target=\"_blank\" rel=\"noreferrer noopener\">GP<\/a>&nbsp;|&nbsp;<a href=\"https:\/\/www.youtube.com\/channel\/UC9csiS6q_C3C0FYhyr1rnFA?sub_confirmation=1\" target=\"_blank\" rel=\"noreferrer noopener\">GP2<\/a><\/strong><\/p>\n\n\n\n<figure class=\"wp-block-embed is-type-video is-provider-youtube wp-block-embed-youtube wp-embed-aspect-16-9 wp-has-aspect-ratio\"><div class=\"wp-block-embed__wrapper\">\n<iframe loading=\"lazy\" title=\"RED BULL COPIA McLAREN PARA SALVAR HORNER DE DEMISS\u00c3O + GOLPE NA FIA? | TTGP #179\" width=\"500\" height=\"281\" src=\"https:\/\/www.youtube.com\/embed\/qEOLrXSU1qc?start=1140&amp;feature=oembed\" frameborder=\"0\" allow=\"accelerometer; autoplay; clipboard-write; encrypted-media; gyroscope; picture-in-picture; web-share\" referrerpolicy=\"strict-origin-when-cross-origin\" allowfullscreen><\/iframe>\n<\/div><\/figure>\n","protected":false},"excerpt":{"rendered":"<p>Com projeto de 2026 em andamento, Vowles diz que FW47 \u00e9 reflexo de processos bem estruturados dentro da Williams nesta temporada<\/p>\n","protected":false},"author":0,"featured_media":1000962746,"comment_status":"closed","ping_status":"closed","sticky":false,"template":"","format":"standard","meta":{"42wp_featured_image_caption":"","42wp_featured_image_credits":"","42wp_featured_video":"","42wp_featured_image_hidden":false,"42wp_authors_list":[],"footnotes":""},"categories":[2],"tags":[654,26271,546,5273,147,3630,29516,180,3628,40593,1491,28285,632,30840,4149,35129,42001,215],"42wp_author":[47161],"class_list":["post-22739","post","type-post","status-publish","format-standard","has-post-thumbnail","hentry","category-f1","tag-alexander-albon","tag-calendario-f1","tag-carlos-sainz","tag-classificacao-f1","tag-f1","tag-f1-2025","tag-f1-2026","tag-formula-1","tag-formula-1-2025","tag-fw47","tag-grande-premio","tag-grandepremio","tag-grove","tag-horarios-f1","tag-james-vowles","tag-onde-assistir-f1","tag-temporada-2025-f1","tag-williams","42wp_author-kaio-esteves"],"_links":{"self":[{"href":"https:\/\/grandepremio.com\/br\/wp-json\/wp\/v2\/posts\/22739","targetHints":{"allow":["GET"]}}],"collection":[{"href":"https:\/\/grandepremio.com\/br\/wp-json\/wp\/v2\/posts"}],"about":[{"href":"https:\/\/grandepremio.com\/br\/wp-json\/wp\/v2\/types\/post"}],"replies":[{"embeddable":true,"href":"https:\/\/grandepremio.com\/br\/wp-json\/wp\/v2\/comments?post=22739"}],"version-history":[{"count":0,"href":"https:\/\/grandepremio.com\/br\/wp-json\/wp\/v2\/posts\/22739\/revisions"}],"wp:featuredmedia":[{"embeddable":true,"href":"https:\/\/grandepremio.com\/br\/wp-json\/wp\/v2\/media\/1000962746"}],"wp:attachment":[{"href":"https:\/\/grandepremio.com\/br\/wp-json\/wp\/v2\/media?parent=22739"}],"wp:term":[{"taxonomy":"category","embeddable":true,"href":"https:\/\/grandepremio.com\/br\/wp-json\/wp\/v2\/categories?post=22739"},{"taxonomy":"post_tag","embeddable":true,"href":"https:\/\/grandepremio.com\/br\/wp-json\/wp\/v2\/tags?post=22739"},{"taxonomy":"42wp_author","embeddable":true,"href":"https:\/\/grandepremio.com\/br\/wp-json\/wp\/v2\/42wp_author?post=22739"}],"curies":[{"name":"wp","href":"https:\/\/api.w.org\/{rel}","templated":true}]}}