{"id":22750,"date":"2025-05-14T16:42:37","date_gmt":"2025-05-14T19:42:37","guid":{"rendered":"https:\/\/grandepremio.com\/br\/noticias\/oscar-piastri-lembra-ano-estreia-ve-ambiente-totalmente-diferente-mclaren-2025\/"},"modified":"2025-05-14T18:27:00","modified_gmt":"2025-05-14T21:27:00","slug":"oscar-piastri-lembra-ano-estreia-ve-ambiente-totalmente-diferente-mclaren-2025","status":"publish","type":"post","link":"https:\/\/grandepremio.com\/br\/f1\/oscar-piastri-lembra-ano-estreia-ve-ambiente-totalmente-diferente-mclaren-2025\/","title":{"rendered":"Piastri lembra ano de estreia e v\u00ea &#8220;ambiente totalmente diferente&#8221; na McLaren em 2025"},"content":{"rendered":"\n<p class=\"wp-block-paragraph\">Assim como aconteceu com <strong>Oscar Piastri<\/strong>, que em pouco mais de duas temporadas passou de um mero novato a candidato ao t\u00edtulo na <strong>F\u00f3rmula 1<\/strong>, a <strong>McLaren<\/strong> tamb\u00e9m evoluiu bastante nos \u00faltimos anos. O pr\u00f3prio australiano, inclusive, fez quest\u00e3o de deixar isso bem claro ao afirmar que o ambiente em Woking \u00e9 &#8220;totalmente diferente agora&#8221; em compara\u00e7\u00e3o com 2023, quando a equipe come\u00e7ou a reviravolta na categoria.<\/p>\n\n\n\n<p class=\"wp-block-paragraph\">Com quatro vit\u00f3rias no atual campeonato, o dono do <strong>MCL 39 #81<\/strong> somou 131 pontos at\u00e9 aqui e <a href=\"https:\/\/www.grandepremio.com\/br\/f1\/noticias\/oscar-piastri-abre-16-pontos-lando-norris-vitoria-gp-miami-confira-classificacao-f1-2025\/\">ocupa a lideran\u00e7a do Mundial de Pilotos<\/a> \u2014 16 tentos a mais que <strong>Lando Norris<\/strong>, colega de garagem. Uma situa\u00e7\u00e3o muito diferente do que aconteceu no primeiro semestre de 2023, quando o time papaia ainda era um dos piores do grid e o jovem de Melbourne s\u00f3 conseguiu marcar 5 pontos nas primeiras nove corridas.<\/p>\n\n\n\n<p class=\"wp-block-paragraph\">&#8220;Comparado com dois anos atr\u00e1s, agora temos um ambiente totalmente diferente. Mas a determina\u00e7\u00e3o e o trabalho duro j\u00e1 existiam naquela \u00e9poca \u2014 e j\u00e1 sab\u00edamos que certos desenvolvimentos estavam em andamento para nos levar de volta ao topo&#8221;, disse Piastri em conversa com o <em>Motorsport-Total<\/em>.<\/p>\n\n\n\n<p class=\"wp-block-paragraph\"><strong>ESPECIAL 75 ANOS DA F\u00d3RMULA 1<\/strong><br>\u25b6\ufe0f <a href=\"https:\/\/www.grandepremio.com\/br\/galeria\/f1\/dominio-alfa-romeo-giuseppe-farina-campeao-temporada-inaugural-f1-1950\/\"><strong>Dom\u00ednio da Alfa Romeo e Farina campe\u00e3o: como foi temporada inaugural da F1 em 1950<\/strong><\/a><br>\u25b6\ufe0f <a href=\"https:\/\/www.grandepremio.com\/br\/f1\/noticias\/do-mundo-em-reconstrucao-aos-herois-das-pistas-f1-completa-75-anos-paddockast-192\/\"><strong>Do mundo em reconstru\u00e7\u00e3o aos her\u00f3is das pistas: F1 completa 75 anos| Paddockast #192<\/strong><\/a><br>\u25b6\ufe0f <a href=\"https:\/\/www.grandepremio.com\/br\/grandepremium\/10\/f1\/materias\/personagens-ilustres-indy-500-calendario-10-curiosidades-temporada-1950-f1\/\"><strong>Personagens ilustres e Indy 500 no calend\u00e1rio: 10 curiosidades da temporada 1950 da F1<\/strong><\/a><br>\u25b6\ufe0f <a href=\"https:\/\/www.grandepremio.com\/br\/galeria\/f1\/dominio-alfa-romeo-giuseppe-farina-campeao-temporada-inaugural-f1-1950\/\"><strong>Dom\u00ednio da Alfa Romeo e Farina campe\u00e3o: como foi temporada inaugural da F1 em 1950<\/strong><\/a><br>\u25b6\ufe0f <a href=\"https:\/\/www.grandepremio.com\/br\/web-stories\/f1\/f1-75-anos-o-gp-da-inglaterra-de-1950\/\"><strong>F1 75 anos: o GP da Inglaterra de 1950<\/strong><\/a><\/p>\n\n\n\n<figure class=\"wp-block-image size-large\"><img decoding=\"async\" src=\"https:\/\/www.grandepremio.com\/br\/wp-content\/uploads\/2025\/05\/miami-2025-f1-corrida-podio-afp-01-1200x800.jpg\" alt=\"\" class=\"wp-image-963822\"\/><figcaption class=\"wp-element-caption\">Oscar Piastri comandou o p\u00f3dio em Miami (Foto: AFP)<\/figcaption><\/figure>\n\n\n\n<p class=\"wp-block-paragraph\">&#8220;No ano passado, Lando venceu aqui [em <strong>Miami<\/strong>] \u2014 foi um grande momento para toda a equipe, porque finalmente t\u00ednhamos novamente um carro capaz de vencer uma corrida por m\u00e9rito pr\u00f3prio. Claro, antes disso tivemos a dobradinha em <strong>Monza<\/strong> \u2014 mas o verdadeiro ponto de virada foi Miami na temporada passada, quando realmente t\u00ednhamos o carro mais r\u00e1pido na pista. Foi uma sensa\u00e7\u00e3o muito especial&#8221;, continuou.<\/p>\n\n\n\n<p class=\"wp-block-paragraph\">&#8220;Hoje, estamos exatamente onde quer\u00edamos estar: a determina\u00e7\u00e3o e o trabalho duro continuam os mesmos \u2014 s\u00f3 que agora os momentos de alegria e sucesso se tornaram mais frequentes, o que, naturalmente, \u00e9 \u00f3timo&#8221;, comemorou Piastri, que n\u00e3o deixou de alertar sobre a capacidade das rivais de dar a volta por cima.<\/p>\n\n\n\n<p class=\"wp-block-paragraph\">&#8220;Sabemos que a concorr\u00eancia est\u00e1 forte. Quem est\u00e1 na frente tem menos tempo de t\u00fanel de vento, menos oportunidades de desenvolvimento \u2014 isso foi uma vantagem que tivemos nos \u00faltimos anos, mas que agora n\u00e3o temos mais. Portanto, novos desafios vir\u00e3o. Mas estar nessa posi\u00e7\u00e3o ainda \u00e9 fant\u00e1stico&#8221;, encerrou.<\/p>\n\n\n\n<p class=\"wp-block-paragraph\">A\u00a0<a href=\"https:\/\/www.grandepremio.com\/br\/f1\/\" target=\"_blank\" rel=\"noreferrer noopener\"><\/a><a href=\"https:\/\/www.grandepremio.com\/br\/f1\/\" target=\"_blank\" rel=\"noreferrer noopener\">F\u00f3rmula 1<\/a>\u00a0retorna de 16 a 18 de maio para o\u00a0<strong>GP da Em\u00edlia-<a href=\"https:\/\/www.grandepremio.com\/br\/circuito\/roma\/\" target=\"_blank\" rel=\"noreferrer noopener\">Roma<\/a>nha<\/strong>, em\u00a0<strong><a href=\"https:\/\/www.grandepremio.com\/br\/circuito\/399739\/\" target=\"_blank\" rel=\"noreferrer noopener\">\u00cdmola<\/a><\/strong>, o primeiro da temporada 2025 na\u00a0<strong>Europa<\/strong>. Al\u00e9m da cobertura tradicional, o\u00a0<strong>GRANDE PR\u00caMIO<\/strong>\u00a0estar\u00e1\u00a0<strong>IN LOCO<\/strong>\u00a0na It\u00e1lia para acompanhar todas as emo\u00e7\u00f5es da etapa.<\/p>\n\n\n\n<figure class=\"wp-block-embed is-type-video is-provider-youtube wp-block-embed-youtube wp-embed-aspect-16-9 wp-has-aspect-ratio\"><div class=\"wp-block-embed__wrapper\">\n<iframe loading=\"lazy\" title=\"F1 75: SEM FERRARI, COM PR\u00cdNCIPE E LENDAS. COMO FOI A PRIMEIRA CORRIDA DA HIST\u00d3RIA? | Paddock Sprint\" width=\"500\" height=\"281\" src=\"https:\/\/www.youtube.com\/embed\/MNFQNYl9LGw?feature=oembed\" frameborder=\"0\" allow=\"accelerometer; autoplay; clipboard-write; encrypted-media; gyroscope; picture-in-picture; web-share\" referrerpolicy=\"strict-origin-when-cross-origin\" allowfullscreen><\/iframe>\n<\/div><\/figure>\n","protected":false},"excerpt":{"rendered":"<p>Atual l\u00edder do Mundial de Pilotos, Oscar Piastri exaltou o &#8220;fant\u00e1stico&#8221; crescimento da McLaren ao longo das duas \u00faltimas temporadas da F\u00f3rmula 1<\/p>\n","protected":false},"author":0,"featured_media":1000963817,"comment_status":"closed","ping_status":"closed","sticky":false,"template":"","format":"standard","meta":{"42wp_featured_image_caption":"","42wp_featured_image_credits":"","42wp_featured_video":"","42wp_featured_image_hidden":false,"42wp_authors_list":[],"footnotes":""},"categories":[2],"tags":[26271,5273,147,3630,180,3628,25606,43617,1491,28285,30840,5386,43616,33974,90,35129,2916,42001],"42wp_author":[47160],"class_list":["post-22750","post","type-post","status-publish","format-standard","has-post-thumbnail","hentry","category-f1","tag-calendario-f1","tag-classificacao-f1","tag-f1","tag-f1-2025","tag-formula-1","tag-formula-1-2025","tag-gp-da-emilia-romanha","tag-gp-da-emilia-romanha-f1","tag-grande-premio","tag-grandepremio","tag-horarios-f1","tag-imola","tag-imola-2025","tag-imola-f1","tag-mclaren","tag-onde-assistir-f1","tag-oscar-piastri","tag-temporada-2025-f1","42wp_author-vicente-soella"],"_links":{"self":[{"href":"https:\/\/grandepremio.com\/br\/wp-json\/wp\/v2\/posts\/22750","targetHints":{"allow":["GET"]}}],"collection":[{"href":"https:\/\/grandepremio.com\/br\/wp-json\/wp\/v2\/posts"}],"about":[{"href":"https:\/\/grandepremio.com\/br\/wp-json\/wp\/v2\/types\/post"}],"replies":[{"embeddable":true,"href":"https:\/\/grandepremio.com\/br\/wp-json\/wp\/v2\/comments?post=22750"}],"version-history":[{"count":0,"href":"https:\/\/grandepremio.com\/br\/wp-json\/wp\/v2\/posts\/22750\/revisions"}],"wp:featuredmedia":[{"embeddable":true,"href":"https:\/\/grandepremio.com\/br\/wp-json\/wp\/v2\/media\/1000963817"}],"wp:attachment":[{"href":"https:\/\/grandepremio.com\/br\/wp-json\/wp\/v2\/media?parent=22750"}],"wp:term":[{"taxonomy":"category","embeddable":true,"href":"https:\/\/grandepremio.com\/br\/wp-json\/wp\/v2\/categories?post=22750"},{"taxonomy":"post_tag","embeddable":true,"href":"https:\/\/grandepremio.com\/br\/wp-json\/wp\/v2\/tags?post=22750"},{"taxonomy":"42wp_author","embeddable":true,"href":"https:\/\/grandepremio.com\/br\/wp-json\/wp\/v2\/42wp_author?post=22750"}],"curies":[{"name":"wp","href":"https:\/\/api.w.org\/{rel}","templated":true}]}}