{"id":22752,"date":"2025-05-14T16:01:26","date_gmt":"2025-05-14T19:01:26","guid":{"rendered":"https:\/\/grandepremio.com\/br\/noticias\/chefe-red-bull-cita-push-to-pass-volta-defender-mudanca-motor-f1-2026\/"},"modified":"2025-05-14T16:15:48","modified_gmt":"2025-05-14T19:15:48","slug":"chefe-red-bull-cita-push-to-pass-volta-defender-mudanca-motor-f1-2026","status":"publish","type":"post","link":"https:\/\/grandepremio.com\/br\/f1\/chefe-red-bull-cita-push-to-pass-volta-defender-mudanca-motor-f1-2026\/","title":{"rendered":"Chefe da Red Bull cita &#8216;push-to-pass&#8217; e volta a defender mudan\u00e7a no motor da F1 2026"},"content":{"rendered":"\n<p class=\"wp-block-paragraph\">Os debates que tratam sobre as mudan\u00e7as que podem acontecer nas unidades de pot\u00eancia para a temporada 2026 da <strong>F\u00f3rmula 1<\/strong> \u2014 quando o novo regulamento entra em vigor \u2014 continuam a todo vapor. Chefe da <strong>Red Bull<\/strong>, <strong>Christian Horner<\/strong> voltou a falar do assunto e deu alguns detalhes sobre a reuni\u00e3o que foi realizada durante o fim de semana do <strong>GP do Bahrein<\/strong>, quando a <strong>Federa\u00e7\u00e3o Internacional de Automobilismo<\/strong> (<strong>FIA<\/strong>) conversou com equipes e fabricantes de motores.<\/p>\n\n\n\n<p class=\"wp-block-paragraph\">Tudo come\u00e7ou h\u00e1 algumas semanas, quando o jornal\u00a0<em>Motor ES<\/em>\u00a0relatou que, durante algumas simula\u00e7\u00f5es no circuito de\u00a0<strong><a href=\"https:\/\/www.grandepremio.com\/br\/circuito\/monza\/\" target=\"_blank\" rel=\"noreferrer noopener\">Monza<\/a><\/strong>, na\u00a0<strong>It\u00e1lia<\/strong>, a\u00a0<strong>Mercedes<\/strong>\u00a0demonstrou que o aspecto h\u00edbrido do motor \u00e9 completamente deficiente. Com base nos dados obtidos, a pot\u00eancia el\u00e9trica dos carros estaria se esgotando no meio da reta principal, deixando os mesmos dependendo apenas do motor de combust\u00e3o interna, traduzindo-se em uma pot\u00eancia entre 540 e 570 CV \u2014 menor do que de um carro de\u00a0<strong><a href=\"https:\/\/www.grandepremio.com\/br\/f2\/\" target=\"_blank\" rel=\"noreferrer noopener\">F\u00f3rmula 2<\/a><\/strong>, por exemplo.<\/p>\n\n\n\n<p class=\"wp-block-paragraph\">Pressionada por algumas equipes, a entidade presidida por <strong>Mohammed Ben Sulayem<\/strong> ent\u00e3o apresentou poss\u00edveis mudan\u00e7as no regulamento no \u00faltimo encontro da Comiss\u00e3o de\u00a0<strong>F1<\/strong>. A proposta seria fazer com que a propor\u00e7\u00e3o de 50% de motor de combust\u00e3o interna e 50% de bateria seja mantida apenas para a classifica\u00e7\u00e3o. Para a corrida, a ideia \u00e9 reduzir a pot\u00eancia el\u00e9trica de\u00a0<strong>350 kW<\/strong>\u00a0para\u00a0<strong>200 kW<\/strong>\u00a0\u2014 fazendo com que essa mesma rela\u00e7\u00e3o passe a ser de 36% para as baterias e 64% para a combust\u00e3o.<\/p>\n\n\n\n<p class=\"wp-block-paragraph\"><strong>ESPECIAL 75 ANOS DA F\u00d3RMULA 1<\/strong><br>\u25b6\ufe0f <a href=\"https:\/\/www.grandepremio.com\/br\/galeria\/f1\/dominio-alfa-romeo-giuseppe-farina-campeao-temporada-inaugural-f1-1950\/\"><strong>Dom\u00ednio da Alfa Romeo e Farina campe\u00e3o: como foi temporada inaugural da F1 em 1950<\/strong><\/a><br>\u25b6\ufe0f <a href=\"https:\/\/www.grandepremio.com\/br\/f1\/noticias\/do-mundo-em-reconstrucao-aos-herois-das-pistas-f1-completa-75-anos-paddockast-192\/\"><strong>Do mundo em reconstru\u00e7\u00e3o aos her\u00f3is das pistas: F1 completa 75 anos| Paddockast #192<\/strong><\/a><br>\u25b6\ufe0f <a href=\"https:\/\/www.grandepremio.com\/br\/grandepremium\/10\/f1\/materias\/personagens-ilustres-indy-500-calendario-10-curiosidades-temporada-1950-f1\/\"><strong>Personagens ilustres e Indy 500 no calend\u00e1rio: 10 curiosidades da temporada 1950 da F1<\/strong><\/a><br>\u25b6\ufe0f <a href=\"https:\/\/www.grandepremio.com\/br\/galeria\/f1\/dominio-alfa-romeo-giuseppe-farina-campeao-temporada-inaugural-f1-1950\/\"><strong>Dom\u00ednio da Alfa Romeo e Farina campe\u00e3o: como foi temporada inaugural da F1 em 1950<\/strong><\/a><br>\u25b6\ufe0f <a href=\"https:\/\/www.grandepremio.com\/br\/web-stories\/f1\/f1-75-anos-o-gp-da-inglaterra-de-1950\/\"><strong>F1 75 anos: o GP da Inglaterra de 1950<\/strong><\/a><\/p>\n\n\n\n<figure class=\"wp-block-image size-large\"><img decoding=\"async\" src=\"https:\/\/www.grandepremio.com\/br\/wp-content\/uploads\/2024\/11\/toto-wolff-christian-horner-1200x677.jpg\" alt=\"\" class=\"wp-image-898698\"\/><figcaption class=\"wp-element-caption\">Mercedes e Red Bull se colocaram em lados opostos (Foto: XPB\/Press Association Images)<\/figcaption><\/figure>\n\n\n\n<p class=\"wp-block-paragraph\">De acordo com o\u00a0<em>The Race<\/em>, a mudan\u00e7a tem como objetivo obter um desempenho mais consistente nas retas e aumentar as oportunidades de ultrapassagem. Para que a proposta entre em vigor, no entanto, \u00e9 necess\u00e1rio o consenso de 70% dos votantes \u2014 embora tenha ficado muito claro at\u00e9 aqui que exista uma clara diverg\u00eancia de pensamento entre os principais protagonistas do grid. Chefe da Mercedes, <strong>Toto Wolff<\/strong> <a href=\"https:\/\/www.grandepremio.com\/br\/f1\/noticias\/chefe-mercedes-chama-piada-proposta-mudanca-regras-motores-2026\/\">foi quem mais se posicionou contra<\/a>.<\/p>\n\n\n\n<p class=\"wp-block-paragraph\">Em entrevista ao portal <em>Planet F1<\/em>, Horner, por sua vez, voltou a defender a ideia ao alertar sobre a possibilidade de o &#8216;lift and coast&#8217;, t\u00e9cnica de pilotagem onde os pilotos levantam o p\u00e9 do acelerador em retas e trechos de alta velocidade para economizar combust\u00edvel e reduzir o desgaste dos freios, tornar-se mais frequente \u2014 o que n\u00e3o seria algo positivo, na vis\u00e3o do chefe da Red Bull.<\/p>\n\n\n\n<p class=\"wp-block-paragraph\">&#8220;A FIA finalmente deu uma olhada nos regulamentos e percebeu que no pr\u00f3ximo ano poder\u00e1 ocorrer de forma sistem\u00e1tica o fen\u00f4meno do &#8216;lift and coast&#8217;, com os pilotos obrigados a preservar energia el\u00e9trica ou entrar em modo &#8216;recarga&#8217; \u2014 um cen\u00e1rio que os deixar\u00e1 loucos&#8221;, come\u00e7ou. &#8220;Os carros ter\u00e3o o DRS sempre aberto e, portanto, esse aspecto n\u00e3o far\u00e1 diferen\u00e7a para favorecer as ultrapassagens&#8221;, acrescentou.<\/p>\n\n\n\n<p class=\"wp-block-paragraph\">&#8220;Por isso, os delegados da FIA apresentaram uma proposta que prev\u00ea manter todas as especifica\u00e7\u00f5es t\u00e9cnicas inalteradas, mas reduzir a energia da bateria durante a corrida, de modo a efetivamente criar uma esp\u00e9cie de &#8216;push-to-pass&#8217; ao se utilizar a energia el\u00e9trica&#8221;, explicou.<\/p>\n\n\n\n<figure class=\"wp-block-image size-large\"><img decoding=\"async\" src=\"https:\/\/www.grandepremio.com\/br\/wp-content\/uploads\/2024\/12\/CFIA8-1200x633.jpg\" alt=\"\" class=\"wp-image-909543\"\/><figcaption class=\"wp-element-caption\">Carro da temporada 2026 da F1 (Foto: Reprodu\u00e7\u00e3o\/FIA)<\/figcaption><\/figure>\n\n\n\n<p class=\"wp-block-paragraph\">&#8220;Acredito que seja uma proposta v\u00e1lida. No contexto geral da F1, vale a pena consider\u00e1-la. N\u00e3o muda as especifica\u00e7\u00f5es. N\u00e3o muda a pot\u00eancia m\u00e1xima desses motores. Muda apenas a forma como ela seria efetivamente utilizada&#8221;, encerrou o comandante da Red Bull.<\/p>\n\n\n\n<p class=\"wp-block-paragraph\">A\u00a0<a href=\"https:\/\/www.grandepremio.com\/br\/f1\/\" target=\"_blank\" rel=\"noreferrer noopener\"><\/a><a href=\"https:\/\/www.grandepremio.com\/br\/f1\/\" target=\"_blank\" rel=\"noreferrer noopener\">F\u00f3rmula 1<\/a>\u00a0retorna de 16 a 18 de maio para o\u00a0<strong>GP da Em\u00edlia-<a href=\"https:\/\/www.grandepremio.com\/br\/circuito\/roma\/\" target=\"_blank\" rel=\"noreferrer noopener\">Roma<\/a>nha<\/strong>, em\u00a0<strong><a href=\"https:\/\/www.grandepremio.com\/br\/circuito\/399739\/\" target=\"_blank\" rel=\"noreferrer noopener\">\u00cdmola<\/a><\/strong>, o primeiro da temporada 2025 na\u00a0<strong>Europa<\/strong>. Al\u00e9m da cobertura tradicional, o\u00a0<strong>GRANDE PR\u00caMIO<\/strong>\u00a0estar\u00e1\u00a0<strong>IN LOCO<\/strong>\u00a0na It\u00e1lia para acompanhar todas as emo\u00e7\u00f5es da etapa.<\/p>\n\n\n\n<figure class=\"wp-block-embed is-type-video is-provider-youtube wp-block-embed-youtube wp-embed-aspect-16-9 wp-has-aspect-ratio\"><div class=\"wp-block-embed__wrapper\">\n<iframe loading=\"lazy\" title=\"F1 75: SEM FERRARI, COM PR\u00cdNCIPE E LENDAS. COMO FOI A PRIMEIRA CORRIDA DA HIST\u00d3RIA? | Paddock Sprint\" width=\"500\" height=\"281\" src=\"https:\/\/www.youtube.com\/embed\/MNFQNYl9LGw?feature=oembed\" frameborder=\"0\" allow=\"accelerometer; autoplay; clipboard-write; encrypted-media; gyroscope; picture-in-picture; web-share\" referrerpolicy=\"strict-origin-when-cross-origin\" allowfullscreen><\/iframe>\n<\/div><\/figure>\n","protected":false},"excerpt":{"rendered":"<p>Christian Horner, chefe da Red Bull, afirmou mais uma vez que seria importante para a F\u00f3rmula 1 alterar a propor\u00e7\u00e3o entre o motor de combust\u00e3o interna e a parte el\u00e9trica dos carros para a temporada 2026<\/p>\n","protected":false},"author":0,"featured_media":1000856590,"comment_status":"closed","ping_status":"closed","sticky":false,"template":"","format":"standard","meta":{"42wp_featured_image_caption":"","42wp_featured_image_credits":"","42wp_featured_video":"","42wp_featured_image_hidden":false,"42wp_authors_list":[],"footnotes":""},"categories":[2],"tags":[26271,655,5273,147,3630,29516,103,180,3628,25606,43617,1491,28285,30840,5386,43616,33974,35129,204,42001],"42wp_author":[47160],"class_list":["post-22752","post","type-post","status-publish","format-standard","has-post-thumbnail","hentry","category-f1","tag-calendario-f1","tag-christian-horner","tag-classificacao-f1","tag-f1","tag-f1-2025","tag-f1-2026","tag-fia","tag-formula-1","tag-formula-1-2025","tag-gp-da-emilia-romanha","tag-gp-da-emilia-romanha-f1","tag-grande-premio","tag-grandepremio","tag-horarios-f1","tag-imola","tag-imola-2025","tag-imola-f1","tag-onde-assistir-f1","tag-red-bull","tag-temporada-2025-f1","42wp_author-vicente-soella"],"_links":{"self":[{"href":"https:\/\/grandepremio.com\/br\/wp-json\/wp\/v2\/posts\/22752","targetHints":{"allow":["GET"]}}],"collection":[{"href":"https:\/\/grandepremio.com\/br\/wp-json\/wp\/v2\/posts"}],"about":[{"href":"https:\/\/grandepremio.com\/br\/wp-json\/wp\/v2\/types\/post"}],"replies":[{"embeddable":true,"href":"https:\/\/grandepremio.com\/br\/wp-json\/wp\/v2\/comments?post=22752"}],"version-history":[{"count":0,"href":"https:\/\/grandepremio.com\/br\/wp-json\/wp\/v2\/posts\/22752\/revisions"}],"wp:featuredmedia":[{"embeddable":true,"href":"https:\/\/grandepremio.com\/br\/wp-json\/wp\/v2\/media\/1000856590"}],"wp:attachment":[{"href":"https:\/\/grandepremio.com\/br\/wp-json\/wp\/v2\/media?parent=22752"}],"wp:term":[{"taxonomy":"category","embeddable":true,"href":"https:\/\/grandepremio.com\/br\/wp-json\/wp\/v2\/categories?post=22752"},{"taxonomy":"post_tag","embeddable":true,"href":"https:\/\/grandepremio.com\/br\/wp-json\/wp\/v2\/tags?post=22752"},{"taxonomy":"42wp_author","embeddable":true,"href":"https:\/\/grandepremio.com\/br\/wp-json\/wp\/v2\/42wp_author?post=22752"}],"curies":[{"name":"wp","href":"https:\/\/api.w.org\/{rel}","templated":true}]}}