{"id":22758,"date":"2025-05-14T11:12:35","date_gmt":"2025-05-14T14:12:35","guid":{"rendered":"https:\/\/grandepremio.com\/br\/noticias\/ex-engenheiro-felipe-massa-faz-critica-nao-bala-de-prata-lewis-hamilton-ferrari\/"},"modified":"2025-05-14T11:14:55","modified_gmt":"2025-05-14T14:14:55","slug":"ex-engenheiro-felipe-massa-faz-critica-nao-bala-de-prata-lewis-hamilton-ferrari","status":"publish","type":"post","link":"https:\/\/grandepremio.com\/br\/f1\/ex-engenheiro-felipe-massa-faz-critica-nao-bala-de-prata-lewis-hamilton-ferrari\/","title":{"rendered":"Ex-engenheiro de Massa faz cr\u00edtica e diz que &#8220;n\u00e3o h\u00e1 bala de prata&#8221; para Hamilton na Ferrari"},"content":{"rendered":"\n<p class=\"wp-block-paragraph\">O in\u00edcio de <strong>Lewis Hamilton<\/strong> na <strong>Ferrari<\/strong> tem sido marcado por dificuldades. E para <strong>Rob Smedley<\/strong>, n\u00e3o h\u00e1 solu\u00e7\u00e3o m\u00e1gica \u00e0 vista. O brit\u00e2nico, que trabalhou com <strong>Felipe Massa<\/strong> na escuderia por anos, acredita que os problemas enfrentados da <strong>SF-25<\/strong> s\u00e3o estruturais \u2014 e exigir\u00e3o s\u00e9rie de ajustes para come\u00e7ar a surtir efeito.<\/p>\n\n\n\n<p class=\"wp-block-paragraph\">Hamilton soma apenas <strong>41 pontos<\/strong> no <strong>Mundial de Pilotos<\/strong> e ainda n\u00e3o conseguiu brigar pelas primeiras posi\u00e7\u00f5es \u2014 exce\u00e7\u00e3o <strong><a href=\"https:\/\/www.grandepremio.com\/br\/f1\/noticias\/lewis-hamilton-controla-desgaste-pneus-vence-sprint-gp-china-gabriel-bortoleto-18\/\">\u00e0 vit\u00f3ria<\/a><\/strong> e <strong><a href=\"https:\/\/www.grandepremio.com\/br\/f1\/noticias\/lando-norris-sorte-sorrir-safety-car-vence-corrida-sprint-gp-miami-gabriel-bortoleto-15o\/\">ao p\u00f3dio<\/a><\/strong> nas sprints da <strong>China<\/strong> e <strong>Miami<\/strong>, respectivamente. Segundo Smedley, o comportamento da traseira do carro \u00e9 um dos principais empecilhos.<\/p>\n\n\n\n<p class=\"wp-block-paragraph\">\u201cExiste uma falta geral de desempenho\u201d, afirmou no podcast <em>F1 Nation<\/em>. \u201c<strong>N\u00e3o h\u00e1 bala de prata<\/strong> que vai transformar esse carro em uma m\u00e1quina vencedora de forma repentina. S\u00e3o margens curtas, ser\u00e3o <strong>v\u00e1rias pequenas melhorias<\/strong> que precisam acontecer\u201d, apontou.<\/p>\n\n\n\n<p class=\"wp-block-paragraph\">\u201cN\u00e3o \u00e9 f\u00e1cil de pilotar e claramente <strong>n\u00e3o se encaixa bem no estilo de condu\u00e7\u00e3o do Lewis<\/strong>. Se a traseira est\u00e1 inst\u00e1vel, ele n\u00e3o se sente \u00e0 vontade, e isso o impede de extrair o melhor desempenho. J\u00e1 vimos isso outras vezes ao longo da carreira\u201d, explicou.<\/p>\n\n\n\n<figure class=\"wp-block-image size-large\"><img decoding=\"async\" src=\"https:\/\/www.grandepremio.com\/br\/wp-content\/uploads\/2025\/05\/afd16d0d-b451-4659-90cf-63dadf9052b7-1200x800.jpg\" alt=\"\" class=\"wp-image-964146\"\/><figcaption class=\"wp-element-caption\">Lewis Hamilton sofre para se adaptar \u00e0 SF-25 (Foto: Scuderia Ferrari)<\/figcaption><\/figure>\n\n\n\n<p class=\"wp-block-paragraph\">A instabilidade aparece principalmente nas <strong>curvas de m\u00e9dia e alta velocidade<\/strong>, apontou. \u201cNessas situa\u00e7\u00f5es, \u00e9 preciso uma traseira s\u00f3lida, que d\u00ea confian\u00e7a para o piloto atacar. Quando o carro \u00e9 arisco, Hamilton sofre mais que outros\u201d, completou.<\/p>\n\n\n\n<p class=\"wp-block-paragraph\">A adapta\u00e7\u00e3o lenta tamb\u00e9m esbarra nas limita\u00e7\u00f5es da SF-25. Mesmo com atualiza\u00e7\u00f5es, ainda se mostra pouco competitivo em compara\u00e7\u00e3o com <strong>McLaren<\/strong>, <strong>Red Bull<\/strong> e <strong>Mercedes<\/strong>. Ap\u00f3s o GP de Miami, <strong>Charles Leclerc<\/strong> tamb\u00e9m admitiu dificuldades e <strong><a href=\"https:\/\/www.grandepremio.com\/br\/f1\/noticias\/charles-leclerc-admite-mudanca-estilo-pilotagem-para-adaptar-sf-25-medidas-extremas\/\">revelou fazer mudan\u00e7as no seu estilo de pilotagem<\/a><\/strong> para tentar extrair mais desempenho.<\/p>\n\n\n\n<p class=\"wp-block-paragraph\">\u201cSe conseguirem tirar dois ou tr\u00eas d\u00e9cimos por volta, tanto na classifica\u00e7\u00e3o quanto na corrida, j\u00e1 muda bastante. Mas isso s\u00f3 vem com muito trabalho em v\u00e1rias \u00e1reas ao mesmo tempo. Est\u00e3o em uma posi\u00e7\u00e3o dif\u00edcil, e agora \u00e9 que veremos do que s\u00e3o feitos\u201d, disse.<\/p>\n\n\n\n<p class=\"wp-block-paragraph\">Al\u00e9m dos problemas t\u00e9cnicos, a Ferrari tamb\u00e9m lida com cr\u00edticas por decis\u00f5es estrat\u00e9gicas. Em Miami, Hamilton ficou preso atr\u00e1s de Leclerc, mesmo com pneus mais r\u00e1pidos. <strong><a href=\"https:\/\/www.grandepremio.com\/br\/f1\/noticias\/lewis-hamilton-lembra-tatica-valtteri-bottas-comentar-ordens-ferrari-nao-foi-rapida\/\">A ordem para a troca de posi\u00e7\u00f5es veio tarde<\/a><\/strong>, o que acabou neutralizando qualquer chance de avan\u00e7o. Ao final da prova, <strong><a href=\"https:\/\/www.grandepremio.com\/br\/f1\/noticias\/charles-leclerc-assume-frustracao-ferrari-evita-embate-lewis-hamilton-nao-culpo\/\">ambos reclamaram<\/a><\/strong>. Autor da c\u00e9lebre frase \u201cFernando is faster than you\u201d (Fernando est\u00e1 mais r\u00e1pido que voc\u00ea), quando ordenou que <strong>Felipe Massa <\/strong>cedesse a lideran\u00e7a do <strong>GP da Alemanha de 2010<\/strong> para <strong>Fernando Alonso<\/strong>, Smedley comentou o epis\u00f3dio.<\/p>\n\n\n\n<p class=\"wp-block-paragraph\">\u201c\u00c9 f\u00e1cil julgar de fora, mas h\u00e1 muita coisa envolvida em decis\u00f5es assim. Fred [Vasseur] disse que levou uma volta e meia para dar a ordem, o que, em tempo real, \u00e9 pouco. Mas sabiam que estavam em estrat\u00e9gias diferentes. No futuro, o ideal \u00e9 <strong>planejar melhor<\/strong> para n\u00e3o comprometer ningu\u00e9m\u201d, comentou.<\/p>\n\n\n\n<p class=\"wp-block-paragraph\">A\u00a0<a href=\"https:\/\/www.grandepremio.com\/br\/f1\/\" target=\"_blank\" rel=\"noreferrer noopener\">F\u00f3rmula 1<\/a>\u00a0retorna de\u00a0<strong>16 a 18 de maio<\/strong>\u00a0para o\u00a0<strong>GP da Em\u00edlia-Romanha<\/strong>, em\u00a0<strong><a href=\"https:\/\/www.grandepremio.com\/br\/circuito\/399739\/\" target=\"_blank\" rel=\"noreferrer noopener\">\u00cdmola<\/a><\/strong>, o primeiro da temporada 2025 na Europa. Al\u00e9m da cobertura tradicional, o\u00a0<strong>GRANDE PR\u00caMIO<\/strong>\u00a0estar\u00e1\u00a0<strong>IN LOCO<\/strong>\u00a0na\u00a0<strong>It\u00e1lia\u00a0<\/strong>para acompanhar todas as emo\u00e7\u00f5es da etapa.<\/p>\n\n\n\n<p class=\"wp-block-paragraph\">\u25b6\ufe0f&nbsp;<strong>Inscreva-se nos dois canais do GRANDE PR\u00caMIO no YouTube:&nbsp;<a href=\"https:\/\/www.youtube.com\/channel\/UC9OlHEgxoaY6QY6nWPoiqQg?sub_confirmation=1\" target=\"_blank\" rel=\"noreferrer noopener\">GP<\/a>&nbsp;|&nbsp;<a href=\"https:\/\/www.youtube.com\/channel\/UC9csiS6q_C3C0FYhyr1rnFA?sub_confirmation=1\" target=\"_blank\" rel=\"noreferrer noopener\">GP2<\/a><\/strong><\/p>\n\n\n\n<figure class=\"wp-block-embed is-type-video is-provider-youtube wp-block-embed-youtube wp-embed-aspect-16-9 wp-has-aspect-ratio\"><div class=\"wp-block-embed__wrapper\">\n<iframe loading=\"lazy\" title=\"ALPINE ESTA\u0301 PERDIDA E E\u0301 TIME MAIS SEM RUMO DA F1\" width=\"500\" height=\"281\" src=\"https:\/\/www.youtube.com\/embed\/QzeDXyP1MjA?feature=oembed\" frameborder=\"0\" allow=\"accelerometer; autoplay; clipboard-write; encrypted-media; gyroscope; picture-in-picture; web-share\" referrerpolicy=\"strict-origin-when-cross-origin\" allowfullscreen><\/iframe>\n<\/div><\/figure>\n","protected":false},"excerpt":{"rendered":"<p>Rob Smedley analisou que instabilidade na traseira da SF-25 e incompatibilidade com estilo de pilotagem atrapalham desempenho de Lewis Hamilton na Ferrari e garantiu n\u00e3o haver solu\u00e7\u00e3o f\u00e1cil<\/p>\n","protected":false},"author":0,"featured_media":1000961485,"comment_status":"closed","ping_status":"closed","sticky":false,"template":"","format":"standard","meta":{"42wp_featured_image_caption":"","42wp_featured_image_credits":"","42wp_featured_video":"","42wp_featured_image_hidden":false,"42wp_authors_list":[],"footnotes":""},"categories":[2],"tags":[26271,209,5273,147,3630,504,176,207,180,3628,1491,28285,30840,87,35129,42001],"42wp_author":[47164],"class_list":["post-22758","post","type-post","status-publish","format-standard","has-post-thumbnail","hentry","category-f1","tag-calendario-f1","tag-charles-leclerc","tag-classificacao-f1","tag-f1","tag-f1-2025","tag-felipe-massa","tag-fernando-alonso","tag-ferrari","tag-formula-1","tag-formula-1-2025","tag-grande-premio","tag-grandepremio","tag-horarios-f1","tag-lewis-hamilton","tag-onde-assistir-f1","tag-temporada-2025-f1","42wp_author-marcos-gil-ribeiro"],"_links":{"self":[{"href":"https:\/\/grandepremio.com\/br\/wp-json\/wp\/v2\/posts\/22758","targetHints":{"allow":["GET"]}}],"collection":[{"href":"https:\/\/grandepremio.com\/br\/wp-json\/wp\/v2\/posts"}],"about":[{"href":"https:\/\/grandepremio.com\/br\/wp-json\/wp\/v2\/types\/post"}],"replies":[{"embeddable":true,"href":"https:\/\/grandepremio.com\/br\/wp-json\/wp\/v2\/comments?post=22758"}],"version-history":[{"count":0,"href":"https:\/\/grandepremio.com\/br\/wp-json\/wp\/v2\/posts\/22758\/revisions"}],"wp:featuredmedia":[{"embeddable":true,"href":"https:\/\/grandepremio.com\/br\/wp-json\/wp\/v2\/media\/1000961485"}],"wp:attachment":[{"href":"https:\/\/grandepremio.com\/br\/wp-json\/wp\/v2\/media?parent=22758"}],"wp:term":[{"taxonomy":"category","embeddable":true,"href":"https:\/\/grandepremio.com\/br\/wp-json\/wp\/v2\/categories?post=22758"},{"taxonomy":"post_tag","embeddable":true,"href":"https:\/\/grandepremio.com\/br\/wp-json\/wp\/v2\/tags?post=22758"},{"taxonomy":"42wp_author","embeddable":true,"href":"https:\/\/grandepremio.com\/br\/wp-json\/wp\/v2\/42wp_author?post=22758"}],"curies":[{"name":"wp","href":"https:\/\/api.w.org\/{rel}","templated":true}]}}