{"id":22760,"date":"2025-05-14T09:57:54","date_gmt":"2025-05-14T12:57:54","guid":{"rendered":"https:\/\/grandepremio.com\/br\/noticias\/gp-da-inglaterra-movimento-inedito-adiciona-f4-britanica-programacao-f1\/"},"modified":"2025-05-18T06:23:04","modified_gmt":"2025-05-18T09:23:04","slug":"gp-da-inglaterra-movimento-inedito-adiciona-f4-britanica-programacao-f1","status":"publish","type":"post","link":"https:\/\/grandepremio.com\/br\/f1\/gp-da-inglaterra-movimento-inedito-adiciona-f4-britanica-programacao-f1\/","title":{"rendered":"GP da Inglaterra faz movimento in\u00e9dito e adiciona F4 Brit\u00e2nica \u00e0 programa\u00e7\u00e3o da F1"},"content":{"rendered":"\n<p class=\"wp-block-paragraph\">O fim de semana da <strong><a href=\"https:\/\/www.grandepremio.com\/br\/f1\/\" target=\"_blank\" rel=\"noreferrer noopener\">F\u00f3rmula 1<\/a><\/strong> no <strong>GP da Inglaterra<\/strong>, previsto para acontecer este ano entre os dias <strong>4 e 6 de julho<\/strong>, vai receber uma novidade e tanto na temporada 2025. Al\u00e9m do suporte de <strong>F2 <\/strong>e <strong>F3<\/strong>, a etapa vai receber tamb\u00e9m a <strong>F\u00f3rmula 4 Brit\u00e2nica<\/strong> ao longo do fim de semana, no que ser\u00e1 a primeira rodada da hist\u00f3ria com as quatro categorias correndo na mesma pista.<\/p>\n\n\n\n<p class=\"wp-block-paragraph\">A programa\u00e7\u00e3o da F4 Brit\u00e2nica prev\u00ea <strong>duas <\/strong>corridas no formato de <strong>25 minutos<\/strong> <strong>mais uma volta<\/strong>. A rodada vai se estender de sexta-feira (4) a domingo, mas n\u00e3o envolver\u00e1 pontos para o campeonato. <strong>Eve Lake-Grange<\/strong>, diretora da categoria j\u00fanior, celebrou a oportunidade que os pilotos ter\u00e3o de aparecer e absorver o ambiente competitivo da F1.<\/p>\n\n\n\n<p class=\"wp-block-paragraph\">&#8220;Nem preciso dizer que esse \u00e9 um momento hist\u00f3rico para todos os envolvidos na F4 Brit\u00e2nica&#8221;, disse. &#8220;Ter a oportunidade de competir como categoria de suporte da F1 no GP da Inglaterra \u00e9 algo que tentamos h\u00e1 muito tempo. Ent\u00e3o, estamos felizes por conseguir fazer isso acontecer. Temos orgulho de ser o primeiro degrau no caminho para a F1&#8221;, destacou.<\/p>\n\n\n\n<p class=\"wp-block-paragraph\">&#8220;Para nossos pilotos, ter a oportunidade de ver o potencial que est\u00e1 \u00e0 frente deles, no mesmo fim de semana em que estar\u00e3o competindo, ser\u00e1 tanto especial quanto inspirador. O n\u00edvel de interesse que tivemos para esse evento foi incr\u00edvel, e estamos nos organizando para anunciar um grid ultra competitivo. N\u00e3o h\u00e1 palco maior que a F1, e estamos incrivelmente animados por poder dar um show para as centenas de milhares de f\u00e3s que estar\u00e3o presentes em Silverstone&#8221;, finalizou.<\/p>\n\n\n\n<figure class=\"wp-block-image size-large\"><img decoding=\"async\" src=\"https:\/\/www.grandepremio.com\/br\/wp-content\/uploads\/2024\/07\/inglaterra-2024-f1-corrida-rb-yuki-tsunoda-01-1200x800.jpg\" alt=\"\" class=\"wp-image-838182\"\/><figcaption class=\"wp-element-caption\">F1 ter\u00e1 fim de semana bastante cheio no GP da Inglaterra (Foto: Red Bull Content Pool)<\/figcaption><\/figure>\n\n\n\n<p class=\"wp-block-paragraph\">Neste momento, a temporada 2025 da F4 Brit\u00e2nica j\u00e1 completou duas etapas: <strong>Donington Park<\/strong> e <strong>Silverstone<\/strong>. At\u00e9 o fim do campeonato, a categoria ainda passa por <strong>Snetterton<\/strong>, <strong>Thruxton<\/strong>, <strong>Oulton Park<\/strong>, <strong>Zandvoort<\/strong>, <strong>Knockhill<\/strong>, <strong>Donington Park<\/strong>, <strong>Silverstone <\/strong>novamente e <strong>Brands Hatch<\/strong> \u2014 al\u00e9m da corrida de exibi\u00e7\u00e3o no fim de semana da F1.<\/p>\n\n\n\n<p class=\"wp-block-paragraph\">Sem brasileiros no grid, a lideran\u00e7a na tabela \u00e9 de <strong>James Piszcyk<\/strong>, da <strong>Rodin<\/strong>, com <strong>79 <\/strong>pontos. <strong>Fionn McLaughlin <\/strong>aparece em segundo com a <strong>Hitech<\/strong>, seguido por <strong>August Raber<\/strong>, da <strong>Argenti Motorsport<\/strong>. <strong>Martin Moln\u00e1r<\/strong> e <strong>Thomas Bearman<\/strong> (irm\u00e3o de <strong>Ollie<\/strong>, piloto da <strong>Haas <\/strong>na F1) completam o top-5.<\/p>\n\n\n\n<p class=\"wp-block-paragraph\">A F\u00f3rmula 1 retorna de <strong>16 a 18 de maio<\/strong> para o <strong>GP da Em\u00edlia-Romanha<\/strong>, em <strong>\u00cdmola<\/strong>, o primeiro da temporada 2025 na Europa. Al\u00e9m da cobertura tradicional, o <strong>GRANDE PR\u00caMIO<\/strong> estar\u00e1 <strong>IN LOCO<\/strong> na <strong>It\u00e1lia <\/strong>para acompanhar todas as emo\u00e7\u00f5es da etapa.<\/p>\n\n\n\n<p class=\"wp-block-paragraph\">\u25b6\ufe0f&nbsp;<strong>Inscreva-se nos dois canais do GRANDE PR\u00caMIO no YouTube:&nbsp;<a href=\"https:\/\/www.youtube.com\/channel\/UC9OlHEgxoaY6QY6nWPoiqQg?sub_confirmation=1\" target=\"_blank\" rel=\"noreferrer noopener\">GP<\/a>&nbsp;|&nbsp;<a href=\"https:\/\/www.youtube.com\/channel\/UC9csiS6q_C3C0FYhyr1rnFA?sub_confirmation=1\" target=\"_blank\" rel=\"noreferrer noopener\">GP2<\/a><\/strong><\/p>\n\n\n\n<figure class=\"wp-block-embed is-type-video is-provider-youtube wp-block-embed-youtube wp-embed-aspect-16-9 wp-has-aspect-ratio\"><div class=\"wp-block-embed__wrapper\">\n<iframe loading=\"lazy\" title=\"F1 INICIA RODADA TRIPLA NA EUROPA COM PIASTRI RUMO AO T\u00cdTULO. E BORTOLETO? | Paddock GP #415\" width=\"500\" height=\"281\" src=\"https:\/\/www.youtube.com\/embed\/Yg3KaLEDLZA?feature=oembed\" frameborder=\"0\" allow=\"accelerometer; autoplay; clipboard-write; encrypted-media; gyroscope; picture-in-picture; web-share\" referrerpolicy=\"strict-origin-when-cross-origin\" allowfullscreen><\/iframe>\n<\/div><\/figure>\n","protected":false},"excerpt":{"rendered":"<p>Pela primeira vez na hist\u00f3ria, a F\u00f3rmula 1 vai dividir o fim de semana com F\u00f3rmula 2, F\u00f3rmula 3 e F\u00f3rmula 4 Brit\u00e2nica. A categoria confirmou presen\u00e7a no GP da Inglaterra, com corrida fora do campeonato que deve ter at\u00e9 parente de titular do grid<\/p>\n","protected":false},"author":0,"featured_media":1000967201,"comment_status":"closed","ping_status":"closed","sticky":false,"template":"","format":"standard","meta":{"42wp_featured_image_caption":"","42wp_featured_image_credits":"","42wp_featured_video":"","42wp_featured_image_hidden":false,"42wp_authors_list":[],"footnotes":""},"categories":[2],"tags":[3630,642,1505,1491,32667,3632],"42wp_author":[47142],"class_list":["post-22760","post","type-post","status-publish","format-standard","has-post-thumbnail","hentry","category-f1","tag-f1-2025","tag-f1-ao-vivo","tag-gp-da-inglaterra","tag-grande-premio","tag-grandepremio-f1","tag-silverstone","42wp_author-jp-nascimento"],"_links":{"self":[{"href":"https:\/\/grandepremio.com\/br\/wp-json\/wp\/v2\/posts\/22760","targetHints":{"allow":["GET"]}}],"collection":[{"href":"https:\/\/grandepremio.com\/br\/wp-json\/wp\/v2\/posts"}],"about":[{"href":"https:\/\/grandepremio.com\/br\/wp-json\/wp\/v2\/types\/post"}],"replies":[{"embeddable":true,"href":"https:\/\/grandepremio.com\/br\/wp-json\/wp\/v2\/comments?post=22760"}],"version-history":[{"count":0,"href":"https:\/\/grandepremio.com\/br\/wp-json\/wp\/v2\/posts\/22760\/revisions"}],"wp:featuredmedia":[{"embeddable":true,"href":"https:\/\/grandepremio.com\/br\/wp-json\/wp\/v2\/media\/1000967201"}],"wp:attachment":[{"href":"https:\/\/grandepremio.com\/br\/wp-json\/wp\/v2\/media?parent=22760"}],"wp:term":[{"taxonomy":"category","embeddable":true,"href":"https:\/\/grandepremio.com\/br\/wp-json\/wp\/v2\/categories?post=22760"},{"taxonomy":"post_tag","embeddable":true,"href":"https:\/\/grandepremio.com\/br\/wp-json\/wp\/v2\/tags?post=22760"},{"taxonomy":"42wp_author","embeddable":true,"href":"https:\/\/grandepremio.com\/br\/wp-json\/wp\/v2\/42wp_author?post=22760"}],"curies":[{"name":"wp","href":"https:\/\/api.w.org\/{rel}","templated":true}]}}