{"id":22779,"date":"2025-05-13T15:48:11","date_gmt":"2025-05-13T18:48:11","guid":{"rendered":"https:\/\/grandepremio.com\/br\/noticias\/mohammed-ben-sulayem-mira-mudanca-estatuto-fia-poder-concentrado-clausula-anti-carlos-sainz\/"},"modified":"2025-05-16T12:54:38","modified_gmt":"2025-05-16T15:54:38","slug":"mohammed-ben-sulayem-mira-mudanca-estatuto-fia-poder-concentrado-clausula-anti-carlos-sainz","status":"publish","type":"post","link":"https:\/\/grandepremio.com\/br\/f1\/mohammed-ben-sulayem-mira-mudanca-estatuto-fia-poder-concentrado-clausula-anti-carlos-sainz\/","title":{"rendered":"Ben Sulayem mira mudan\u00e7a no estatuto da FIA por poder concentrado e cl\u00e1usula anti-Sainz\u00a0"},"content":{"rendered":"\n<p class=\"wp-block-paragraph\"><strong>Mohammed Ben Sulayem, presidente da FIA,<\/strong> est\u00e1 propondo novas mudan\u00e7as no estatuto da Federa\u00e7\u00e3o para aumentar o pr\u00f3prio controle. Segundo reportagem da emissora inglesa BBC, a assembleia geral do \u00f3rg\u00e3o votar\u00e1, no m\u00eas que vem, a possibilidade de antecipar o prazo das candidaturas \u00e0s elei\u00e7\u00f5es presidenciais, que acontecem em dezembro, o que barraria a possibilidade de qualquer um concorrer contra Sulayem.<\/p>\n\n\n\n<p class=\"wp-block-paragraph\">A ideia \u00e9 que as candidaturas para a elei\u00e7\u00e3o sejam feitas 49 dias antes do pleito em vez de 29. o motivo \u00e9 que &#8220;o prazo atual d\u00e1 pouco tempo para checar a elegibilidade dos 11 candidatos de um time presidencial&#8221;, o que tamb\u00e9m implicaria em mais tempo de an\u00e1lise para barrar candidaturas. Atualmente, um time precisa ter tamb\u00e9m o presidente do senado, sete vices para todas as regi\u00f5es da FIA e vices para os setores de esporte e mobilidade.<\/p>\n\n\n\n<p class=\"wp-block-paragraph\">Entre outras pol\u00eamicas, tamb\u00e9m existe uma proposta que determina que &#8220;n\u00e3o deve haver nada no registro dos candidatos que concorrem \u00e0 elei\u00e7\u00e3o como membros da lista presidencial que coloque em d\u00favida sua integridade profissional&#8221;. A inten\u00e7\u00e3o do trecho \u00e9 colocar mais &#8220;consist\u00eancia&#8221; no estatuto para pr\u00f3ximos candidatos, j\u00e1 que o crit\u00e9rio de elegibilidade existe para outros \u00f3rg\u00e3os da FIA.<\/p>\n\n\n\n<p class=\"wp-block-paragraph\"><strong>\u25b6\ufe0f<\/strong>\u00a0<strong>Inscreva-se nos dois canais do GRANDE PR\u00caMIO no YouTube:\u00a0<a href=\"https:\/\/www.youtube.com\/channel\/UC9OlHEgxoaY6QY6nWPoiqQg?sub_confirmation=1\" target=\"_blank\" rel=\"noreferrer noopener\">GP<\/a>\u00a0|\u00a0<a href=\"https:\/\/www.youtube.com\/channel\/UC9csiS6q_C3C0FYhyr1rnFA?sub_confirmation=1\" target=\"_blank\" rel=\"noreferrer noopener\">GP2<\/a><\/strong><br><strong>LEIA MAIS:<a href=\"https:\/\/www.grandepremio.com\/br\/f1\/noticias\/carlos-sainz-ganha-forca-considera-desafiar-mohammed-ben-sulayem-eleicao-presidente-fia\/\"> Sainz ganha for\u00e7a e considera desafiar Ben Sulayem em elei\u00e7\u00e3o para presidente da FIA<\/a><\/strong><\/p>\n\n\n\n<figure class=\"wp-block-image size-large\"><img decoding=\"async\" src=\"https:\/\/www.grandepremio.com\/br\/wp-content\/uploads\/2024\/12\/Mohammed-Ben-Sulayem_3-1200x800.jpg\" alt=\"F1, F\u00d3RMULA 1, FIA, Presidente da FIA, Mohammed Ben Sulayem, AFP\" class=\"wp-image-912833\"\/><figcaption class=\"wp-element-caption\">Mohammed Ben Sulayem j\u00e1 tem um nome para assumir o cargo de vice-presidente de esporte da FIA (Foto: AFP)<\/figcaption><\/figure>\n\n\n\n<p class=\"wp-block-paragraph\">A tentativa de colocar um crit\u00e9rio de elegibilidade pode parecer direcionado ao piloto <strong>Carlos Sainz<\/strong>. O espanhol, lenda do rali, declarou o interesse em concorrer ao pleito. Ele \u00e9 pai de C<strong>arlos Sainz Jr, piloto da Williams na F\u00f3rmula 1<\/strong>, o que poderia configurar como conflito de interesse pelo comit\u00ea de \u00e9tica da FIA.<\/p>\n\n\n\n<p class=\"wp-block-paragraph\">Outra mudan\u00e7a proposta \u00e9 na nomea\u00e7\u00e3o dos membros do senado, \u00f3rg\u00e3o que controla a FIA junto do presidente. Atualmente, \u00e9 composto por 16 membros sendo 12 deles definidos nos estatutos como representantes do presidente, seu time e membros dos conselhos mundiais de esporte de mobilidade\/turismo.<\/p>\n\n\n\n<p class=\"wp-block-paragraph\">Os \u00faltimos 4 senadores s\u00e3o nomeados pelo pr\u00f3prio Sulayem e confirmados pelos outros 12 membros do senado. A ideia do presidente \u00e9 de nomear todos sem supervis\u00e3o dos demais, com a inten\u00e7\u00e3o de &#8220;maior flexibilidade na obten\u00e7\u00e3o da expertise necess\u00e1ria para os diversos t\u00f3picos que o senado aborda e que podem exigir uma decis\u00e3o urgente&#8221;.<\/p>\n\n\n\n<p class=\"wp-block-paragraph\">Por\u00e9m, os estatutos da FIA j\u00e1 cont\u00eam o artigo 18.4, que parece abranger a quest\u00e3o. Ele permite que o senado &#8220;convide outros membros para participar do estudo de quest\u00f5es espec\u00edficas&#8221;.<\/p>\n\n\n\n<p class=\"wp-block-paragraph\">O Conselho Mundial do Esporte a Motor tamb\u00e9m corre risco de passar por mudan\u00e7as. As regras atuais determinam que 21 dos 28 membros devem ser de nacionalidades diferentes. Sulayem prop\u00f5e que haja &#8220;no m\u00e1ximo dois membros da mesma nacionalidade entre os sete vice-presidentes e os 14 membros eleitos&#8221;, o que tamb\u00e9m pode dar mais autonomia a Mohammed para escolher pessoas que deseja ao Conselho.<\/p>\n\n\n\n<p class=\"wp-block-paragraph\">A pr\u00f3xima elei\u00e7\u00e3o presidencial da FIA est\u00e1 marcada para acontecer no dia 12 de dezembro durante a assembleia geral da Federa\u00e7\u00e3o, que acontece no Uzbequist\u00e3o. Sulayem \u00e9 presidente desde 2022.<\/p>\n","protected":false},"excerpt":{"rendered":"<p>Presidente da FIA, Mohammed Ben Sulayem quer antecipar prazo de inscri\u00e7\u00f5es de candidaturas para elei\u00e7\u00f5es da Federa\u00e7\u00e3o e criar crit\u00e9rio de elegibilidade para barrar Carlos Sainz<\/p>\n","protected":false},"author":0,"featured_media":1000912836,"comment_status":"closed","ping_status":"closed","sticky":false,"template":"","format":"standard","meta":{"42wp_featured_image_caption":"","42wp_featured_image_credits":"","42wp_featured_video":"","42wp_featured_image_hidden":false,"42wp_authors_list":[],"footnotes":""},"categories":[2],"tags":[26271,546,5273,147,3630,103,180,3628,1491,28285,30840,30344,35129,42001],"42wp_author":[47119],"class_list":["post-22779","post","type-post","status-publish","format-standard","has-post-thumbnail","hentry","category-f1","tag-calendario-f1","tag-carlos-sainz","tag-classificacao-f1","tag-f1","tag-f1-2025","tag-fia","tag-formula-1","tag-formula-1-2025","tag-grande-premio","tag-grandepremio","tag-horarios-f1","tag-mohammed-ben-sulayem","tag-onde-assistir-f1","tag-temporada-2025-f1","42wp_author-gabriel-carvalho"],"_links":{"self":[{"href":"https:\/\/grandepremio.com\/br\/wp-json\/wp\/v2\/posts\/22779","targetHints":{"allow":["GET"]}}],"collection":[{"href":"https:\/\/grandepremio.com\/br\/wp-json\/wp\/v2\/posts"}],"about":[{"href":"https:\/\/grandepremio.com\/br\/wp-json\/wp\/v2\/types\/post"}],"replies":[{"embeddable":true,"href":"https:\/\/grandepremio.com\/br\/wp-json\/wp\/v2\/comments?post=22779"}],"version-history":[{"count":0,"href":"https:\/\/grandepremio.com\/br\/wp-json\/wp\/v2\/posts\/22779\/revisions"}],"wp:featuredmedia":[{"embeddable":true,"href":"https:\/\/grandepremio.com\/br\/wp-json\/wp\/v2\/media\/1000912836"}],"wp:attachment":[{"href":"https:\/\/grandepremio.com\/br\/wp-json\/wp\/v2\/media?parent=22779"}],"wp:term":[{"taxonomy":"category","embeddable":true,"href":"https:\/\/grandepremio.com\/br\/wp-json\/wp\/v2\/categories?post=22779"},{"taxonomy":"post_tag","embeddable":true,"href":"https:\/\/grandepremio.com\/br\/wp-json\/wp\/v2\/tags?post=22779"},{"taxonomy":"42wp_author","embeddable":true,"href":"https:\/\/grandepremio.com\/br\/wp-json\/wp\/v2\/42wp_author?post=22779"}],"curies":[{"name":"wp","href":"https:\/\/api.w.org\/{rel}","templated":true}]}}