{"id":22800,"date":"2025-05-13T08:37:08","date_gmt":"2025-05-13T11:37:08","guid":{"rendered":"https:\/\/grandepremio.com\/br\/noticias\/red-bull-explora-forma-copiar-sistema-inteligente-freios-mclaren\/"},"modified":"2025-05-13T11:37:05","modified_gmt":"2025-05-13T14:37:05","slug":"red-bull-explora-forma-copiar-sistema-inteligente-freios-mclaren","status":"publish","type":"post","link":"https:\/\/grandepremio.com\/br\/f1\/red-bull-explora-forma-copiar-sistema-inteligente-freios-mclaren\/","title":{"rendered":"Red Bull se rende e j\u00e1 explora forma de copiar sistema inteligente de freios da McLaren"},"content":{"rendered":"\n<p class=\"wp-block-paragraph\">J\u00e1 diz o ditado, &#8216;se n\u00e3o se pode venc\u00ea-los, junte-se a eles&#8217;, e como a tentativa de achar irregularidades no <a href=\"https:\/\/www.grandepremio.com\/br\/f1\/noticias\/freios-quentes-pneus-resfriados-pulo-gato-fez-mclaren-deslanchar-f1-2025\/\">sistema de freios <\/a>da <strong>McLaren <\/strong>n\u00e3o deu certo, a <strong>Red Bull<\/strong> j\u00e1 explora maneiras de copiar o design inteligente que ajuda a controlar a temperatura dos pneus. O gerenciamento da borracha tem sido o grande diferencial dos carros de<strong> Oscar Piastri<\/strong> e <strong>Lando Norris <\/strong>na <strong>temporada 2025<\/strong> da <strong>F\u00f3rmula 1<\/strong>.<\/p>\n\n\n\n<p class=\"wp-block-paragraph\">A informa\u00e7\u00e3o \u00e9 do portal neerland\u00eas <em>RacingNews365 <\/em>desta ter\u00e7a-feira (13). De acordo com a publica\u00e7\u00e3o, a Red Bull trabalha em atualiza\u00e7\u00f5es que ser\u00e3o implementadas no <strong>RB21 <\/strong>ao longo das pr\u00f3ximas corridas, por\u00e9m com \u00eanfase maior no freio traseiro.<\/p>\n\n\n\n<p class=\"wp-block-paragraph\">O sistema do MCL39 ficou em evid\u00eancia principalmente depois do <strong>GP de Miami<\/strong>, realizado h\u00e1 duas semanas. Mesmo com o forte calor, o carro papaia n\u00e3o sofreu com alto desgaste ou mesmo superaquecimento de pneus, ao contr\u00e1rio da pr\u00f3pria Red Bull. <strong>Max Verstappen<\/strong>, por exemplo, at\u00e9 largou na pole, mas n\u00e3o teve ritmo de corrida para nem sequer terminar no p\u00f3dio.<\/p>\n\n\n\n<p class=\"wp-block-paragraph\">A imprensa italiana, ent\u00e3o, revelou que os taurinos procuraram t\u00e9cnicos da <strong>Federa\u00e7\u00e3o Internacional de Automobilismo<\/strong> (<strong>FIA<\/strong>) munidos de imagens t\u00e9rmicas dos freios da McLaren, com \u00e1reas em azul em destaque em contraste com o amarelo e vermelho que indicam as partes quentes. A entidade at\u00e9 realizou uma fiscaliza\u00e7\u00e3o mais detalhada, informou o portal<em> The Race<\/em>, mas n\u00e3o achou nenhuma irregularidade.<\/p>\n\n\n\n<figure class=\"wp-block-image size-large\"><img decoding=\"async\" src=\"https:\/\/www.grandepremio.com\/br\/wp-content\/uploads\/2025\/05\/miami-2025-f1-corrida-mclaren-oscar-piastri-afp-04-1200x800.jpg\" alt=\"\" class=\"wp-image-963704\"\/><figcaption class=\"wp-element-caption\">Oscar Piastri venceu GP de Miami (Foto: AFP) <\/figcaption><\/figure>\n\n\n\n<p class=\"wp-block-paragraph\"><strong>\u25b6\ufe0f<\/strong> <strong>Inscreva-se nos dois canais do GRANDE PR\u00caMIO no YouTube:\u00a0<a href=\"https:\/\/www.youtube.com\/channel\/UC9OlHEgxoaY6QY6nWPoiqQg?sub_confirmation=1\" target=\"_blank\" rel=\"noreferrer noopener\">GP<\/a>\u00a0|\u00a0<a href=\"https:\/\/www.youtube.com\/channel\/UC9csiS6q_C3C0FYhyr1rnFA?sub_confirmation=1\" target=\"_blank\" rel=\"noreferrer noopener\">GP2<\/a><\/strong><\/p>\n\n\n\n<p class=\"wp-block-paragraph\">O portal da revista alem\u00e3<em> Auto Motor und Sport<\/em> publicou reportagem detalhando o pulo do gato do MCL39. O sistema inteligente permite a circula\u00e7\u00e3o de ar nos tambores de ventila\u00e7\u00e3o do freio, de modo que eles permanecem quentes, mas os pneus resfriados, sem perderem calor ou superaquecerem. <\/p>\n\n\n\n<p class=\"wp-block-paragraph\">O curioso \u00e9 que o respons\u00e1vel pela cria\u00e7\u00e3o \u00e9 uma figura muito conhecida em<strong>\u00a0Milton Keynes<\/strong>: o projetista-chefe<strong>\u00a0Rob Marshall<\/strong>, ex-diretor de engenharia da Red Bull. Vale destacar que o regulamento n\u00e3o permite a instala\u00e7\u00e3o de elementos espec\u00edficos para o resfriamento, mas n\u00e3o h\u00e1 restri\u00e7\u00f5es quanto aos materiais utilizados, e fontes indicam que \u00e9 a\u00ed que reside o segredo. Marshall, na verdade, carregou o conceito durante todo o tempo em que esteve na Red Bull (17 anos), mas s\u00f3 agora teve a chance de coloc\u00e1-lo para funcionar, diz o texto da <em>AMuS<\/em>.<\/p>\n\n\n\n<p class=\"wp-block-paragraph\">Engenheiro-chefe da Red Bull,<strong> Paul Monaghan<\/strong> afirmou em coletiva de imprensa, no entanto, que n\u00e3o h\u00e1 solu\u00e7\u00e3o \u00e0 la &#8220;Harry Porter&#8221;. &#8220;Se o carro escorrega e derrapa, os pneus traseiros provavelmente v\u00e3o esquentar demais. Mas fizemos alguns avan\u00e7os, que n\u00e3o ser\u00e3o vistos, mas s\u00e3o incrementais.&#8221;<\/p>\n\n\n\n<p class=\"wp-block-paragraph\">&#8220;N\u00e3o \u00e9 hora de Harry Potter, n\u00e3o \u00e9 sobre acenar a varinha m\u00e1gica e, de repente, estarmos longe e desaparecermos, \u00e9 uma engenharia diligente, minuciosa com pessoas inteligentes, e vamos nos empenhar nisso&#8221;, salientou.<\/p>\n\n\n\n<p class=\"wp-block-paragraph\">&#8220;Somos livres para fazer o que quisermos, quando pudermos. Temos um n\u00famero de funcion\u00e1rios, um or\u00e7amento, e todas essas coisas nos limitam, mas o objetivo \u00e9 construir o melhor carro que pudermos e continuar a aprimor\u00e1-lo. \u00c9 o que todos far\u00e3o, a quest\u00e3o \u00e9 se conseguiremos fazer isso r\u00e1pido o suficiente para nos recuperarmos e ultrapassarmos qualquer um que esteja \u00e0 nossa frente&#8221;, encerrou Monaghan.<\/p>\n\n\n\n<p class=\"wp-block-paragraph\">A\u00a0<a href=\"https:\/\/www.grandepremio.com\/br\/f1\/\" target=\"_blank\" rel=\"noreferrer noopener\">F\u00f3rmula 1<\/a>\u00a0retorna de 16 a 18 de maio para o\u00a0<strong>GP da Em\u00edlia-<a href=\"https:\/\/www.grandepremio.com\/br\/circuito\/roma\/\" target=\"_blank\" rel=\"noreferrer noopener\">Roma<\/a>nha<\/strong>, em\u00a0<strong><a href=\"https:\/\/www.grandepremio.com\/br\/circuito\/399739\/\" target=\"_blank\" rel=\"noreferrer noopener\">\u00cdmola<\/a><\/strong>, o primeiro da temporada 2025 na\u00a0<strong>Europa<\/strong>. Al\u00e9m da cobertura tradicional, o\u00a0<strong>GRANDE PR\u00caMIO<\/strong>\u00a0estar\u00e1\u00a0<strong>IN LOCO<\/strong>\u00a0na\u00a0<strong>It\u00e1lia\u00a0<\/strong>para acompanhar todas as emo\u00e7\u00f5es da etapa.<\/p>\n\n\n\n<p class=\"wp-block-paragraph\"><strong>ESPECIAL 75 ANOS DA F\u00d3RMULA 1<br>\u25b6\ufe0f <a href=\"https:\/\/www.grandepremio.com\/br\/galeria\/f1\/dominio-alfa-romeo-giuseppe-farina-campeao-temporada-inaugural-f1-1950\/\">Dom\u00ednio da Alfa Romeo e Farina campe\u00e3o: como foi temporada inaugural da F1 em 1950<\/a><br><a href=\"https:\/\/www.grandepremio.com\/br\/f1\/noticias\/do-mundo-em-reconstrucao-aos-herois-das-pistas-f1-completa-75-anos-paddockast-192\/\">\u25b6\ufe0f<\/a> <a href=\"https:\/\/www.grandepremio.com\/br\/f1\/noticias\/do-mundo-em-reconstrucao-aos-herois-das-pistas-f1-completa-75-anos-paddockast-192\/\">Do mundo em reconstru\u00e7\u00e3o aos her\u00f3is das pistas: F1 completa 75 anos| Paddockast #192<\/a><br><a href=\"https:\/\/www.grandepremio.com\/br\/grandepremium\/10\/f1\/materias\/personagens-ilustres-indy-500-calendario-10-curiosidades-temporada-1950-f1\/\">\u25b6\ufe0f<\/a> <a href=\"https:\/\/www.grandepremio.com\/br\/grandepremium\/10\/f1\/materias\/personagens-ilustres-indy-500-calendario-10-curiosidades-temporada-1950-f1\/\">Personagens ilustres e Indy 500 no calend\u00e1rio: 10 curiosidades da temporada 1950 da F1<\/a><br>\u25b6\ufe0f <a href=\"https:\/\/www.grandepremio.com\/br\/galeria\/f1\/dominio-alfa-romeo-giuseppe-farina-campeao-temporada-inaugural-f1-1950\/\">Dom\u00ednio da Alfa Romeo e Farina campe\u00e3o: como foi temporada inaugural da F1 em 1950<\/a><br><a href=\"https:\/\/www.grandepremio.com\/br\/web-stories\/f1\/f1-75-anos-o-gp-da-inglaterra-de-1950\/\">\u25b6\ufe0f<\/a> <a href=\"https:\/\/www.grandepremio.com\/br\/web-stories\/f1\/f1-75-anos-o-gp-da-inglaterra-de-1950\/\">F1 75 anos: o GP da Inglaterra de 1950<\/a><\/strong><br><\/p>\n\n\n\n<figure class=\"wp-block-embed is-type-rich is-provider-spotify wp-block-embed-spotify wp-embed-aspect-21-9 wp-has-aspect-ratio\"><div class=\"wp-block-embed__wrapper\">\n<iframe title=\"Spotify Embed: DO MUNDO EM RECONSTRU\u00c7\u00c3O AOS HER\u00d3IS DAS PISTAS: F1 COMPLETA 75 ANOS | PADDOCKAST #192\" style=\"border-radius: 12px\" width=\"100%\" height=\"152\" frameborder=\"0\" allowfullscreen allow=\"autoplay; clipboard-write; encrypted-media; fullscreen; picture-in-picture\" loading=\"lazy\" src=\"https:\/\/open.spotify.com\/embed\/episode\/3yVmK1QAV9F9wnVDSZfngH?si=5V3ggs3mQcuIa8OBwKJBGw&amp;utm_source=oembed\"><\/iframe>\n<\/div><\/figure>\n","protected":false},"excerpt":{"rendered":"<p>A Red Bull at\u00e9 tentou pegar alguma irregularidade no sistema de freios da McLaren que permite manter os pneus na janela ideal de temperatura, mas como n\u00e3o conseguiu, j\u00e1 busca um jeito de copi\u00e1-lo<\/p>\n","protected":false},"author":0,"featured_media":1000962991,"comment_status":"closed","ping_status":"closed","sticky":false,"template":"","format":"standard","meta":{"42wp_featured_image_caption":"","42wp_featured_image_credits":"","42wp_featured_video":"","42wp_featured_image_hidden":false,"42wp_authors_list":[],"footnotes":""},"categories":[2],"tags":[26271,5273,26134,147,3630,180,3628,25606,43617,1491,28285,30840,5386,43616,33974,90,35129,204,24737,42001],"42wp_author":[47147],"class_list":["post-22800","post","type-post","status-publish","format-standard","has-post-thumbnail","hentry","category-f1","tag-calendario-f1","tag-classificacao-f1","tag-emilia-romanha","tag-f1","tag-f1-2025","tag-formula-1","tag-formula-1-2025","tag-gp-da-emilia-romanha","tag-gp-da-emilia-romanha-f1","tag-grande-premio","tag-grandepremio","tag-horarios-f1","tag-imola","tag-imola-2025","tag-imola-f1","tag-mclaren","tag-onde-assistir-f1","tag-red-bull","tag-rob-marshall","tag-temporada-2025-f1","42wp_author-luana-marino"],"_links":{"self":[{"href":"https:\/\/grandepremio.com\/br\/wp-json\/wp\/v2\/posts\/22800","targetHints":{"allow":["GET"]}}],"collection":[{"href":"https:\/\/grandepremio.com\/br\/wp-json\/wp\/v2\/posts"}],"about":[{"href":"https:\/\/grandepremio.com\/br\/wp-json\/wp\/v2\/types\/post"}],"replies":[{"embeddable":true,"href":"https:\/\/grandepremio.com\/br\/wp-json\/wp\/v2\/comments?post=22800"}],"version-history":[{"count":0,"href":"https:\/\/grandepremio.com\/br\/wp-json\/wp\/v2\/posts\/22800\/revisions"}],"wp:featuredmedia":[{"embeddable":true,"href":"https:\/\/grandepremio.com\/br\/wp-json\/wp\/v2\/media\/1000962991"}],"wp:attachment":[{"href":"https:\/\/grandepremio.com\/br\/wp-json\/wp\/v2\/media?parent=22800"}],"wp:term":[{"taxonomy":"category","embeddable":true,"href":"https:\/\/grandepremio.com\/br\/wp-json\/wp\/v2\/categories?post=22800"},{"taxonomy":"post_tag","embeddable":true,"href":"https:\/\/grandepremio.com\/br\/wp-json\/wp\/v2\/tags?post=22800"},{"taxonomy":"42wp_author","embeddable":true,"href":"https:\/\/grandepremio.com\/br\/wp-json\/wp\/v2\/42wp_author?post=22800"}],"curies":[{"name":"wp","href":"https:\/\/api.w.org\/{rel}","templated":true}]}}