{"id":22839,"date":"2025-05-12T09:13:54","date_gmt":"2025-05-12T12:13:54","guid":{"rendered":"https:\/\/grandepremio.com\/br\/noticias\/lewis-hamilton-alivia-criticas-ferrari-diz-carro-realmente-tem-desempenho\/"},"modified":"2025-05-12T11:02:05","modified_gmt":"2025-05-12T14:02:05","slug":"lewis-hamilton-alivia-criticas-ferrari-diz-carro-realmente-tem-desempenho","status":"publish","type":"post","link":"https:\/\/grandepremio.com\/br\/f1\/lewis-hamilton-alivia-criticas-ferrari-diz-carro-realmente-tem-desempenho\/","title":{"rendered":"Hamilton alivia cr\u00edticas sobre Ferrari e diz que &#8220;carro realmente tem desempenho&#8221;"},"content":{"rendered":"\n<p class=\"wp-block-paragraph\"><strong>Lewis Hamilton<\/strong> aliviou um pouco as cr\u00edticas sobre a <strong>Ferrari<\/strong> apesar da natural frustra\u00e7\u00e3o por todo o enredo do<strong> GP de Miami<\/strong>, o \u00faltimo realizado na <strong>temporada 2025 <\/strong>da<strong> F\u00f3rmula 1<\/strong>. O heptacampe\u00e3o afirmou que mesmo com os atuais problemas de performance, acredita que h\u00e1 mais por vir na <strong>SF-25<\/strong>, portanto est\u00e1 &#8220;otimista para o futuro&#8221;.<\/p>\n\n\n\n<p class=\"wp-block-paragraph\">Hamilton teve raz\u00e3o em questionar a gest\u00e3o de corrida da Ferrari, sobretudo pelo bate-cabe\u00e7a na hora em que tinha pneus em condi\u00e7\u00f5es muito melhores que os de <strong>Charles Leclerc<\/strong>, mas se viu preso atr\u00e1s do companheiro de equipe. A demora da Ferrari em ordenar a troca de posi\u00e7\u00f5es prejudicou a estrat\u00e9gia de Lewis.<\/p>\n\n\n\n<p class=\"wp-block-paragraph\">Para completar, ele ainda tem encontrado dificuldades com a SF-25, principalmente em classifica\u00e7\u00f5es. Mesmo assim, tem certeza de que \u00e9 um carro que tem potencial para lutar por muito mais.<\/p>\n\n\n\n<p class=\"wp-block-paragraph\">&#8220;Foi um bom dia, no geral&#8221;, disse depois da corrida norte-americana. &#8220;N\u00e3o parece o caso com o oitavo lugar, mas estou otimista para o futuro&#8221;, salientou.<\/p>\n\n\n\n<figure class=\"wp-block-image size-large\"><img decoding=\"async\" src=\"https:\/\/www.grandepremio.com\/br\/wp-content\/uploads\/2025\/05\/miami-2025-f1-quinta-feira-ferrari-lewis-Hamilton-afp-03-1-1200x800.jpg\" alt=\"\" class=\"wp-image-961485\"\/><figcaption class=\"wp-element-caption\">Hamilton acredita que a SF-25 tem, sim, potencial para mais na F1 (Foto: AFP)<\/figcaption><\/figure>\n\n\n\n<p class=\"wp-block-paragraph\">&#8220;Acho que este carro realmente tem desempenho. Mas tem alguma coisa nos segurando no momento. Perdemos performance desde a China [segunda etapa]. Est\u00e1 l\u00e1, s\u00f3 que n\u00e3o temos como us\u00e1-la. At\u00e9 conseguirmos uma solu\u00e7\u00e3o, este \u00e9 o nosso lugar. Mas, enquanto isso, podemos trabalhar em todas as outras coisas&#8221;, acrescentou.<\/p>\n\n\n\n<p class=\"wp-block-paragraph\">\u201cAinda \u00e9 uma semana dif\u00edcil para n\u00f3s, mas estamos em uma posi\u00e7\u00e3o melhor, ent\u00e3o claramente n\u00e3o estamos t\u00e3o r\u00e1pidos quanto poder\u00edamos ser&#8221;, encerrou Hamilton.<\/p>\n\n\n\n<p class=\"wp-block-paragraph\">A\u00a0<a href=\"https:\/\/www.grandepremio.com\/br\/f1\/\" target=\"_blank\" rel=\"noreferrer noopener\"><\/a><a href=\"https:\/\/www.grandepremio.com\/br\/f1\/\" target=\"_blank\" rel=\"noreferrer noopener\">F\u00f3rmula 1<\/a>\u00a0retorna de 16 a 18 de maio para o\u00a0<strong>GP da Em\u00edlia-Romanha<\/strong>, em\u00a0<a href=\"https:\/\/www.grandepremio.com\/br\/circuito\/399739\/\" target=\"_blank\" rel=\"noreferrer noopener\">\u00cdmola<\/a>, o primeiro da temporada 2025 na Europa.<\/p>\n\n\n\n<p class=\"wp-block-paragraph\"><strong>\u25b6\ufe0f<\/strong> <strong>Inscreva-se nos dois canais do GRANDE PR\u00caMIO no YouTube:\u00a0<a href=\"https:\/\/www.youtube.com\/channel\/UC9OlHEgxoaY6QY6nWPoiqQg?sub_confirmation=1\" target=\"_blank\" rel=\"noreferrer noopener\">GP<\/a>\u00a0|\u00a0<a href=\"https:\/\/www.youtube.com\/channel\/UC9csiS6q_C3C0FYhyr1rnFA?sub_confirmation=1\" target=\"_blank\" rel=\"noreferrer noopener\">GP2<\/a><\/strong><br>\u25b6\ufe0f <strong>LEIA TAMB\u00c9M:\u00a0<a href=\"https:\/\/www.grandepremio.com\/br\/f1\/noticias\/max-verstappen-1-gabriel-bortoleto-z4-ea-sports-anuncia-ranking-pilotos-jogo-f1\/\">Verstappen #1 e Bortoleto no Z4: O ranking dos pilotos no jogo da F1<\/a><\/strong><\/p>\n\n\n\n<figure class=\"wp-block-embed is-type-video is-provider-youtube wp-block-embed-youtube wp-embed-aspect-16-9 wp-has-aspect-ratio\"><div class=\"wp-block-embed__wrapper\">\n<iframe loading=\"lazy\" title=\"PIASTRI \u00c9 FAVORITO CLARO, MAS F1 2025 PODE GANHAR &amp;apos;PARTE 2&amp;apos; NA EUROPA\" width=\"500\" height=\"281\" src=\"https:\/\/www.youtube.com\/embed\/uYpK36eQa3A?feature=oembed\" frameborder=\"0\" allow=\"accelerometer; autoplay; clipboard-write; encrypted-media; gyroscope; picture-in-picture; web-share\" referrerpolicy=\"strict-origin-when-cross-origin\" allowfullscreen><\/iframe>\n<\/div><\/figure>\n","protected":false},"excerpt":{"rendered":"<p>Lewis Hamilton afirmou que h\u00e1 algo bloqueando a performance da SF-25 na temporada, mas est\u00e1 confiante de que as coisas v\u00e3o melhorar ao longo do ano<\/p>\n","protected":false},"author":0,"featured_media":1000963731,"comment_status":"closed","ping_status":"closed","sticky":false,"template":"","format":"standard","meta":{"42wp_featured_image_caption":"","42wp_featured_image_credits":"","42wp_featured_video":"","42wp_featured_image_hidden":false,"42wp_authors_list":[],"footnotes":""},"categories":[2],"tags":[26271,5273,26134,147,3630,207,180,3628,25606,43617,1491,28285,30840,5386,43616,33974,87,35129,42001],"42wp_author":[47147],"class_list":["post-22839","post","type-post","status-publish","format-standard","has-post-thumbnail","hentry","category-f1","tag-calendario-f1","tag-classificacao-f1","tag-emilia-romanha","tag-f1","tag-f1-2025","tag-ferrari","tag-formula-1","tag-formula-1-2025","tag-gp-da-emilia-romanha","tag-gp-da-emilia-romanha-f1","tag-grande-premio","tag-grandepremio","tag-horarios-f1","tag-imola","tag-imola-2025","tag-imola-f1","tag-lewis-hamilton","tag-onde-assistir-f1","tag-temporada-2025-f1","42wp_author-luana-marino"],"_links":{"self":[{"href":"https:\/\/grandepremio.com\/br\/wp-json\/wp\/v2\/posts\/22839","targetHints":{"allow":["GET"]}}],"collection":[{"href":"https:\/\/grandepremio.com\/br\/wp-json\/wp\/v2\/posts"}],"about":[{"href":"https:\/\/grandepremio.com\/br\/wp-json\/wp\/v2\/types\/post"}],"replies":[{"embeddable":true,"href":"https:\/\/grandepremio.com\/br\/wp-json\/wp\/v2\/comments?post=22839"}],"version-history":[{"count":0,"href":"https:\/\/grandepremio.com\/br\/wp-json\/wp\/v2\/posts\/22839\/revisions"}],"wp:featuredmedia":[{"embeddable":true,"href":"https:\/\/grandepremio.com\/br\/wp-json\/wp\/v2\/media\/1000963731"}],"wp:attachment":[{"href":"https:\/\/grandepremio.com\/br\/wp-json\/wp\/v2\/media?parent=22839"}],"wp:term":[{"taxonomy":"category","embeddable":true,"href":"https:\/\/grandepremio.com\/br\/wp-json\/wp\/v2\/categories?post=22839"},{"taxonomy":"post_tag","embeddable":true,"href":"https:\/\/grandepremio.com\/br\/wp-json\/wp\/v2\/tags?post=22839"},{"taxonomy":"42wp_author","embeddable":true,"href":"https:\/\/grandepremio.com\/br\/wp-json\/wp\/v2\/42wp_author?post=22839"}],"curies":[{"name":"wp","href":"https:\/\/api.w.org\/{rel}","templated":true}]}}