{"id":22942,"date":"2025-05-09T11:00:00","date_gmt":"2025-05-09T14:00:00","guid":{"rendered":"https:\/\/grandepremio.com\/br\/noticias\/alex-palou-compara-andrea-kimi-antonelli-rejeita-formula-1-de-vez-estou-ficando-velho\/"},"modified":"2025-05-09T19:35:37","modified_gmt":"2025-05-09T22:35:37","slug":"alex-palou-compara-andrea-kimi-antonelli-rejeita-formula-1-de-vez-estou-ficando-velho","status":"publish","type":"post","link":"https:\/\/grandepremio.com\/br\/indy\/alex-palou-compara-andrea-kimi-antonelli-rejeita-formula-1-de-vez-estou-ficando-velho\/","title":{"rendered":"Palou se compara com Antonelli e rejeita F\u00f3rmula 1 de vez: &#8220;Estou ficando velho&#8221;"},"content":{"rendered":"\n<p class=\"wp-block-paragraph\">Tricampe\u00e3o da <strong>Indy<\/strong> e j\u00e1 pavimentando com tr\u00eas vit\u00f3rias em quatro etapas o t\u00edtulo na <strong>temporada 2025<\/strong>, <strong>\u00c1lex Palou<\/strong> voltou a ser questionado sobre um poss\u00edvel mudan\u00e7a para a <strong>F\u00f3rmula 1<\/strong>. Assim como tem se portado nas \u00faltimas entrevistas, o espanhol afastou a possibilidade e se comparou a <strong>Andrea Kimi Antonelli<\/strong>, refor\u00e7o da <strong>Mercedes<\/strong> neste ano.<\/p>\n\n\n\n<p class=\"wp-block-paragraph\">O nome de Palou j\u00e1 foi mais corrente dentro do paddock da <strong>F1<\/strong>, onde chegou a ser reserva da <strong>McLaren<\/strong>, mas rompeu com o time para continuar como titular da <strong>Ganassi<\/strong> \u2014 como parte do contrato com o time de <strong>Woking<\/strong>, o tricampe\u00e3o teria de se mudar na Indy tamb\u00e9m \u00e0 partir de 2024, o que foi rejeitado pelo espanhol.<\/p>\n\n\n\n<p class=\"wp-block-paragraph\">Palou agora surge como um poss\u00edvel prospecto da <strong>Cadillac<\/strong>, que estrear\u00e1 na F1 em 2026, mas o projeto n\u00e3o parece seduzir o espanhol, que ter\u00e1 29 anos na pr\u00f3xima temporada. Para o piloto da Ganassi, a idade interfere nessa mudan\u00e7a, afinal, precisaria de tempo para se adaptar, ganhar espa\u00e7o e buscar um lugar competitivo para, um dia, poder disputar vit\u00f3rias e at\u00e9 o t\u00edtulo. Por isso, prega foco na Indy.<\/p>\n\n\n\n<p class=\"wp-block-paragraph\">\u25b6\ufe0f\u00a0<strong>Inscreva-se nos dois canais do GRANDE PR\u00caMIO no YouTube:\u00a0<a href=\"https:\/\/www.youtube.com\/channel\/UC9OlHEgxoaY6QY6nWPoiqQg?sub_confirmation=1\" target=\"_blank\" rel=\"noreferrer noopener\">GP<\/a>\u00a0|\u00a0<a href=\"https:\/\/www.youtube.com\/channel\/UC9csiS6q_C3C0FYhyr1rnFA?sub_confirmation=1\" target=\"_blank\" rel=\"noreferrer noopener\">GP2<\/a><\/strong><br><strong>LEIA MAIS: <a href=\"https:\/\/www.grandepremio.com\/br\/indy\/noticias\/indy-incrementa-cobertura-eua-anuncia-documentario-bastidores-indy-500\/\">Indy incrementa cobertura nos EUA e anuncia document\u00e1rio com bastidores da Indy 500<\/a><\/strong><\/p>\n\n\n\n<figure class=\"wp-block-image size-large\"><img decoding=\"async\" src=\"https:\/\/www.grandepremio.com\/br\/wp-content\/uploads\/2025\/03\/Alex-Palou-The-Thermal-Club-INDYCAR-Grand-Prix-By_-Paul-Hurley_Large-Image-Without-Watermark_m124004-1200x800.jpg\" alt=\"\" class=\"wp-image-943856\"\/><figcaption class=\"wp-element-caption\">\u00c1lex Palou (Foto: Indycar)<\/figcaption><\/figure>\n\n\n\n<p class=\"wp-block-paragraph\">&#8220;Estou ficando velho para a F\u00f3rmula 1. N\u00e3o \u00e9 a mesma coisa ser novato com 29 anos e ser como o Antonelli que tem 18 e meio e \u00e9 novato&#8221;, comentou Palou ao podcast de Conor Daly, tamb\u00e9m piloto da Indy.<\/p>\n\n\n\n<p class=\"wp-block-paragraph\">&#8220;Sim, diria que minha oportunidade l\u00e1 passou. E ok. Agora \u00e9 continuar o foco na Indy, como tenho feito nos \u00faltimos dois anos&#8221;, encerrou Palou.<\/p>\n\n\n\n<p class=\"wp-block-paragraph\">A\u00a0<a href=\"https:\/\/www.grandepremio.com\/formula-indy\/\" target=\"_blank\" rel=\"noreferrer noopener\">Indy<\/a>\u00a0retorna j\u00e1 neste fim de semana com o\u00a0<strong>GP de Indian\u00e1polis<\/strong>, a sexta etapa da temporada, que acontece no circuito misto do I<strong>ndian\u00e1polis Motor Speedway<\/strong>. A prova est\u00e1 programada para s\u00e1bado (10).<\/p>\n\n\n\n<figure class=\"wp-block-embed is-type-video is-provider-youtube wp-block-embed-youtube wp-embed-aspect-16-9 wp-has-aspect-ratio\"><div class=\"wp-block-embed__wrapper\">\n<iframe loading=\"lazy\" title=\"500 MILHAS DE INDIAN\u00c1POLIS ABRE TEMPORADA DE DAN\u00c7A DAS CADEIRAS NA INDY\" width=\"500\" height=\"281\" src=\"https:\/\/www.youtube.com\/embed\/nwKR5vvDAjo?feature=oembed\" frameborder=\"0\" allow=\"accelerometer; autoplay; clipboard-write; encrypted-media; gyroscope; picture-in-picture; web-share\" referrerpolicy=\"strict-origin-when-cross-origin\" allowfullscreen><\/iframe>\n<\/div><\/figure>\n","protected":false},"excerpt":{"rendered":"<p>L\u00edder da temporada 2025 da Indy, \u00c1lex Palou voltou a afastar possibilidade de mudan\u00e7a para a F1 e pregou foco em sequ\u00eancia nos Estados Unidos<\/p>\n","protected":false},"author":0,"featured_media":1000960324,"comment_status":"closed","ping_status":"closed","sticky":false,"template":"","format":"standard","meta":{"42wp_featured_image_caption":"","42wp_featured_image_credits":"","42wp_featured_video":"","42wp_featured_image_hidden":false,"42wp_authors_list":[],"footnotes":""},"categories":[3],"tags":[2980,9828,729,28552,6133,147,29516,180,619,25213,1491,28285,35361,2561,2555,93,39054,232,43021,94,90,29784],"42wp_author":[47155],"class_list":["post-22942","post","type-post","status-publish","format-standard","has-post-thumbnail","hentry","category-indy","tag-500-milhas-indianapolis","tag-alex-palou","tag-cadillac","tag-calendario-indy","tag-classificacao-indy","tag-f1","tag-f1-2026","tag-formula-1","tag-formula-indy","tag-gp-de-indianapolis","tag-grande-premio","tag-grandepremio","tag-horarios-indy","tag-indianapolis","tag-indianapolis-motor-speedway","tag-indy","tag-indy-2025","tag-indy-500","tag-indy-ao-vivo-gratis","tag-indycar","tag-mclaren","tag-onde-assistir-indy","42wp_author-daniel-balsa"],"_links":{"self":[{"href":"https:\/\/grandepremio.com\/br\/wp-json\/wp\/v2\/posts\/22942","targetHints":{"allow":["GET"]}}],"collection":[{"href":"https:\/\/grandepremio.com\/br\/wp-json\/wp\/v2\/posts"}],"about":[{"href":"https:\/\/grandepremio.com\/br\/wp-json\/wp\/v2\/types\/post"}],"replies":[{"embeddable":true,"href":"https:\/\/grandepremio.com\/br\/wp-json\/wp\/v2\/comments?post=22942"}],"version-history":[{"count":0,"href":"https:\/\/grandepremio.com\/br\/wp-json\/wp\/v2\/posts\/22942\/revisions"}],"wp:featuredmedia":[{"embeddable":true,"href":"https:\/\/grandepremio.com\/br\/wp-json\/wp\/v2\/media\/1000960324"}],"wp:attachment":[{"href":"https:\/\/grandepremio.com\/br\/wp-json\/wp\/v2\/media?parent=22942"}],"wp:term":[{"taxonomy":"category","embeddable":true,"href":"https:\/\/grandepremio.com\/br\/wp-json\/wp\/v2\/categories?post=22942"},{"taxonomy":"post_tag","embeddable":true,"href":"https:\/\/grandepremio.com\/br\/wp-json\/wp\/v2\/tags?post=22942"},{"taxonomy":"42wp_author","embeddable":true,"href":"https:\/\/grandepremio.com\/br\/wp-json\/wp\/v2\/42wp_author?post=22942"}],"curies":[{"name":"wp","href":"https:\/\/api.w.org\/{rel}","templated":true}]}}