{"id":23013,"date":"2025-05-07T13:45:48","date_gmt":"2025-05-07T16:45:48","guid":{"rendered":"https:\/\/grandepremio.com\/br\/noticias\/stephane-peterhansel-encerra-periodo-sabatico-anuncia-volta-dakar-defender-2026\/"},"modified":"2025-05-07T13:49:23","modified_gmt":"2025-05-07T16:49:23","slug":"stephane-peterhansel-encerra-periodo-sabatico-anuncia-volta-dakar-defender-2026","status":"publish","type":"post","link":"https:\/\/grandepremio.com\/br\/rally\/stephane-peterhansel-encerra-periodo-sabatico-anuncia-volta-dakar-defender-2026\/","title":{"rendered":"Peterhansel encerra per\u00edodo sab\u00e1tico e anuncia volta ao Dakar com Defender em 2026"},"content":{"rendered":"\n<p class=\"wp-block-paragraph\"><strong>St\u00e9phane Peterhansel<\/strong> voltar\u00e1 a competir no <strong>Rali Dakar<\/strong> e no <strong>Mundial de Rali-Raid (W2RC)<\/strong> em 2026. Ap\u00f3s per\u00edodo sab\u00e1tico, aceitou liderar o novo projeto da <strong>Defender<\/strong>, bra\u00e7o da Jaguar Land Rover, na rec\u00e9m-criada categoria <strong>Stock<\/strong> \u2014 que re\u00fane ve\u00edculos derivados de produ\u00e7\u00e3o \u2014 com o modelo <strong>D7X-R<\/strong>. O maior vencedor da hist\u00f3ria do Dakar far\u00e1 parceria com <strong>Rokas Baciu\u0161ka<\/strong>.<\/p>\n\n\n\n<p class=\"wp-block-paragraph\">O <strong>Defender Dakar D7X-R<\/strong> j\u00e1 come\u00e7ou a ser testado no Marrocos e segue o novo regulamento da Stock. Mant\u00e9m chassi, carroceria de alum\u00ednio, transmiss\u00e3o e motor do D7X de s\u00e9rie e deve estrear oficialmente no <strong>Rali de Portugal<\/strong>, etapa do W2RC em setembro, antes de seguir para o <strong>Rali de Marrocos<\/strong>, considerado a prepara\u00e7\u00e3o final para o Dakar.<\/p>\n\n\n\n<p class=\"wp-block-paragraph\">\u201cEstou muito feliz por come\u00e7ar esse novo cap\u00edtulo esportivo com a Defender. O <strong>Mundial de Rali-Raid<\/strong> representa o <strong>auge das competi\u00e7\u00f5es off-road<\/strong>, e o Defender \u00e9 um 4&#215;4 ic\u00f4nico, de alta performance, ent\u00e3o \u00e9 a combina\u00e7\u00e3o perfeita&#8221;, afirmou Peterhansel.<\/p>\n\n\n\n<p class=\"wp-block-paragraph\">&#8220;A equipe \u00e9 comprometida com o campeonato e tem paix\u00e3o por vencer. Estou empolgado para encarar esse desafio e, juntos, <strong>espero chegar ao topo do p\u00f3dio<\/strong>\u201d, emendou.<\/p>\n\n\n\n<figure class=\"wp-block-image size-full\"><img decoding=\"async\" src=\"https:\/\/www.grandepremio.com\/br\/wp-content\/uploads\/2024\/01\/b224d.jpg\" alt=\"\" class=\"wp-image-767964\"\/><figcaption class=\"wp-element-caption\">St\u00e9phane Peterhansel venceu 14 vezes no Dakar (Foto: Dakar)<\/figcaption><\/figure>\n\n\n\n<p class=\"wp-block-paragraph\">Aos 25 anos, <strong>Rokas Baciu\u0161ka<\/strong> \u00e9 um dos principais nomes dos <strong>UTVs<\/strong> e tem iniciado testes na categoria Ultimate com a <strong>Toyota<\/strong>, mas agora assume posto de piloto oficial no novo projeto e celebrou a oportunidade.<\/p>\n\n\n\n<p class=\"wp-block-paragraph\">\u201cA Defender \u00e9 uma marca incr\u00edvel, sin\u00f4nimo de capacidade de superar desafios. Estou orgulhoso por fazer parte desse programa e mal posso esperar para pilotar o D7X-R pela primeira vez na prepara\u00e7\u00e3o para o <strong>Dakar 2026<\/strong>\u201d, declarou.<\/p>\n\n\n\n<p class=\"wp-block-paragraph\"><strong>James Barclay<\/strong>, diretor da <strong>JLR Motorsport<\/strong>, destacou a import\u00e2ncia dos testes iniciais e elogiou a escolha dos pilotos. O terceiro nome para o Dakar ainda ser\u00e1 definido, mas apenas dois carros v\u00e3o disputar o Mundial.<\/p>\n\n\n\n<p class=\"wp-block-paragraph\">\u201cCompletar a primeira prova com o prot\u00f3tipo D7X-R \u00e9 um marco importante. Estamos trabalhado de forma excepcional e temos oito meses at\u00e9 o Dakar. A combina\u00e7\u00e3o entre <strong>experi\u00eancia<\/strong> e <strong>talento jovem<\/strong> \u00e9 perfeita para nosso projeto\u201d, exaltou.<\/p>\n\n\n\n<p class=\"wp-block-paragraph\">\u25b6\ufe0f&nbsp;<strong>Inscreva-se nos dois canais do GRANDE PR\u00caMIO no YouTube:&nbsp;<a href=\"https:\/\/www.youtube.com\/channel\/UC9OlHEgxoaY6QY6nWPoiqQg?sub_confirmation=1\" target=\"_blank\" rel=\"noreferrer noopener\">GP<\/a>&nbsp;|&nbsp;<a href=\"https:\/\/www.youtube.com\/channel\/UC9csiS6q_C3C0FYhyr1rnFA?sub_confirmation=1\" target=\"_blank\" rel=\"noreferrer noopener\">GP2<\/a><\/strong><\/p>\n\n\n\n<figure class=\"wp-block-embed is-type-video is-provider-youtube wp-block-embed-youtube wp-embed-aspect-16-9 wp-has-aspect-ratio\"><div class=\"wp-block-embed__wrapper\">\n<iframe loading=\"lazy\" title=\"PIASTRI \u00c9 MELHOR QUE NORRIS? E O SALDO DA RODADA TRIPLA NA F1 2025 | Paddock Sprint\" width=\"500\" height=\"281\" src=\"https:\/\/www.youtube.com\/embed\/X6QPls7CIfg?feature=oembed\" frameborder=\"0\" allow=\"accelerometer; autoplay; clipboard-write; encrypted-media; gyroscope; picture-in-picture; web-share\" referrerpolicy=\"strict-origin-when-cross-origin\" allowfullscreen><\/iframe>\n<\/div><\/figure>\n","protected":false},"excerpt":{"rendered":"<p>Maior vencedor da hist\u00f3ria do Dakar, St\u00e9phane Peterhansel lidera projeto da Defender na nova classe Stock e retorna ao Mundial de Rali-Raid fazendo dupla com Rokas Baciu\u0161ka<\/p>\n","protected":false},"author":0,"featured_media":1000534625,"comment_status":"closed","ping_status":"closed","sticky":false,"template":"","format":"standard","meta":{"42wp_featured_image_caption":"","42wp_featured_image_credits":"","42wp_featured_video":"","42wp_featured_image_hidden":false,"42wp_authors_list":[],"footnotes":""},"categories":[5],"tags":[37807,37806,6791,37723,853,1491,28285,37808,3315,30457,37809,30460,618,41689,1271,6504,37900],"42wp_author":[47164],"class_list":["post-23013","post","type-post","status-publish","format-standard","has-post-thumbnail","hentry","category-rally","tag-calendario-dakar","tag-calendario-rali-dakar","tag-classificacao-dakar","tag-classificacao-rali-dakar","tag-dakar","tag-grande-premio","tag-grandepremio","tag-horarios-dakar","tag-james-barclay","tag-motos-dakar","tag-onde-assistir-dakar","tag-quadriciclos-dakar","tag-rali-dakar","tag-rali-dakar-2025","tag-stephane-peterhansel","tag-temporada-2025","tag-utvs-dakar","42wp_author-marcos-gil-ribeiro"],"_links":{"self":[{"href":"https:\/\/grandepremio.com\/br\/wp-json\/wp\/v2\/posts\/23013","targetHints":{"allow":["GET"]}}],"collection":[{"href":"https:\/\/grandepremio.com\/br\/wp-json\/wp\/v2\/posts"}],"about":[{"href":"https:\/\/grandepremio.com\/br\/wp-json\/wp\/v2\/types\/post"}],"replies":[{"embeddable":true,"href":"https:\/\/grandepremio.com\/br\/wp-json\/wp\/v2\/comments?post=23013"}],"version-history":[{"count":0,"href":"https:\/\/grandepremio.com\/br\/wp-json\/wp\/v2\/posts\/23013\/revisions"}],"wp:featuredmedia":[{"embeddable":true,"href":"https:\/\/grandepremio.com\/br\/wp-json\/wp\/v2\/media\/1000534625"}],"wp:attachment":[{"href":"https:\/\/grandepremio.com\/br\/wp-json\/wp\/v2\/media?parent=23013"}],"wp:term":[{"taxonomy":"category","embeddable":true,"href":"https:\/\/grandepremio.com\/br\/wp-json\/wp\/v2\/categories?post=23013"},{"taxonomy":"post_tag","embeddable":true,"href":"https:\/\/grandepremio.com\/br\/wp-json\/wp\/v2\/tags?post=23013"},{"taxonomy":"42wp_author","embeddable":true,"href":"https:\/\/grandepremio.com\/br\/wp-json\/wp\/v2\/42wp_author?post=23013"}],"curies":[{"name":"wp","href":"https:\/\/api.w.org\/{rel}","templated":true}]}}