{"id":23020,"date":"2025-05-07T11:33:47","date_gmt":"2025-05-07T14:33:47","guid":{"rendered":"https:\/\/grandepremio.com\/br\/noticias\/ex-chefe-reitera-flavio-briatore-como-pai-saida-alpine-decisao-pessoal-formula-1\/"},"modified":"2025-05-07T16:34:46","modified_gmt":"2025-05-07T19:34:46","slug":"ex-chefe-reitera-flavio-briatore-como-pai-saida-alpine-decisao-pessoal-formula-1","status":"publish","type":"post","link":"https:\/\/grandepremio.com\/br\/f1\/ex-chefe-reitera-flavio-briatore-como-pai-saida-alpine-decisao-pessoal-formula-1\/","title":{"rendered":"Ex-chefe reitera Briatore &#8220;como um pai&#8221; e diz que sa\u00edda da Alpine foi &#8220;decis\u00e3o pessoal&#8221;"},"content":{"rendered":"\n<p class=\"wp-block-paragraph\"><strong>Oliver Oakes<\/strong>, a partir de agora ex-chefe da <strong>Alpine<\/strong> na <strong>F\u00f3rmula 1<\/strong>, divulgou um comunicado no dia seguinte <strong><a href=\"https:\/\/www.grandepremio.com\/br\/f1\/noticias\/oliver-oakes-renuncia-posto-chefe-equipe-alpine-flavio-briatore-assume\/\">ao an\u00fancio da sa\u00edda da equipe<\/a><\/strong> para se explicar brevemente. Em breve declara\u00e7\u00e3o de carinho com a equipe, negou qualquer problema e afirmou que tomou a decis\u00e3o de se demitir por quest\u00f5es pessoais.<\/p>\n\n\n\n<p class=\"wp-block-paragraph\"><strong>\u25b6\ufe0f<\/strong>\u00a0<strong>Inscreva-se nos dois canais do GRANDE PR\u00caMIO no YouTube:\u00a0<a href=\"https:\/\/www.youtube.com\/channel\/UC9OlHEgxoaY6QY6nWPoiqQg?sub_confirmation=1\" target=\"_blank\" rel=\"noreferrer noopener\">GP<\/a>\u00a0|\u00a0<a href=\"https:\/\/www.youtube.com\/channel\/UC9csiS6q_C3C0FYhyr1rnFA?sub_confirmation=1\" target=\"_blank\" rel=\"noreferrer noopener\">GP2<\/a><\/strong><br><strong>\u25b6\ufe0f LEIA TAMB\u00c9M: <a href=\"https:\/\/www.grandepremio.com\/br\/grandepremium\/ranking-gp\/f1\/materias\/as-notas-do-gp-de-miami-da-f1-2025\/\">Ranking GP &#8211; as notas dos pilotos no GP de Miami de F1<\/a><\/strong><\/p>\n\n\n\n<p class=\"wp-block-paragraph\">\u00c9 uma declara\u00e7\u00e3o que <strong><a href=\"https:\/\/www.grandepremio.com\/br\/f1\/noticias\/flavio-briatore-nega-ex-chefe-tenha-deixado-alpine-atritos-completamente-falso\/\">vai ao encontro daquilo que falou Flavio Briatore<\/a><\/strong>, CEO de fato da companhia e agora tamb\u00e9m o novo chefe de equipe. Nada de atrito, garantem ambos. Reiterou ainda algo que j\u00e1 havia dito anteriormente: <strong><a href=\"https:\/\/www.grandepremio.com\/br\/f1\/noticias\/chefe-alpine-ve-flavio-briatore-figura-paterna-f1-bom-superar-dificuldades\/\">enxerga Briatore como uma figura paterna<\/a><\/strong>. <\/p>\n\n\n\n<p class=\"wp-block-paragraph\">&#8220;Foi um privil\u00e9gio liderar todos em Enstone [onde est\u00e1 a f\u00e1brica da Alpine]. Que equipe e que lugar&#8221;, elogiou para abrir o comunicado.<\/p>\n\n\n\n<figure class=\"wp-block-image size-full\"><img decoding=\"async\" src=\"https:\/\/www.grandepremio.com\/br\/wp-content\/uploads\/2024\/07\/GPF2-9.jpg\" alt=\"\" class=\"wp-image-848901\"\/><figcaption class=\"wp-element-caption\">Oliver Oakes e Flavio Briatore chegaram \u00e0 Alpine durante 2024 (Foto: Alpine)<\/figcaption><\/figure>\n\n\n\n<p class=\"wp-block-paragraph\">&#8220;A decis\u00e3o de me afastar foi pessoal. Flavio tem sido como um pai para mim, sempre com muito apoio desde que eu assumi o cargo. Ainda h\u00e1 o fato de ter me dado a oportunidade&#8221;, seguiu.<\/p>\n\n\n\n<p class=\"wp-block-paragraph\">&#8220;Todo mundo est\u00e1 no devido lugar para 2026, assim como o sonho est\u00e1 onde deveria. Eu acredito em Enstone&#8221;, finalizou.<\/p>\n\n\n\n<p class=\"wp-block-paragraph\">Apenas horas ap\u00f3s a troca na chefia, a Alpine ainda <strong><a href=\"https:\/\/www.grandepremio.com\/br\/f1\/noticias\/alpine-confirma-saida-jack-doohan-promove-retorno-franco-colapinto-f1-imola\/\">anunciou substitui\u00e7\u00e3o entre os pilotos titulares<\/a><\/strong>, com sa\u00edda de <strong>Jack Doohan<\/strong> e promo\u00e7\u00e3o de <strong>Franco Colapinto<\/strong>.<\/p>\n\n\n\n<p class=\"wp-block-paragraph\">A\u00a0<a href=\"https:\/\/www.grandepremio.com\/br\/f1\/\" target=\"_blank\" rel=\"noreferrer noopener\"><\/a><a href=\"https:\/\/www.grandepremio.com\/br\/f1\/\" target=\"_blank\" rel=\"noreferrer noopener\">F\u00f3rmula 1<\/a>\u00a0retorna de 16 a 18 de maio para o\u00a0<strong>GP da Em\u00edlia-<a href=\"https:\/\/www.grandepremio.com\/br\/circuito\/roma\/\" target=\"_blank\" rel=\"noreferrer noopener\">Roma<\/a>nha<\/strong>, em\u00a0<a href=\"https:\/\/www.grandepremio.com\/br\/circuito\/399739\/\" target=\"_blank\" rel=\"noreferrer noopener\">\u00cdmola<\/a>, o primeiro da temporada 2025 na Europa.<\/p>\n\n\n\n<figure class=\"wp-block-embed is-type-video is-provider-youtube wp-block-embed-youtube wp-embed-aspect-16-9 wp-has-aspect-ratio\"><div class=\"wp-block-embed__wrapper\">\n<iframe loading=\"lazy\" title=\"PIASTRI BAILA EM VERSTAPPEN EM MIAMI. HAMILTON \u00c9 IR\u00d4NICO, BORTOLETO D\u00c1 AZAR | Paddock GP #414\" width=\"500\" height=\"281\" src=\"https:\/\/www.youtube.com\/embed\/7AVsc80pNP8?feature=oembed\" frameborder=\"0\" allow=\"accelerometer; autoplay; clipboard-write; encrypted-media; gyroscope; picture-in-picture; web-share\" referrerpolicy=\"strict-origin-when-cross-origin\" allowfullscreen><\/iframe>\n<\/div><figcaption class=\"wp-element-caption\">PIASTRI BAILA EM VERSTAPPEN EM MIAMI. HAMILTON \u00c9 IR\u00d4NICO, BORTOLETO D\u00c1 AZAR | Paddock GP #414<\/figcaption><\/figure>\n","protected":false},"excerpt":{"rendered":"<p>Oliver Oakes, agora ex-chefe da Alpine, afirmou que sa\u00edda da equipe se deu somente por quest\u00f5es de ordem pessoal e n\u00e3o por atritos internos<\/p>\n","protected":false},"author":0,"featured_media":1000848902,"comment_status":"closed","ping_status":"closed","sticky":false,"template":"","format":"standard","meta":{"42wp_featured_image_caption":"","42wp_featured_image_credits":"","42wp_featured_video":"","42wp_featured_image_hidden":false,"42wp_authors_list":[],"footnotes":""},"categories":[2],"tags":[20491,26000,5660,3630,642,885,25440,42809,38313,40108,596,40441,676],"42wp_author":[47120],"class_list":["post-23020","post","type-post","status-publish","format-standard","has-post-thumbnail","hentry","category-f1","tag-alpine","tag-audiencia-da-tv","tag-classificacao","tag-f1-2025","tag-f1-ao-vivo","tag-flavio-briatore","tag-franco-colapinto","tag-gasly-2025","tag-gasly-f1","tag-gasly-formula-1","tag-jack-doohan","tag-oliver-oakes","tag-pierre-gasly","42wp_author-pedro-henrique-marum"],"_links":{"self":[{"href":"https:\/\/grandepremio.com\/br\/wp-json\/wp\/v2\/posts\/23020","targetHints":{"allow":["GET"]}}],"collection":[{"href":"https:\/\/grandepremio.com\/br\/wp-json\/wp\/v2\/posts"}],"about":[{"href":"https:\/\/grandepremio.com\/br\/wp-json\/wp\/v2\/types\/post"}],"replies":[{"embeddable":true,"href":"https:\/\/grandepremio.com\/br\/wp-json\/wp\/v2\/comments?post=23020"}],"version-history":[{"count":0,"href":"https:\/\/grandepremio.com\/br\/wp-json\/wp\/v2\/posts\/23020\/revisions"}],"wp:featuredmedia":[{"embeddable":true,"href":"https:\/\/grandepremio.com\/br\/wp-json\/wp\/v2\/media\/1000848902"}],"wp:attachment":[{"href":"https:\/\/grandepremio.com\/br\/wp-json\/wp\/v2\/media?parent=23020"}],"wp:term":[{"taxonomy":"category","embeddable":true,"href":"https:\/\/grandepremio.com\/br\/wp-json\/wp\/v2\/categories?post=23020"},{"taxonomy":"post_tag","embeddable":true,"href":"https:\/\/grandepremio.com\/br\/wp-json\/wp\/v2\/tags?post=23020"},{"taxonomy":"42wp_author","embeddable":true,"href":"https:\/\/grandepremio.com\/br\/wp-json\/wp\/v2\/42wp_author?post=23020"}],"curies":[{"name":"wp","href":"https:\/\/api.w.org\/{rel}","templated":true}]}}