{"id":23025,"date":"2025-05-07T10:11:31","date_gmt":"2025-05-07T13:11:31","guid":{"rendered":"https:\/\/grandepremio.com\/br\/noticias\/flavio-briatore-nega-ex-chefe-tenha-deixado-alpine-atritos-completamente-falso\/"},"modified":"2025-05-07T16:34:29","modified_gmt":"2025-05-07T19:34:29","slug":"flavio-briatore-nega-ex-chefe-tenha-deixado-alpine-atritos-completamente-falso","status":"publish","type":"post","link":"https:\/\/grandepremio.com\/br\/f1\/flavio-briatore-nega-ex-chefe-tenha-deixado-alpine-atritos-completamente-falso\/","title":{"rendered":"Briatore nega que ex-chefe tenha deixado Alpine por atritos: &#8220;Completamente falso&#8221;"},"content":{"rendered":"\n<p class=\"wp-block-paragraph\">A <strong>Alpine<\/strong> \u00e9 a equipe da <strong>F\u00f3rmula 1<\/strong> que mais vive em constante estado de mudan\u00e7as nos \u00faltimos anos. Antes da confirma\u00e7\u00e3o de que <strong>Franco Colapinto<\/strong> <strong><a href=\"https:\/\/www.grandepremio.com\/br\/f1\/noticias\/alpine-confirma-saida-jack-doohan-promove-retorno-franco-colapinto-f1-imola\/\">assume vaga de<\/a><\/strong> <strong>Jack Doohan<\/strong> na temporada 2025, algo confirmado na manh\u00e3 desta quarta-feira (7), o dia anterior teve a <strong><a href=\"https:\/\/www.grandepremio.com\/br\/f1\/noticias\/oliver-oakes-renuncia-posto-chefe-equipe-alpine-flavio-briatore-assume\/\">not\u00edcia surpresa sa\u00edda do ex-chefe Oliver Oakes<\/a><\/strong>. O consultor-executivo e agora novo chefe, <strong>Flavio Briatore<\/strong>, negou que a troca na chefia tenha sido causada por qualquer tipo de discord\u00e2ncia ou atrito entre os dois.<\/p>\n\n\n\n<p class=\"wp-block-paragraph\"><strong>\u25b6\ufe0f<\/strong>\u00a0<strong>Inscreva-se nos dois canais do GRANDE PR\u00caMIO no YouTube:\u00a0<a href=\"https:\/\/www.youtube.com\/channel\/UC9OlHEgxoaY6QY6nWPoiqQg?sub_confirmation=1\" target=\"_blank\" rel=\"noreferrer noopener\">GP<\/a>\u00a0|\u00a0<a href=\"https:\/\/www.youtube.com\/channel\/UC9csiS6q_C3C0FYhyr1rnFA?sub_confirmation=1\" target=\"_blank\" rel=\"noreferrer noopener\">GP2<\/a><\/strong><br><strong>\u25b6\ufe0f LEIA TAMB\u00c9M: <a href=\"https:\/\/www.grandepremio.com\/br\/grandepremium\/ranking-gp\/f1\/materias\/as-notas-do-gp-de-miami-da-f1-2025\/\">Ranking GP &#8211; as notas dos pilotos no GP de Miami de F1<\/a><\/strong><\/p>\n\n\n\n<p class=\"wp-block-paragraph\">De acordo com Briatore, que \u00e9 o CEO de fato da Alpine e j\u00e1 estava acima de Oakes na cadeia de comando, a decis\u00e3o de pedir demiss\u00e3o partiu de uma quest\u00e3o pessoal. Nada relacionado aos rumos da equipe na F1.<\/p>\n\n\n\n<p class=\"wp-block-paragraph\">&#8220;Muita coisa foi falada nas \u00faltimas 24 horas associando incorretamente a decis\u00e3o de Oli (Oliver Oakes) se demitir a uma poss\u00edvel discord\u00e2ncia ou ao fato de termos vis\u00f5es diferentes. Isso \u00e9 completamente falso e distante da realidade&#8221;, afirmou.<\/p>\n\n\n\n<figure class=\"wp-block-image size-full\"><img decoding=\"async\" src=\"https:\/\/www.grandepremio.com\/br\/wp-content\/uploads\/2025\/02\/1_flavio_briatore_scaled_e1718962947519-33199605.jpeg\" alt=\"\" class=\"wp-image-930036\"\/><figcaption class=\"wp-element-caption\">Flavio Briatore, chef\u00e3o de tudo na Alpine (Foto: AFP)<\/figcaption><\/figure>\n\n\n\n<p class=\"wp-block-paragraph\">&#8220;Oli e eu temos uma rela\u00e7\u00e3o muito boa e ambi\u00e7\u00f5es de longo prazo para empurrar o time adiante. Respeitamos o pedido de demiss\u00e3o de Oli e, assim, aceitamos a ren\u00fancia. Os motivos n\u00e3o est\u00e3o relacionados ao time, mas a quest\u00f5es de ordem pessoal&#8221;, continuou.<\/p>\n\n\n\n<p class=\"wp-block-paragraph\">&#8220;Continuarei a me envolver mais e mais com a equipe, junto de uma ger\u00eancia forte que j\u00e1 temos. Trabalharemos duro para melhorar nossa posi\u00e7\u00e3o no campeonato desta temporada, enquanto nos preparamos para 2026&#8221;, finalizou.<\/p>\n\n\n\n<p class=\"wp-block-paragraph\">A&nbsp;<a href=\"https:\/\/www.grandepremio.com\/br\/f1\/\" target=\"_blank\" rel=\"noreferrer noopener\"><\/a><a href=\"https:\/\/www.grandepremio.com\/br\/f1\/\" target=\"_blank\" rel=\"noreferrer noopener\">F\u00f3rmula 1<\/a>&nbsp;retorna de 16 a 18 de maio para o&nbsp;<strong>GP da Em\u00edlia-<a href=\"https:\/\/www.grandepremio.com\/br\/circuito\/roma\/\" target=\"_blank\" rel=\"noreferrer noopener\">Roma<\/a>nha<\/strong>, em&nbsp;<a href=\"https:\/\/www.grandepremio.com\/br\/circuito\/399739\/\" target=\"_blank\" rel=\"noreferrer noopener\">\u00cdmola<\/a>, o primeiro da temporada 2025 na Europa.<\/p>\n\n\n\n<figure class=\"wp-block-embed is-type-video is-provider-youtube wp-block-embed-youtube wp-embed-aspect-16-9 wp-has-aspect-ratio\"><div class=\"wp-block-embed__wrapper\">\n<iframe loading=\"lazy\" title=\"PIASTRI BAILA EM VERSTAPPEN EM MIAMI. HAMILTON \u00c9 IR\u00d4NICO, BORTOLETO D\u00c1 AZAR | Paddock GP #414\" width=\"500\" height=\"281\" src=\"https:\/\/www.youtube.com\/embed\/7AVsc80pNP8?feature=oembed\" frameborder=\"0\" allow=\"accelerometer; autoplay; clipboard-write; encrypted-media; gyroscope; picture-in-picture; web-share\" referrerpolicy=\"strict-origin-when-cross-origin\" allowfullscreen><\/iframe>\n<\/div><figcaption class=\"wp-element-caption\">PIASTRI BAILA EM VERSTAPPEN EM MIAMI. HAMILTON \u00c9 IR\u00d4NICO, BORTOLETO D\u00c1 AZAR | Paddock GP #414<\/figcaption><\/figure>\n","protected":false},"excerpt":{"rendered":"<p>Flavio Briatore, que agora \u00e9 chefe de equipe da Alpine al\u00e9m de consultor-executivo, garantiu que n\u00e3o teve qualquer atrito com Oliver Oakes. A sa\u00edda do agora ex-chefe se deu por quest\u00f5es pessoais, segundo ele<\/p>\n","protected":false},"author":0,"featured_media":1000848900,"comment_status":"closed","ping_status":"closed","sticky":false,"template":"","format":"standard","meta":{"42wp_featured_image_caption":"","42wp_featured_image_credits":"","42wp_featured_video":"","42wp_featured_image_hidden":false,"42wp_authors_list":[],"footnotes":""},"categories":[2],"tags":[20491,42325,36469,37506,27776,34186,27487,26000,27773,38654,39086,41965,35870,5660,8235,41950,43565,41177,41178,42810,41785,41786,3630,642,11958,41966,885,25440,42809,38313,40108,596,40441,676],"42wp_author":[47120],"class_list":["post-23025","post","type-post","status-publish","format-standard","has-post-thumbnail","hentry","category-f1","tag-alpine","tag-alpine-2025","tag-alpine-f1","tag-alpine-formula-1","tag-assistir-f1-ao-vivo","tag-assistir-f1-gratis","tag-assistir-f1-online","tag-audiencia-da-tv","tag-audiencia-f1","tag-audiencia-f1-tv","tag-calendario-f1-2025","tag-calendario-f1-2025-horarios","tag-chefe-da-alpine","tag-classificacao","tag-classificacao-da-f1","tag-classificacao-f1-2025","tag-colapinto-2025","tag-colapinto-f1","tag-colapinto-formula-1","tag-doohan-2025","tag-doohan-f1","tag-doohan-formula-1","tag-f1-2025","tag-f1-ao-vivo","tag-f1-live","tag-f1-tv-2025","tag-flavio-briatore","tag-franco-colapinto","tag-gasly-2025","tag-gasly-f1","tag-gasly-formula-1","tag-jack-doohan","tag-oliver-oakes","tag-pierre-gasly","42wp_author-pedro-henrique-marum"],"_links":{"self":[{"href":"https:\/\/grandepremio.com\/br\/wp-json\/wp\/v2\/posts\/23025","targetHints":{"allow":["GET"]}}],"collection":[{"href":"https:\/\/grandepremio.com\/br\/wp-json\/wp\/v2\/posts"}],"about":[{"href":"https:\/\/grandepremio.com\/br\/wp-json\/wp\/v2\/types\/post"}],"replies":[{"embeddable":true,"href":"https:\/\/grandepremio.com\/br\/wp-json\/wp\/v2\/comments?post=23025"}],"version-history":[{"count":0,"href":"https:\/\/grandepremio.com\/br\/wp-json\/wp\/v2\/posts\/23025\/revisions"}],"wp:featuredmedia":[{"embeddable":true,"href":"https:\/\/grandepremio.com\/br\/wp-json\/wp\/v2\/media\/1000848900"}],"wp:attachment":[{"href":"https:\/\/grandepremio.com\/br\/wp-json\/wp\/v2\/media?parent=23025"}],"wp:term":[{"taxonomy":"category","embeddable":true,"href":"https:\/\/grandepremio.com\/br\/wp-json\/wp\/v2\/categories?post=23025"},{"taxonomy":"post_tag","embeddable":true,"href":"https:\/\/grandepremio.com\/br\/wp-json\/wp\/v2\/tags?post=23025"},{"taxonomy":"42wp_author","embeddable":true,"href":"https:\/\/grandepremio.com\/br\/wp-json\/wp\/v2\/42wp_author?post=23025"}],"curies":[{"name":"wp","href":"https:\/\/api.w.org\/{rel}","templated":true}]}}