{"id":23041,"date":"2025-05-06T16:10:30","date_gmt":"2025-05-06T19:10:30","guid":{"rendered":"https:\/\/grandepremio.com\/br\/noticias\/oliver-oakes-renuncia-posto-chefe-equipe-alpine-flavio-briatore-assume\/"},"modified":"2025-05-07T03:31:31","modified_gmt":"2025-05-07T06:31:31","slug":"oliver-oakes-renuncia-posto-chefe-equipe-alpine-flavio-briatore-assume","status":"publish","type":"post","link":"https:\/\/grandepremio.com\/br\/f1\/oliver-oakes-renuncia-posto-chefe-equipe-alpine-flavio-briatore-assume\/","title":{"rendered":"Oakes renuncia ao posto de chefe de equipe da Alpine. Briatore assume"},"content":{"rendered":"\n<p class=\"wp-block-paragraph\"><strong>Oliver Oakes<\/strong> n\u00e3o \u00e9 mais chefe da <strong>Alpine<\/strong> na <strong>F\u00f3rmula 1<\/strong>. A equipe francesa confirmou a ren\u00fancia do brit\u00e2nico nesta ter\u00e7a-feira (6), em comunicado oficial divulgado \u00e0 imprensa e informou que &#8220;aceitou a ren\u00fancia com efeito imediato&#8221;. Assim, <strong>Flavio Briatore<\/strong>, que segue como conselheiro, acumular\u00e1 a fun\u00e7\u00e3o de Oakes como chefe de equipe.<\/p>\n\n\n\n<p class=\"wp-block-paragraph\">A not\u00edcia emerge em meio \u00e0 poss\u00edvel troca de <strong>Jack Doohan<\/strong> por <strong>Franco Colapinto<\/strong>, <a href=\"https:\/\/www.grandepremio.com\/br\/f1\/noticias\/jack-doohan-recebe-aviso-alpine-substituicao-franco-colapinto-gp-miami\/\">j\u00e1 especulada para o <\/a><strong>GP da Em\u00edlia-Romanha<\/strong>, pr\u00f3xima etapa da <strong>F1 2025<\/strong>. O argentino, inclusive, est\u00e1 nos <strong>Pa\u00edses Baixos<\/strong> e <a href=\"https:\/\/www.grandepremio.com\/br\/f1\/noticias\/franco-colapinto-testa-alpine-zandvoort-meio-rumores-jack-doohan-demitido\/\">vai realizar o<\/a>&nbsp;<strong>TPC<\/strong>&nbsp;(ou&nbsp;<strong>Testes com Carros Anteriores<\/strong>, em tradu\u00e7\u00e3o livre) com a equipe francesa em <strong>Zandvoort<\/strong>.<\/p>\n\n\n\n<p class=\"wp-block-paragraph\">&#8220;A Alpine anuncia que Oliver Oakes renunciou ao posto de chefe de equipe. O time aceita a ren\u00fancia com efeito imediato. A partir de hoje, Flavio Briatore continua como conselheiro executivo e tamb\u00e9m cobrir\u00e1 a fun\u00e7\u00e3o performada anteriormente por Oliver Oakes. O time gostaria de agradecer Oliver pelos seus esfor\u00e7os desde que entrou no \u00faltimo ver\u00e3o [no Hemisf\u00e9rio Norte] e por sua contribui\u00e7\u00e3o em ajudar a equipe a assegurar o sexto lugar no Mundial de Construtores de 2024. O time n\u00e3o far\u00e1 mais coment\u00e1rios&#8221;, escreveu a Alpine no comunicado da sa\u00edda do dirigente.<\/p>\n\n\n\n<p class=\"wp-block-paragraph\">\u25b6\ufe0f&nbsp;<strong>Inscreva-se nos dois canais do GRANDE PR\u00caMIO no YouTube:&nbsp;<a href=\"https:\/\/www.youtube.com\/channel\/UC9OlHEgxoaY6QY6nWPoiqQg?sub_confirmation=1\" target=\"_blank\" rel=\"noreferrer noopener\">GP<\/a>&nbsp;|&nbsp;<a href=\"https:\/\/www.youtube.com\/channel\/UC9csiS6q_C3C0FYhyr1rnFA?sub_confirmation=1\" target=\"_blank\" rel=\"noreferrer noopener\">GP2<\/a><\/strong><br>\u25b6\ufe0f&nbsp;<strong>LEIA TAMB\u00c9M:&nbsp;<a href=\"https:\/\/www.grandepremio.com\/br\/f1\/noticias\/passeio-gp-miami-escancara-dominio-mclaren-ratifica-favoritismo-oscar-piastri-f1-2025\/\">Passeio em Miami escancara dom\u00ednio da McLaren e ratifica favoritismo de Piastri<\/a><\/strong><\/p>\n\n\n\n<figure class=\"wp-block-image size-full\"><img decoding=\"async\" src=\"https:\/\/www.grandepremio.com\/br\/wp-content\/uploads\/2024\/07\/GPF1-12.jpg\" alt=\"\" class=\"wp-image-848902\"\/><figcaption class=\"wp-element-caption\">Oliver Oakes deixa a chefia da Alpine menos de 1 ano depois de assumir (Foto: Alpine)<\/figcaption><\/figure>\n\n\n\n<p class=\"wp-block-paragraph\">O nome de Oakes tamb\u00e9m apareceu nesta semana na edi\u00e7\u00e3o impressa da revista italiana <em>Autosprint<\/em>. Segundo a publica\u00e7\u00e3o, o brit\u00e2nico \u00e9 <a href=\"https:\/\/www.grandepremio.com\/br\/f1\/noticias\/christian-horner-perde-terreno-lado-tailandes-comeca-ver-chefia-red-bull-ameacada\/\">um nome forte para assumir a<\/a><strong> Red Bull<\/strong> em caso de sa\u00edda de <strong>Christian Horner,<\/strong> que perde for\u00e7a junto ao lado tailand\u00eas da marca de energ\u00e9ticos.<\/p>\n\n\n\n<p class=\"wp-block-paragraph\">Anunciado em julho de 2024, Oakes foi cacifado ao projeto pelo trabalho \u00e0 frente da&nbsp;<strong>Hitech<\/strong> na <strong>F\u00f3rmula 2<\/strong> e <strong>F\u00f3rmula 3<\/strong>. O engenheiro era o quinto chefe de equipe que deixa a Alpine desde 2020, em intensa troca de comando no time franc\u00eas. <\/p>\n\n\n\n<p class=\"wp-block-paragraph\">Antes de Oliver, <strong>Cyril Abiteboul<\/strong>, <strong>Marcin Budkowski<\/strong>,&nbsp;<strong>Otmar Szafnauer<\/strong> e <strong>Bruno Famin<\/strong> passaram pelo posto, mas n\u00e3o conseguiram permanecer por muito tempo como l\u00edderes do time de <strong>Enstone<\/strong>. A volta de Briatore ao time franc\u00eas tamb\u00e9m n\u00e3o tem nem 1 ano: aconteceu em meados de junho de 2024, ainda com Famin na chefia.<\/p>\n\n\n\n<p class=\"wp-block-paragraph\">A&nbsp;<a href=\"https:\/\/www.grandepremio.com\/br\/f1\/\" target=\"_blank\" rel=\"noreferrer noopener\"><\/a><a href=\"https:\/\/www.grandepremio.com\/br\/f1\/\" target=\"_blank\" rel=\"noreferrer noopener\"><strong>F\u00f3rmula 1<\/strong><\/a>&nbsp;retorna na semana que vem, de 16 a 18 de maio, para o&nbsp;<strong>GP da Em\u00edlia-<a href=\"https:\/\/www.grandepremio.com\/br\/circuito\/roma\/\" target=\"_blank\" rel=\"noreferrer noopener\">Roma<\/a>nha<\/strong>, o primeiro da temporada 2025 na Europa.<\/p>\n\n\n\n<figure class=\"wp-block-embed is-type-video is-provider-youtube wp-block-embed-youtube wp-embed-aspect-16-9 wp-has-aspect-ratio\"><div class=\"wp-block-embed__wrapper\">\n<iframe loading=\"lazy\" title=\"PIASTRI BAILA EM VERSTAPPEN EM MIAMI. HAMILTON \u00c9 IR\u00d4NICO, BORTOLETO D\u00c1 AZAR | Paddock GP #414\" width=\"500\" height=\"281\" src=\"https:\/\/www.youtube.com\/embed\/7AVsc80pNP8?feature=oembed\" frameborder=\"0\" allow=\"accelerometer; autoplay; clipboard-write; encrypted-media; gyroscope; picture-in-picture; web-share\" referrerpolicy=\"strict-origin-when-cross-origin\" allowfullscreen><\/iframe>\n<\/div><\/figure>\n","protected":false},"excerpt":{"rendered":"<p>Oliver Oakes pediu para sair da Alpine e n\u00e3o \u00e9 mais chefe da equipe francesa na F1. Flavio Briatore, que segue como conselheiro, agora acumula fun\u00e7\u00f5es<\/p>\n","protected":false},"author":0,"featured_media":1000931662,"comment_status":"closed","ping_status":"closed","sticky":false,"template":"","format":"standard","meta":{"42wp_featured_image_caption":"","42wp_featured_image_credits":"","42wp_featured_video":"","42wp_featured_image_hidden":false,"42wp_authors_list":[],"footnotes":""},"categories":[2],"tags":[20491,26271,5273,7091,147,3630,885,180,3628,25440,25606,1491,28285,30840,596,40441,35129,42001],"42wp_author":[47161],"class_list":["post-23041","post","type-post","status-publish","format-standard","has-post-thumbnail","hentry","category-f1","tag-alpine","tag-calendario-f1","tag-classificacao-f1","tag-enstone","tag-f1","tag-f1-2025","tag-flavio-briatore","tag-formula-1","tag-formula-1-2025","tag-franco-colapinto","tag-gp-da-emilia-romanha","tag-grande-premio","tag-grandepremio","tag-horarios-f1","tag-jack-doohan","tag-oliver-oakes","tag-onde-assistir-f1","tag-temporada-2025-f1","42wp_author-kaio-esteves"],"_links":{"self":[{"href":"https:\/\/grandepremio.com\/br\/wp-json\/wp\/v2\/posts\/23041","targetHints":{"allow":["GET"]}}],"collection":[{"href":"https:\/\/grandepremio.com\/br\/wp-json\/wp\/v2\/posts"}],"about":[{"href":"https:\/\/grandepremio.com\/br\/wp-json\/wp\/v2\/types\/post"}],"replies":[{"embeddable":true,"href":"https:\/\/grandepremio.com\/br\/wp-json\/wp\/v2\/comments?post=23041"}],"version-history":[{"count":0,"href":"https:\/\/grandepremio.com\/br\/wp-json\/wp\/v2\/posts\/23041\/revisions"}],"wp:featuredmedia":[{"embeddable":true,"href":"https:\/\/grandepremio.com\/br\/wp-json\/wp\/v2\/media\/1000931662"}],"wp:attachment":[{"href":"https:\/\/grandepremio.com\/br\/wp-json\/wp\/v2\/media?parent=23041"}],"wp:term":[{"taxonomy":"category","embeddable":true,"href":"https:\/\/grandepremio.com\/br\/wp-json\/wp\/v2\/categories?post=23041"},{"taxonomy":"post_tag","embeddable":true,"href":"https:\/\/grandepremio.com\/br\/wp-json\/wp\/v2\/tags?post=23041"},{"taxonomy":"42wp_author","embeddable":true,"href":"https:\/\/grandepremio.com\/br\/wp-json\/wp\/v2\/42wp_author?post=23041"}],"curies":[{"name":"wp","href":"https:\/\/api.w.org\/{rel}","templated":true}]}}