{"id":23070,"date":"2025-05-06T10:40:51","date_gmt":"2025-05-06T13:40:51","guid":{"rendered":"https:\/\/grandepremio.com\/br\/noticias\/presidente-fia-indica-teto-gastos-novo-alvo-formula-1-nao-vejo-sentido\/"},"modified":"2025-05-06T19:30:12","modified_gmt":"2025-05-06T22:30:12","slug":"presidente-fia-indica-teto-gastos-novo-alvo-formula-1-nao-vejo-sentido","status":"publish","type":"post","link":"https:\/\/grandepremio.com\/br\/f1\/presidente-fia-indica-teto-gastos-novo-alvo-formula-1-nao-vejo-sentido\/","title":{"rendered":"Presidente da FIA indica teto de gastos como novo alvo na F1: &#8220;N\u00e3o vejo sentido&#8221;"},"content":{"rendered":"\n<p class=\"wp-block-paragraph\">A inser\u00e7\u00e3o do <strong>teto or\u00e7ament\u00e1rio<\/strong> na <strong>F1<\/strong>, anunciado ainda antes da pandemia, em 2019, hoje \u00e9 tratado como ponto fundamental da estabilidade financeira atingido pelas equipes na era <strong>Liberty Media<\/strong>. Mas o presidente da <strong>FIA (Federa\u00e7\u00e3o Internacional de Automobilismo)<\/strong> escolheu partir para o primeiro ataque contra o modelo quase quatro anos ap\u00f3s tomar posse como mandat\u00e1rio.<\/p>\n\n\n\n<p class=\"wp-block-paragraph\"><strong>Mohammed ben Sulayem<\/strong>, presidente da FIA, lan\u00e7ou certa ira contra o teto or\u00e7ament\u00e1rio durante o fim de semana do <strong><a href=\"https:\/\/www.grandepremio.com\/br\/f1\/noticias\/oscar-piastri-fecha-porta-cara-max-verstappen-vence-gp-miami-gabriel-bortoleto-abandona\/\">GP de Miami<\/a><\/strong> de F1. Isso, porque \u00e9 a divis\u00e3o cont\u00e1bil e financeira da federa\u00e7\u00e3o que tem como responsabilidade analisar todas as informa\u00e7\u00f5es financeiras das equipes.<\/p>\n\n\n\n<p class=\"wp-block-paragraph\">&#8220;Vejo o teto or\u00e7ament\u00e1rio e a verdade \u00e9 que apenas d\u00e1 uma dor de cabe\u00e7a para a FIA. Qual o ponto dele?&#8221;, questionou. &#8220;N\u00e3o vejo qual o sentido. Realmente n\u00e3o vejo&#8221;, concluiu.<\/p>\n\n\n\n<p class=\"wp-block-paragraph\">Embora o teto tenha sido alvo do ataque \u2014 e raramente Sulayem fala apenas uma vez sobre algum assunto desde que se tornou a figura \u00e0 frente do automobilismo mundial \u2014, o assunto surgiu enquanto tratava de outra quest\u00e3o. No caso, a sugest\u00e3o da <strong>McLaren<\/strong> de que equipes tenham de pagar uma quantia caso desejem protestar sobre algum aspecto do trabalho de uma rival.<\/p>\n\n\n\n<figure class=\"wp-block-image size-large\"><img decoding=\"async\" src=\"https:\/\/www.grandepremio.com\/br\/wp-content\/uploads\/2024\/12\/Mohammed-Ben-Sulayem_4-1200x800.jpg\" alt=\"F1, F\u00d3RMULA 1, FIA, Presidente da FIA, Mohammed Ben Sulayem, AFP\" class=\"wp-image-912832\"\/><figcaption class=\"wp-element-caption\">Sob Ben Sulayem, conflitos e confus\u00f5es entre FIA e F1 n\u00e3o param (Foto: AFP)<\/figcaption><\/figure>\n\n\n\n<p class=\"wp-block-paragraph\">&#8220;Voc\u00ea n\u00e3o pode simplesmente acusar algu\u00e9m sem um protesto escrito, e, para esse protesto, \u00e9 preciso pagar&#8221;, apontou Sulayem. Concordando, portanto, ao que havia dito <strong>Zak Brown<\/strong>, CEO da companhia inglesa.<\/p>\n\n\n\n<p class=\"wp-block-paragraph\">O presidente da FIA at\u00e9 chegou a falar da quantia de US$ 50 mil \u2014 equivalente e R$ 272,7 mil na convers\u00e3o mais recente \u2014 como poss\u00edvel pre\u00e7o para um protesto \u2014 valor que seria devolvido caso o motivo do protesto se prove acertado. O que disse avaliar \u00e9 se esse valor deve contar para o teto or\u00e7ament\u00e1rio ou se seria algo \u00e0 parte. Da\u00ed a conex\u00e3o com as cr\u00edticas ao teto.<\/p>\n\n\n\n<p class=\"wp-block-paragraph\">Al\u00e9m das quest\u00f5es financeiras, o presidente da FIA ainda prometeu um esclarecimento nas altera\u00e7\u00f5es feitas na c\u00f3digo de conduta dos pilotos no que diz respeito ao banimento dos palavr\u00f5es. Mas garantiu que n\u00e3o vai retirar a proibi\u00e7\u00e3o, apenas alterar alguns t\u00f3picos do regramento.<\/p>\n\n\n\n<p class=\"wp-block-paragraph\">A\u00a0<a href=\"https:\/\/www.grandepremio.com\/br\/f1\/\" target=\"_blank\" rel=\"noreferrer noopener\"><\/a><a href=\"https:\/\/www.grandepremio.com\/br\/f1\/\" target=\"_blank\" rel=\"noreferrer noopener\">F\u00f3rmula 1<\/a>\u00a0retorna na semana que vem, de 16 a 18 de maio, para o\u00a0<strong>GP da Em\u00edlia-Romanha<\/strong>, o primeiro da temporada 2025 na Europa.<\/p>\n\n\n\n<p class=\"wp-block-paragraph\"><strong>\u25b6\ufe0f<\/strong>&nbsp;<strong>Inscreva-se nos dois canais do GRANDE PR\u00caMIO no YouTube:&nbsp;<a href=\"https:\/\/www.youtube.com\/channel\/UC9OlHEgxoaY6QY6nWPoiqQg?sub_confirmation=1\" target=\"_blank\" rel=\"noreferrer noopener\">GP<\/a>&nbsp;|&nbsp;<a href=\"https:\/\/www.youtube.com\/channel\/UC9csiS6q_C3C0FYhyr1rnFA?sub_confirmation=1\" target=\"_blank\" rel=\"noreferrer noopener\">GP2<\/a><\/strong><br>\u25b6\ufe0f&nbsp;<strong>LEIA TAMB\u00c9M:&nbsp;<a href=\"https:\/\/www.grandepremio.com\/br\/f1\/noticias\/passeio-gp-miami-escancara-dominio-mclaren-ratifica-favoritismo-oscar-piastri-f1-2025\/\">Passeio em Miami escancara dom\u00ednio da McLaren e ratifica favoritismo de Piastri<\/a><\/strong><\/p>\n\n\n\n<figure class=\"wp-block-embed is-type-video is-provider-youtube wp-block-embed-youtube wp-embed-aspect-16-9 wp-has-aspect-ratio\"><div class=\"wp-block-embed__wrapper\">\n<iframe loading=\"lazy\" title=\"PIASTRI BAILA EM VERSTAPPEN EM MIAMI. HAMILTON \u00c9 IR\u00d4NICO, BORTOLETO D\u00c1 AZAR | Paddock GP #414\" width=\"500\" height=\"281\" src=\"https:\/\/www.youtube.com\/embed\/7AVsc80pNP8?feature=oembed\" frameborder=\"0\" allow=\"accelerometer; autoplay; clipboard-write; encrypted-media; gyroscope; picture-in-picture; web-share\" referrerpolicy=\"strict-origin-when-cross-origin\" allowfullscreen><\/iframe>\n<\/div><figcaption class=\"wp-element-caption\">PIASTRI BAILA EM VERSTAPPEN EM MIAMI. HAMILTON \u00c9 IR\u00d4NICO, BORTOLETO D\u00c1 AZAR | Paddock GP #414<\/figcaption><\/figure>\n","protected":false},"excerpt":{"rendered":"<p>Mohammed ben Sulayem, presidente da FIA, lan\u00e7ou um novo campo de batalhas contra a F\u00f3rmula 1. O objeto da nova implic\u00e2ncia \u00e9 o teto or\u00e7ament\u00e1rio<\/p>\n","protected":false},"author":0,"featured_media":1000804950,"comment_status":"closed","ping_status":"closed","sticky":false,"template":"","format":"standard","meta":{"42wp_featured_image_caption":"","42wp_featured_image_credits":"","42wp_featured_video":"","42wp_featured_image_hidden":false,"42wp_authors_list":[],"footnotes":""},"categories":[2],"tags":[26000,5660,3630,642,25893,30344,1500,1287,24943],"42wp_author":[47120],"class_list":["post-23070","post","type-post","status-publish","format-standard","has-post-thumbnail","hentry","category-f1","tag-audiencia-da-tv","tag-classificacao","tag-f1-2025","tag-f1-ao-vivo","tag-federacao-internacional-de-automobilismo","tag-mohammed-ben-sulayem","tag-presidente-da-fia","tag-teto-de-gastos","tag-teto-orcamentario","42wp_author-pedro-henrique-marum"],"_links":{"self":[{"href":"https:\/\/grandepremio.com\/br\/wp-json\/wp\/v2\/posts\/23070","targetHints":{"allow":["GET"]}}],"collection":[{"href":"https:\/\/grandepremio.com\/br\/wp-json\/wp\/v2\/posts"}],"about":[{"href":"https:\/\/grandepremio.com\/br\/wp-json\/wp\/v2\/types\/post"}],"replies":[{"embeddable":true,"href":"https:\/\/grandepremio.com\/br\/wp-json\/wp\/v2\/comments?post=23070"}],"version-history":[{"count":0,"href":"https:\/\/grandepremio.com\/br\/wp-json\/wp\/v2\/posts\/23070\/revisions"}],"wp:featuredmedia":[{"embeddable":true,"href":"https:\/\/grandepremio.com\/br\/wp-json\/wp\/v2\/media\/1000804950"}],"wp:attachment":[{"href":"https:\/\/grandepremio.com\/br\/wp-json\/wp\/v2\/media?parent=23070"}],"wp:term":[{"taxonomy":"category","embeddable":true,"href":"https:\/\/grandepremio.com\/br\/wp-json\/wp\/v2\/categories?post=23070"},{"taxonomy":"post_tag","embeddable":true,"href":"https:\/\/grandepremio.com\/br\/wp-json\/wp\/v2\/tags?post=23070"},{"taxonomy":"42wp_author","embeddable":true,"href":"https:\/\/grandepremio.com\/br\/wp-json\/wp\/v2\/42wp_author?post=23070"}],"curies":[{"name":"wp","href":"https:\/\/api.w.org\/{rel}","templated":true}]}}