{"id":23104,"date":"2025-05-05T11:43:30","date_gmt":"2025-05-05T14:43:30","guid":{"rendered":"https:\/\/grandepremio.com\/br\/noticias\/jack-doohan-recebe-aviso-alpine-substituicao-franco-colapinto-gp-miami\/"},"modified":"2025-05-05T13:35:47","modified_gmt":"2025-05-05T16:35:47","slug":"jack-doohan-recebe-aviso-alpine-substituicao-franco-colapinto-gp-miami","status":"publish","type":"post","link":"https:\/\/grandepremio.com\/br\/f1\/jack-doohan-recebe-aviso-alpine-substituicao-franco-colapinto-gp-miami\/","title":{"rendered":"Doohan recebe aviso da Alpine sobre substitui\u00e7\u00e3o por Colapinto ap\u00f3s GP de Miami"},"content":{"rendered":"\n<p class=\"wp-block-paragraph\"><strong>Jack Doohan<\/strong> j\u00e1 foi informado que n\u00e3o seguir\u00e1 como piloto da <strong>Alpine <\/strong>na <strong>F\u00f3rmula 1<\/strong> a partir do <strong>GP da Em\u00edlia-Romanha<\/strong>, em <strong>\u00cdmola<\/strong>, o pr\u00f3ximo da<strong> temporada 2025<\/strong>. A informa\u00e7\u00e3o \u00e9 do portal <em>The Race<\/em> desta segunda-feira (5), complementando que o an\u00fancio do retorno de<strong> Franco Colapinto <\/strong>ao grid na vaga deixada pelo australiano est\u00e1 prestes a acontecer.<\/p>\n\n\n\n<p class=\"wp-block-paragraph\">Doohan assumiu o posto deixado por<strong> Esteban Ocon<\/strong> na Alpine, mas j\u00e1 come\u00e7ou a temporada com o emprego amea\u00e7ado por Colapinto, ent\u00e3o rec\u00e9m-contratado para assumir o posto de piloto reserva depois da \u00f3tima impress\u00e3o deixada nas nove corridas em que disputou com a <strong>Williams<\/strong> em 2024.<\/p>\n\n\n\n<p class=\"wp-block-paragraph\">A partir da\u00ed, a press\u00e3o sobre o novato australiano s\u00f3 crescia, e os constantes erros tamb\u00e9m contribu\u00edram ainda mais: teve dificuldades desde a estreia no GP de Abu Dhabi de 2024, sofreu\u00a0<strong><a href=\"https:\/\/www.grandepremio.com\/br\/f1\/noticias\/jack-doohan-perde-controle-destroi-alpine-pancada-violenta-tl2-gp-do-japao\/\">forte acidente no segundo treino livre do GP do Jap\u00e3o<\/a><\/strong>\u00a0e\u00a0<strong><a href=\"https:\/\/www.grandepremio.com\/br\/f1\/noticias\/jack-doohan-leva-mais-2-pontos-carteira-forcar-isack-hadjar-fora-pista-gp-china\/\">acumulou puni\u00e7\u00f5es na China<\/a><\/strong>, somando quatro pontos na superlicen\u00e7a.<\/p>\n\n\n\n<p class=\"wp-block-paragraph\">Para piorar, <strong>Horacio Mar\u00edn<\/strong>, CEO da\u00a0<strong>estatal argentina YPF<\/strong>\u00a0\u2014 uma das patrocinadoras de Colapinto \u2014,\u00a0<a href=\"https:\/\/www.grandepremio.com\/br\/f1\/noticias\/patrocinador-franco-colapinto-reacende-rumores-deixa-escapar-imola-palco-retorno\/\">deixou escapar em entrevista ao canal de TV argentino\u00a0<em>Am\u00e9rica 24<\/em><\/a> que o argentino assumiria o volante da Alpine &#8220;em \u00cdmola&#8221;, quando, em off, n\u00e3o se deu conta de que o microfone ainda estava aberto.<\/p>\n\n\n\n<figure class=\"wp-block-image size-large\"><img decoding=\"async\" src=\"https:\/\/www.grandepremio.com\/br\/wp-content\/uploads\/2025\/02\/imagem_2025-02-06_100808075-1200x924.png\" alt=\"\" class=\"wp-image-925224\"\/><figcaption class=\"wp-element-caption\">Franco Colapinto volta ao grid em \u00cdmola, informou m\u00eddia inglesa (Foto: Alpine)<\/figcaption><\/figure>\n\n\n\n<p class=\"wp-block-paragraph\">A Alpine, claro, contornou a situa\u00e7\u00e3o, e a performance de Doohan no <strong>Bahrein <\/strong>fez o time reconsiderar a decis\u00e3o de trocar os pilotos, estipulando as f\u00e9rias de ver\u00e3o na Europa como novo prazo. S\u00f3 que o abandono ainda na largada do <strong>GP de Miami<\/strong>, depois de se envolver em incidente com <strong>Liam Lawson<\/strong>, foi a gota d&#8217;\u00e1gua.<\/p>\n\n\n\n<p class=\"wp-block-paragraph\">Espera-se, portanto, que Doohan deixe a Alpine em <strong>\u00cdmola<\/strong>. Ele j\u00e1 foi informado que a troca por Colapinto ser\u00e1 imediata, informou a publica\u00e7\u00e3o inglesa.<\/p>\n\n\n\n<p class=\"wp-block-paragraph\">A\u00a0<a href=\"https:\/\/www.grandepremio.com\/br\/f1\/\" target=\"_blank\" rel=\"noreferrer noopener\"><\/a><strong><a href=\"https:\/\/www.grandepremio.com\/br\/f1\/\" target=\"_blank\" rel=\"noreferrer noopener\">F\u00f3rmula 1<\/a>\u00a0<\/strong>retorna de 16 a 18 de maio para o\u00a0<strong>GP da Em\u00edlia-<a href=\"https:\/\/www.grandepremio.com\/br\/circuito\/roma\/\" target=\"_blank\" rel=\"noreferrer noopener\">Roma<\/a>nha<\/strong>, em\u00a0<a href=\"https:\/\/www.grandepremio.com\/br\/circuito\/399739\/\" target=\"_blank\" rel=\"noreferrer noopener\">\u00cdmola<\/a>, o primeiro da temporada 2025 na Europa.<\/p>\n\n\n\n<p class=\"wp-block-paragraph\"><strong>\u25b6\ufe0f<\/strong> <strong>Inscreva-se nos dois canais do GRANDE PR\u00caMIO no YouTube:\u00a0<a href=\"https:\/\/www.youtube.com\/channel\/UC9OlHEgxoaY6QY6nWPoiqQg?sub_confirmation=1\" target=\"_blank\" rel=\"noreferrer noopener\">GP<\/a>\u00a0|\u00a0<a href=\"https:\/\/www.youtube.com\/channel\/UC9csiS6q_C3C0FYhyr1rnFA?sub_confirmation=1\" target=\"_blank\" rel=\"noreferrer noopener\">GP2<\/a><\/strong><br>\u25b6\ufe0f <strong>LEIA TAMB\u00c9M:\u00a0<a href=\"https:\/\/www.grandepremio.com\/br\/f1\/noticias\/opiniao-gp-ferrari-fica-perto-explodir-reviravolta-tecnica-salva-humilhacao\/\">Opini\u00e3o GP: Ferrari fica perto de explodir, e s\u00f3 reviravolta t\u00e9cnica salva da humilha\u00e7\u00e3o<\/a><\/strong><\/p>\n\n\n\n<figure class=\"wp-block-embed is-type-video is-provider-youtube wp-block-embed-youtube wp-embed-aspect-16-9 wp-has-aspect-ratio\"><div class=\"wp-block-embed__wrapper\">\n<iframe loading=\"lazy\" title=\"PIASTRI VENCE E MOSTRA FOR\u00c7A NA McLAREN, NORRIS 2\u00ba, BORTOLETO FORA: O GP DE MIAMI DE F1 | BRIEFING\" width=\"500\" height=\"281\" src=\"https:\/\/www.youtube.com\/embed\/mds8NUMbO-Q?feature=oembed\" frameborder=\"0\" allow=\"accelerometer; autoplay; clipboard-write; encrypted-media; gyroscope; picture-in-picture; web-share\" referrerpolicy=\"strict-origin-when-cross-origin\" allowfullscreen><\/iframe>\n<\/div><\/figure>\n","protected":false},"excerpt":{"rendered":"<p>Jack Doohan j\u00e1 foi avisado pela Alpine que ser\u00e1 substitu\u00eddo por Franco Colapinto a partir do GP da Em\u00edlia-Romanha, em \u00cdmola, informou o portal The Race nesta segunda-feira (5). O an\u00fancio \u00e9 esperado ainda para esta semana<\/p>\n","protected":false},"author":0,"featured_media":1000963650,"comment_status":"closed","ping_status":"closed","sticky":false,"template":"","format":"standard","meta":{"42wp_featured_image_caption":"","42wp_featured_image_credits":"","42wp_featured_video":"","42wp_featured_image_hidden":false,"42wp_authors_list":[],"footnotes":""},"categories":[2],"tags":[26271,5273,147,3630,180,3628,25440,34737,34707,1491,28285,30840,596,2470,43248,31473,35129,42001],"42wp_author":[47147],"class_list":["post-23104","post","type-post","status-publish","format-standard","has-post-thumbnail","hentry","category-f1","tag-calendario-f1","tag-classificacao-f1","tag-f1","tag-f1-2025","tag-formula-1","tag-formula-1-2025","tag-franco-colapinto","tag-gp-de-miami-f1","tag-gp-miami","tag-grande-premio","tag-grandepremio","tag-horarios-f1","tag-jack-doohan","tag-miami","tag-miami-2025","tag-miami-f1","tag-onde-assistir-f1","tag-temporada-2025-f1","42wp_author-luana-marino"],"_links":{"self":[{"href":"https:\/\/grandepremio.com\/br\/wp-json\/wp\/v2\/posts\/23104","targetHints":{"allow":["GET"]}}],"collection":[{"href":"https:\/\/grandepremio.com\/br\/wp-json\/wp\/v2\/posts"}],"about":[{"href":"https:\/\/grandepremio.com\/br\/wp-json\/wp\/v2\/types\/post"}],"replies":[{"embeddable":true,"href":"https:\/\/grandepremio.com\/br\/wp-json\/wp\/v2\/comments?post=23104"}],"version-history":[{"count":0,"href":"https:\/\/grandepremio.com\/br\/wp-json\/wp\/v2\/posts\/23104\/revisions"}],"wp:featuredmedia":[{"embeddable":true,"href":"https:\/\/grandepremio.com\/br\/wp-json\/wp\/v2\/media\/1000963650"}],"wp:attachment":[{"href":"https:\/\/grandepremio.com\/br\/wp-json\/wp\/v2\/media?parent=23104"}],"wp:term":[{"taxonomy":"category","embeddable":true,"href":"https:\/\/grandepremio.com\/br\/wp-json\/wp\/v2\/categories?post=23104"},{"taxonomy":"post_tag","embeddable":true,"href":"https:\/\/grandepremio.com\/br\/wp-json\/wp\/v2\/tags?post=23104"},{"taxonomy":"42wp_author","embeddable":true,"href":"https:\/\/grandepremio.com\/br\/wp-json\/wp\/v2\/42wp_author?post=23104"}],"curies":[{"name":"wp","href":"https:\/\/api.w.org\/{rel}","templated":true}]}}