{"id":23209,"date":"2025-05-03T21:02:45","date_gmt":"2025-05-04T00:02:45","guid":{"rendered":"https:\/\/grandepremio.com\/br\/noticias\/fernando-alonso-assume-desafio-pontuar-miami-precisamos-encontrar-ritmo\/"},"modified":"2025-05-04T18:55:27","modified_gmt":"2025-05-04T21:55:27","slug":"fernando-alonso-assume-desafio-pontuar-miami-precisamos-encontrar-ritmo","status":"publish","type":"post","link":"https:\/\/grandepremio.com\/br\/f1\/fernando-alonso-assume-desafio-pontuar-miami-precisamos-encontrar-ritmo\/","title":{"rendered":"Alonso assume que &#8220;vai ser desafio&#8221; pontuar em Miami: &#8220;Precisamos encontrar ritmo&#8221;"},"content":{"rendered":"\n<p class=\"wp-block-paragraph\"><strong>Fernando Alonso<\/strong> reconheceu que marcar pontos no <strong>GP de Miami<\/strong> vai ser praticamente um milagre para a <strong>Aston Martin<\/strong>. Largando apenas em 17\u00ba, afirmou que a equipe precisa entender os problemas para encontrar ritmo, j\u00e1 que ele foi inexistente para ao menos avan\u00e7ar para o <strong>Q2<\/strong>.<\/p>\n\n\n\n<p class=\"wp-block-paragraph\">Alonso fez a sua melhor volta em 1min27s604, ficando \u00e0 frente apenas de <strong>Pierre Gasly<\/strong>, <strong>Lance Stroll <\/strong>e <strong>Oliver Bearman<\/strong>. &#8220;Um dia dif\u00edcil&#8221;, portanto, conforme declarou depois da sess\u00e3o que definiu a pole-position para <strong>Max Verstappen<\/strong>.<\/p>\n\n\n\n<p class=\"wp-block-paragraph\">&#8220;Na classifica\u00e7\u00e3o, simplesmente n\u00e3o t\u00ednhamos ritmo para avan\u00e7ar para o Q2, ent\u00e3o vai ser um desafio pontuar amanh\u00e3. Precisamos entender melhor os problemas e encontrar ritmo&#8221;, acrescentou.<\/p>\n\n\n\n<p class=\"wp-block-paragraph\">Antes da classifica\u00e7\u00e3o, os pilotos realizaram a sprint, e Alonso at\u00e9 vinha bem at\u00e9 ser acertado por <strong>Liam Lawson<\/strong>, bater forte e causar o safety-car que ajudou <strong>Lando Norris<\/strong> a vencer. Mas em vez de reclamar, preferiu se ater \u00e0 parte positiva.<\/p>\n\n\n\n<figure class=\"wp-block-image size-large\"><img decoding=\"async\" src=\"https:\/\/www.grandepremio.com\/br\/wp-content\/uploads\/2025\/05\/miami-2025-f1-classificacao-aston-martin-fernando-alonso-afp-03-1200x800.jpg\" alt=\"\" class=\"wp-image-962967\"\/><figcaption class=\"wp-element-caption\">Fernando Alonso parou no Q1 (Foto: AFP)<\/figcaption><\/figure>\n\n\n\n<p class=\"wp-block-paragraph\">&#8220;Na sprint, estava fazendo uma corrida perfeita e me senti competitivo. Dever\u00edamos ter usado os slicks antes, mas ainda assim ir\u00edamos pontuar quando Lawson me tocou&#8221;, lamentou.<\/p>\n\n\n\n<p class=\"wp-block-paragraph\">&#8220;Agrade\u00e7o \u00e0 equipe que ajudou a consertar o carro antes da classifica\u00e7\u00e3o: os mec\u00e2nicos sempre t\u00eam um desempenho de alto n\u00edvel, ent\u00e3o, obrigado a eles&#8221;, encerrou Alonso.<\/p>\n\n\n\n<p class=\"wp-block-paragraph\">A\u00a0<strong><a href=\"https:\/\/www.grandepremio.com\/br\/f1\/\" target=\"_blank\" rel=\"noreferrer noopener\"><\/a><a href=\"https:\/\/www.grandepremio.com\/br\/f1\/\" target=\"_blank\" rel=\"noreferrer noopener\">F\u00f3rmula 1<\/a><\/strong>\u00a0realiza o\u00a0<strong>GP de\u00a0<a href=\"https:\/\/www.grandepremio.com\/br\/circuito\/miami\/\" target=\"_blank\" rel=\"noreferrer noopener\">Miami<\/a><\/strong>, primeiro do ano nos\u00a0<strong>Estados Unidos<\/strong>, entre os dias 2 e 4 de maio. \u00c9 a sexta etapa da\u00a0<strong>temporada 2025<\/strong>. O\u00a0<strong>GRANDE PR\u00caMIO<\/strong>\u00a0acompanha todas as atividades\u00a0<strong><a href=\"https:\/\/www.grandepremio.com\/br\/f1\/ao-vivo\" target=\"_blank\" rel=\"noreferrer noopener\">AO VIVO E EM\u00a0<\/a><a href=\"https:\/\/www.grandepremio.com\/br\/ao-vivo\/\" target=\"_blank\" rel=\"noreferrer noopener\">TEMPO REAL<\/a><\/strong>, al\u00e9m de classifica\u00e7\u00f5es, corrida sprint e corrida em\u00a0<strong><a href=\"https:\/\/www.youtube.com\/@GrandePremio1\/streams\" target=\"_blank\" rel=\"noreferrer noopener\">SEGUNDA TELA no YouTube<\/a><\/strong>, em parceria com a Voz do Esporte. No\u00a0<strong>domingo\u00a0<\/strong>(4), os pilotos disputam o GP de Miami\u00a0<strong>\u00e0s 17h<\/strong>\u00a0(de Bras\u00edlia, GMT-3). O\u00a0<strong>Briefing\u00a0<\/strong>chega para comentar na GPTV ap\u00f3s o fim de cada dia de atividades.<\/p>\n\n\n\n<p class=\"wp-block-paragraph\"><strong>\u25b6\ufe0f<\/strong> <strong>Inscreva-se nos dois canais do GRANDE PR\u00caMIO no YouTube:\u00a0<a href=\"https:\/\/www.youtube.com\/channel\/UC9OlHEgxoaY6QY6nWPoiqQg?sub_confirmation=1\" target=\"_blank\" rel=\"noreferrer noopener\">GP<\/a>\u00a0|\u00a0<a href=\"https:\/\/www.youtube.com\/channel\/UC9csiS6q_C3C0FYhyr1rnFA?sub_confirmation=1\" target=\"_blank\" rel=\"noreferrer noopener\">GP2<\/a><\/strong><br>\u25b6\ufe0f <strong>LEIA TAMB\u00c9M:\u00a0<a href=\"https:\/\/www.grandepremio.com\/br\/f1\/noticias\/red-bull-questiona-barulho-sobre-saida-max-verstappen-internamente-nao-existe\/\">Red Bull questiona \u201cbarulho\u201d sobre sa\u00edda de Verstappen: \u201cInternamente n\u00e3o existe\u201d<\/a><\/strong><\/p>\n\n\n\n<figure class=\"wp-block-embed is-type-video is-provider-youtube wp-block-embed-youtube wp-embed-aspect-16-9 wp-has-aspect-ratio\"><div class=\"wp-block-embed__wrapper\">\n<iframe loading=\"lazy\" title=\"VERSTAPPEN BATE McLAREN E \u00c9 POLE, NORRIS VENCE SPRINT: O S\u00c1BADO DA F1 EM MIAMI | BRIEFING\" width=\"500\" height=\"281\" src=\"https:\/\/www.youtube.com\/embed\/EOThA-D2-0o?feature=oembed\" frameborder=\"0\" allow=\"accelerometer; autoplay; clipboard-write; encrypted-media; gyroscope; picture-in-picture; web-share\" referrerpolicy=\"strict-origin-when-cross-origin\" allowfullscreen><\/iframe>\n<\/div><\/figure>\n","protected":false},"excerpt":{"rendered":"<p>Fernando Alonso ficou apenas em 17\u00ba na classifica\u00e7\u00e3o do GP de Miami e afirmou que a Aston Martin precisa entender o que acontece com o ritmo<\/p>\n","protected":false},"author":0,"featured_media":1000962966,"comment_status":"closed","ping_status":"closed","sticky":false,"template":"","format":"standard","meta":{"42wp_featured_image_caption":"","42wp_featured_image_credits":"","42wp_featured_video":"","42wp_featured_image_hidden":false,"42wp_authors_list":[],"footnotes":""},"categories":[2],"tags":[26271,5273,147,3630,176,180,3628,34737,34707,1491,28285,30840,2470,43248,31473,35129,42001],"42wp_author":[47147],"class_list":["post-23209","post","type-post","status-publish","format-standard","has-post-thumbnail","hentry","category-f1","tag-calendario-f1","tag-classificacao-f1","tag-f1","tag-f1-2025","tag-fernando-alonso","tag-formula-1","tag-formula-1-2025","tag-gp-de-miami-f1","tag-gp-miami","tag-grande-premio","tag-grandepremio","tag-horarios-f1","tag-miami","tag-miami-2025","tag-miami-f1","tag-onde-assistir-f1","tag-temporada-2025-f1","42wp_author-luana-marino"],"_links":{"self":[{"href":"https:\/\/grandepremio.com\/br\/wp-json\/wp\/v2\/posts\/23209","targetHints":{"allow":["GET"]}}],"collection":[{"href":"https:\/\/grandepremio.com\/br\/wp-json\/wp\/v2\/posts"}],"about":[{"href":"https:\/\/grandepremio.com\/br\/wp-json\/wp\/v2\/types\/post"}],"replies":[{"embeddable":true,"href":"https:\/\/grandepremio.com\/br\/wp-json\/wp\/v2\/comments?post=23209"}],"version-history":[{"count":0,"href":"https:\/\/grandepremio.com\/br\/wp-json\/wp\/v2\/posts\/23209\/revisions"}],"wp:featuredmedia":[{"embeddable":true,"href":"https:\/\/grandepremio.com\/br\/wp-json\/wp\/v2\/media\/1000962966"}],"wp:attachment":[{"href":"https:\/\/grandepremio.com\/br\/wp-json\/wp\/v2\/media?parent=23209"}],"wp:term":[{"taxonomy":"category","embeddable":true,"href":"https:\/\/grandepremio.com\/br\/wp-json\/wp\/v2\/categories?post=23209"},{"taxonomy":"post_tag","embeddable":true,"href":"https:\/\/grandepremio.com\/br\/wp-json\/wp\/v2\/tags?post=23209"},{"taxonomy":"42wp_author","embeddable":true,"href":"https:\/\/grandepremio.com\/br\/wp-json\/wp\/v2\/42wp_author?post=23209"}],"curies":[{"name":"wp","href":"https:\/\/api.w.org\/{rel}","templated":true}]}}