{"id":23211,"date":"2025-05-03T20:36:21","date_gmt":"2025-05-03T23:36:21","guid":{"rendered":"https:\/\/grandepremio.com\/br\/noticias\/yuki-tsunoda-admite-aproveitar-configuracao-max-verstappen-para-entender-rb21-miami\/"},"modified":"2025-05-03T21:02:25","modified_gmt":"2025-05-04T00:02:25","slug":"yuki-tsunoda-admite-aproveitar-configuracao-max-verstappen-para-entender-rb21-miami","status":"publish","type":"post","link":"https:\/\/grandepremio.com\/br\/f1\/yuki-tsunoda-admite-aproveitar-configuracao-max-verstappen-para-entender-rb21-miami\/","title":{"rendered":"Tsunoda admite &#8220;aproveitar configura\u00e7\u00e3o de Verstappen&#8221; para entender RB21 em Miami"},"content":{"rendered":"\n<p class=\"wp-block-paragraph\">D\u00e9cimo colocado no grid de largada do <strong>GP de Miami<\/strong>, sexta etapa da temporada 2025 da <strong>F\u00f3rmula 1<\/strong>, <strong>Yuki Tsunoda<\/strong> lamentou o fato de ainda estar tendo dificuldades para se entender com o carro da <strong>Red Bull<\/strong>. No entanto, ap\u00f3s a <a href=\"https:\/\/www.grandepremio.com\/br\/f1\/noticias\/max-verstappen-magica-novo-dribla-mclaren-crava-pole-gp-miami-gabriel-bortoleto-13o\/\">classifica\u00e7\u00e3o deste s\u00e1bado (3)<\/a>, o japon\u00eas mostrou certo otimismo com a possibilidade de superar alguns rivais e, desta forma, avan\u00e7ar no pelot\u00e3o para somar pontos importantes no campeonato.<\/p>\n\n\n\n<p class=\"wp-block-paragraph\">Ao anotar 1min26s943 no cron\u00f4metro, o dono do <strong>RB21 #22<\/strong> foi 0s739 mais lento que o tempo de <strong>Max Verstappen<\/strong>, que conquistou a pole-position no circuito localizado nos arredores do <strong>Hard Rock Stadium<\/strong>. Mesmo que o objetivo n\u00e3o seja derrotar o companheiro de equipe, o piloto de 24 anos disse que quer entender o motivo de n\u00e3o estar sendo capaz de ter uma performance melhor.<\/p>\n\n\n\n<p class=\"wp-block-paragraph\">&#8220;\u00c9 um pouco confuso, porque o carro n\u00e3o est\u00e1 progredindo como esperado. Estou fazendo minha pr\u00f3pria configura\u00e7\u00e3o, mas o Max deu alguns passos importantes, ent\u00e3o estou tentando aproveitar o que h\u00e1 de bom na configura\u00e7\u00e3o dele tamb\u00e9m&#8221;, admitiu Tsunoda aos rep\u00f3rteres.<\/p>\n\n\n\n<p class=\"wp-block-paragraph\">De olho na prova deste domingo, analisou quais s\u00e3o as chances de superar os carros que est\u00e3o logo \u00e0 frente \u2014 e que incluem <strong>Esteban Ocon<\/strong>, <strong>Charles Leclerc<\/strong>, <strong>Alexander Albon<\/strong> e <strong>Carlos Sainz<\/strong>, por exemplo. Para Yuki, a grande dificuldade pode ser a falta de visibilidade causada pela chuva que promete cair em Miami mais uma vez.<\/p>\n\n\n\n<figure class=\"wp-block-image size-large\"><img decoding=\"async\" src=\"https:\/\/www.grandepremio.com\/br\/wp-content\/uploads\/2025\/05\/miami-2025-f1-classificacao-red-bull-yuki-tsunoda-afp-06-1200x767.jpg\" alt=\"\" class=\"wp-image-963002\"\/><figcaption class=\"wp-element-caption\">Yuki Tsunoda terminou apenas em d\u00e9cimo na classifica\u00e7\u00e3o em Miami (Foto: AFP)<\/figcaption><\/figure>\n\n\n\n<p class=\"wp-block-paragraph\">\u25b6\ufe0f <strong>Inscreva-se nos dois canais do GRANDE PR\u00caMIO no YouTube:\u00a0<a href=\"https:\/\/www.youtube.com\/channel\/UC9OlHEgxoaY6QY6nWPoiqQg?sub_confirmation=1\" target=\"_blank\" rel=\"noreferrer noopener\">GP<\/a>\u00a0|\u00a0<a href=\"https:\/\/www.youtube.com\/channel\/UC9csiS6q_C3C0FYhyr1rnFA?sub_confirmation=1\" target=\"_blank\" rel=\"noreferrer noopener\">GP2<\/a><\/strong><br>\u25b6\ufe0f <strong>LEIA TAMB\u00c9M:\u00a0<a href=\"https:\/\/www.grandepremio.com\/br\/f1\/noticias\/red-bull-questiona-barulho-sobre-saida-max-verstappen-internamente-nao-existe\/\">Red Bull questiona \u201cbarulho\u201d sobre sa\u00edda de Verstappen: \u201cInternamente n\u00e3o existe\u201d<\/a><\/strong><\/p>\n\n\n\n<p class=\"wp-block-paragraph\">&#8220;Gostaria de ultrapassar alguns carros na corrida de amanh\u00e3. N\u00e3o deve ser muito dif\u00edcil. Na pista molhada, a visibilidade foi o principal problema&#8221;, lembrou. &#8220;Fora isso, est\u00e1 tudo bem, pois n\u00e3o h\u00e1 muitas curvas de alta velocidade. Mas o setor 2 \u00e9 estreito, com muitas linhas brancas e curvas, e frear \u00e9 particularmente complicado&#8221;, completou.<\/p>\n\n\n\n<p class=\"wp-block-paragraph\">A\u00a0<strong><a href=\"https:\/\/www.grandepremio.com\/br\/f1\/\" target=\"_blank\" rel=\"noreferrer noopener\"><\/a><a href=\"https:\/\/www.grandepremio.com\/br\/f1\/\" target=\"_blank\" rel=\"noreferrer noopener\">F\u00f3rmula 1<\/a><\/strong>\u00a0realiza o\u00a0<strong>GP de\u00a0<a href=\"https:\/\/www.grandepremio.com\/br\/circuito\/miami\/\" target=\"_blank\" rel=\"noreferrer noopener\">Miami<\/a><\/strong>, primeiro do ano nos\u00a0<strong>Estados Unidos<\/strong>, entre os dias 2 e 4 de maio. \u00c9 a sexta etapa da\u00a0<strong>temporada 2025<\/strong>. O\u00a0<strong>GRANDE PR\u00caMIO<\/strong>\u00a0acompanha todas as atividades\u00a0<strong><a href=\"https:\/\/www.grandepremio.com\/br\/f1\/ao-vivo\" target=\"_blank\" rel=\"noreferrer noopener\">AO VIVO E EM\u00a0<\/a><a href=\"https:\/\/www.grandepremio.com\/br\/ao-vivo\/\" target=\"_blank\" rel=\"noreferrer noopener\">TEMPO REAL<\/a><\/strong>, al\u00e9m de classifica\u00e7\u00f5es, corrida sprint e corrida em\u00a0<strong><a href=\"https:\/\/www.youtube.com\/@GrandePremio1\/streams\" target=\"_blank\" rel=\"noreferrer noopener\">SEGUNDA TELA no YouTube<\/a><\/strong>, em parceria com a Voz do Esporte. No\u00a0<strong>domingo\u00a0<\/strong>(4), os pilotos disputam o GP de Miami\u00a0<strong>\u00e0s 17h<\/strong>\u00a0(de Bras\u00edlia, GMT-3). O\u00a0<strong>Briefing\u00a0<\/strong>chega para comentar na GPTV ap\u00f3s o fim de cada dia de atividades.<\/p>\n\n\n\n<figure class=\"wp-block-embed is-type-video is-provider-youtube wp-block-embed-youtube wp-embed-aspect-16-9 wp-has-aspect-ratio\"><div class=\"wp-block-embed__wrapper\">\n<iframe loading=\"lazy\" title=\"VERSTAPPEN BATE McLAREN E \u00c9 POLE, NORRIS VENCE SPRINT: O S\u00c1BADO DA F1 EM MIAMI | BRIEFING\" width=\"500\" height=\"281\" src=\"https:\/\/www.youtube.com\/embed\/EOThA-D2-0o?feature=oembed\" frameborder=\"0\" allow=\"accelerometer; autoplay; clipboard-write; encrypted-media; gyroscope; picture-in-picture; web-share\" referrerpolicy=\"strict-origin-when-cross-origin\" allowfullscreen><\/iframe>\n<\/div><\/figure>\n","protected":false},"excerpt":{"rendered":"<p>De acordo com Yuki Tsunoda, carro da Red Bull &#8220;n\u00e3o est\u00e1 progredindo como esperado&#8221;. O japon\u00eas, no entanto, mostrou otimismo com a possibilidade de escalar o pelot\u00e3o e conseguir um bom resultado no GP de Miami<\/p>\n","protected":false},"author":0,"featured_media":1000962922,"comment_status":"closed","ping_status":"closed","sticky":false,"template":"","format":"standard","meta":{"42wp_featured_image_caption":"","42wp_featured_image_credits":"","42wp_featured_video":"","42wp_featured_image_hidden":false,"42wp_authors_list":[],"footnotes":""},"categories":[2],"tags":[26271,5273,147,3630,180,3628,873,34737,1491,28285,30840,2470,43248,31473,35129,204,42001,597],"42wp_author":[47160],"class_list":["post-23211","post","type-post","status-publish","format-standard","has-post-thumbnail","hentry","category-f1","tag-calendario-f1","tag-classificacao-f1","tag-f1","tag-f1-2025","tag-formula-1","tag-formula-1-2025","tag-gp-de-miami","tag-gp-de-miami-f1","tag-grande-premio","tag-grandepremio","tag-horarios-f1","tag-miami","tag-miami-2025","tag-miami-f1","tag-onde-assistir-f1","tag-red-bull","tag-temporada-2025-f1","tag-yuki-tsunoda","42wp_author-vicente-soella"],"_links":{"self":[{"href":"https:\/\/grandepremio.com\/br\/wp-json\/wp\/v2\/posts\/23211","targetHints":{"allow":["GET"]}}],"collection":[{"href":"https:\/\/grandepremio.com\/br\/wp-json\/wp\/v2\/posts"}],"about":[{"href":"https:\/\/grandepremio.com\/br\/wp-json\/wp\/v2\/types\/post"}],"replies":[{"embeddable":true,"href":"https:\/\/grandepremio.com\/br\/wp-json\/wp\/v2\/comments?post=23211"}],"version-history":[{"count":0,"href":"https:\/\/grandepremio.com\/br\/wp-json\/wp\/v2\/posts\/23211\/revisions"}],"wp:featuredmedia":[{"embeddable":true,"href":"https:\/\/grandepremio.com\/br\/wp-json\/wp\/v2\/media\/1000962922"}],"wp:attachment":[{"href":"https:\/\/grandepremio.com\/br\/wp-json\/wp\/v2\/media?parent=23211"}],"wp:term":[{"taxonomy":"category","embeddable":true,"href":"https:\/\/grandepremio.com\/br\/wp-json\/wp\/v2\/categories?post=23211"},{"taxonomy":"post_tag","embeddable":true,"href":"https:\/\/grandepremio.com\/br\/wp-json\/wp\/v2\/tags?post=23211"},{"taxonomy":"42wp_author","embeddable":true,"href":"https:\/\/grandepremio.com\/br\/wp-json\/wp\/v2\/42wp_author?post=23211"}],"curies":[{"name":"wp","href":"https:\/\/api.w.org\/{rel}","templated":true}]}}