{"id":23223,"date":"2025-05-03T19:04:59","date_gmt":"2025-05-03T22:04:59","guid":{"rendered":"https:\/\/grandepremio.com\/br\/noticias\/red-bull-louva-mestre-max-verstappen-pole-miami-sempre-bem-sob-pressao\/"},"modified":"2025-05-03T19:50:09","modified_gmt":"2025-05-03T22:50:09","slug":"red-bull-louva-mestre-max-verstappen-pole-miami-sempre-bem-sob-pressao","status":"publish","type":"post","link":"https:\/\/grandepremio.com\/br\/f1\/red-bull-louva-mestre-max-verstappen-pole-miami-sempre-bem-sob-pressao\/","title":{"rendered":"Red Bull louva &#8220;mestre&#8221; Verstappen em pole em Miami: &#8220;Sempre vai bem sob press\u00e3o&#8221;"},"content":{"rendered":"\n<p class=\"wp-block-paragraph\">Mais uma vez contrariando a l\u00f3gica,<strong> Max Verstappen<\/strong> colocou <strong>a Red Bull<\/strong> na pole-position de uma corrida na<strong> temporada 2025 <\/strong>da <strong>F\u00f3rmula 1<\/strong>, algo digno de um &#8220;mestre&#8221;, na vis\u00e3o de<strong> Christian Horner<\/strong>. O chefe n\u00e3o poupou elogios pelo &#8220;excepcional&#8221; desempenho do tetracampe\u00e3o contra a favorita McLaren na classifica\u00e7\u00e3o <a href=\"https:\/\/www.grandepremio.com\/br\/f1\/noticias\/max-verstappen-magica-novo-dribla-mclaren-crava-pole-gp-miami-gabriel-bortoleto-13o\/\">deste s\u00e1bado (3)<\/a>, em <strong>Miami<\/strong>.<\/p>\n\n\n\n<p class=\"wp-block-paragraph\">Verstappen comandou o <strong>Q3 <\/strong>e garantiu a pole com 1min26s204, 0s065 mais r\u00e1pido que<strong> Lando Norris<\/strong>. E com a previs\u00e3o de chuva para a corrida, mais uma vez parte como favorito \u00e0 vit\u00f3ria, mesmo cercado pelos carros papaias e por um atrevido<strong> Andrea Kimi Antonelli<\/strong>, em terceiro.<\/p>\n\n\n\n<p class=\"wp-block-paragraph\">\u00c0<em> Sky Sports<\/em>, Horner exaltou o &#8220;grande esportista&#8221; que \u00e9 Verstappen sob press\u00e3o. &#8220;Desempenho excepcional novamente na classifica\u00e7\u00e3o&#8221;, come\u00e7ou o dirigente. <\/p>\n\n\n\n<p class=\"wp-block-paragraph\">&#8220;O setor 1 foi onde ele teve mais problemas hoje. Nos setores 2 e 3, os McLaren estavam em vantagem, e ele conseguiu fazer dar certo no Q3. Ele teve uma oscila\u00e7\u00e3o na curva 1 e perdeu talvez 0s05, mas ainda assim fez o trecho em roxo. N\u00e3o exagerou no 2 e continuou encontrando mais tempo&#8221;, seguiu.<\/p>\n\n\n\n<figure class=\"wp-block-image size-large\"><img decoding=\"async\" src=\"https:\/\/www.grandepremio.com\/br\/wp-content\/uploads\/2025\/05\/miami-2025-f1-classificacao-red-bull-max-verstappen-afp-06-1200x800.jpg\" alt=\"\" class=\"wp-image-962996\"\/><figcaption class=\"wp-element-caption\">Max Verstappen (Foto: AFP) <\/figcaption><\/figure>\n\n\n\n<p class=\"wp-block-paragraph\">&#8220;Como qualquer grande esportista, \u00e9 nesses momentos de grande press\u00e3o que sempre se sai bem, contrariando as expectativas, j\u00e1 que a McLaren parecia ter nos dominado no Q2, e Max \u00e9 um mestre nisso&#8221;, concluiu o l\u00edder da Red Bull.<\/p>\n\n\n\n<p class=\"wp-block-paragraph\">A\u00a0<strong><a href=\"https:\/\/www.grandepremio.com\/br\/f1\/\" target=\"_blank\" rel=\"noreferrer noopener\"><\/a><a href=\"https:\/\/www.grandepremio.com\/br\/f1\/\" target=\"_blank\" rel=\"noreferrer noopener\">F\u00f3rmula 1<\/a><\/strong>\u00a0realiza o\u00a0<strong>GP de\u00a0<a href=\"https:\/\/www.grandepremio.com\/br\/circuito\/miami\/\" target=\"_blank\" rel=\"noreferrer noopener\">Miami<\/a><\/strong>, primeiro do ano nos\u00a0<strong>Estados Unidos<\/strong>, entre os dias 2 e 4 de maio. \u00c9 a sexta etapa da\u00a0<strong>temporada 2025<\/strong>. O\u00a0<strong>GRANDE PR\u00caMIO<\/strong>\u00a0acompanha todas as atividades\u00a0<strong><a href=\"https:\/\/www.grandepremio.com\/br\/f1\/ao-vivo\" target=\"_blank\" rel=\"noreferrer noopener\">AO VIVO E EM\u00a0<\/a><a href=\"https:\/\/www.grandepremio.com\/br\/ao-vivo\/\" target=\"_blank\" rel=\"noreferrer noopener\">TEMPO REAL<\/a><\/strong>, al\u00e9m de classifica\u00e7\u00f5es, corrida sprint e corrida em\u00a0<strong><a href=\"https:\/\/www.youtube.com\/@GrandePremio1\/streams\" target=\"_blank\" rel=\"noreferrer noopener\">SEGUNDA TELA no YouTube<\/a><\/strong>, em parceria com a Voz do Esporte. No\u00a0<strong>domingo\u00a0<\/strong>(4), os pilotos disputam o GP de Miami\u00a0<strong>\u00e0s 17h<\/strong> (de Bras\u00edlia, GMT-3). O\u00a0<strong>Briefing\u00a0<\/strong>chega para comentar na GPTV ap\u00f3s o fim de cada dia de atividades.<\/p>\n\n\n\n<p class=\"wp-block-paragraph\"><strong>\u25b6\ufe0f<\/strong> <strong>Inscreva-se nos dois canais do GRANDE PR\u00caMIO no YouTube:\u00a0<a href=\"https:\/\/www.youtube.com\/channel\/UC9OlHEgxoaY6QY6nWPoiqQg?sub_confirmation=1\" target=\"_blank\" rel=\"noreferrer noopener\">GP<\/a>\u00a0|\u00a0<a href=\"https:\/\/www.youtube.com\/channel\/UC9csiS6q_C3C0FYhyr1rnFA?sub_confirmation=1\" target=\"_blank\" rel=\"noreferrer noopener\">GP2<\/a><\/strong><br>\u25b6\ufe0f <strong>LEIA TAMB\u00c9M:\u00a0<a href=\"https:\/\/www.grandepremio.com\/br\/f1\/noticias\/lando-norris-corta-1-ponto-oscar-piastri-classificacao-f1-2025-apos-sprint-miami\/\">Norris corta 1 ponto na vantagem de Piastri em sprint de Miami: confira classifica\u00e7\u00e3o<\/a><\/strong><\/p>\n\n\n\n<figure class=\"wp-block-embed is-type-video is-provider-youtube wp-block-embed-youtube wp-embed-aspect-16-9 wp-has-aspect-ratio\"><div class=\"wp-block-embed__wrapper\">\n<iframe loading=\"lazy\" title=\"VERSTAPPEN BATE McLAREN E \u00c9 POLE, NORRIS VENCE SPRINT: O S\u00c1BADO DA F1 EM MIAMI | BRIEFING\" width=\"500\" height=\"281\" src=\"https:\/\/www.youtube.com\/embed\/EOThA-D2-0o?feature=oembed\" frameborder=\"0\" allow=\"accelerometer; autoplay; clipboard-write; encrypted-media; gyroscope; picture-in-picture; web-share\" referrerpolicy=\"strict-origin-when-cross-origin\" allowfullscreen><\/iframe>\n<\/div><\/figure>\n","protected":false},"excerpt":{"rendered":"<p>Chefe da Red Bull, Christian Horner destacou como Max Verstappen vai bem sob press\u00e3o, situa\u00e7\u00e3o na qual \u00e9 &#8220;mestre&#8221;<\/p>\n","protected":false},"author":0,"featured_media":1000963014,"comment_status":"closed","ping_status":"closed","sticky":false,"template":"","format":"standard","meta":{"42wp_featured_image_caption":"","42wp_featured_image_credits":"","42wp_featured_video":"","42wp_featured_image_hidden":false,"42wp_authors_list":[],"footnotes":""},"categories":[2],"tags":[26271,655,5273,147,3630,180,3628,34737,34707,1491,28285,30840,203,2470,43248,31473,35129,204,42001],"42wp_author":[47147],"class_list":["post-23223","post","type-post","status-publish","format-standard","has-post-thumbnail","hentry","category-f1","tag-calendario-f1","tag-christian-horner","tag-classificacao-f1","tag-f1","tag-f1-2025","tag-formula-1","tag-formula-1-2025","tag-gp-de-miami-f1","tag-gp-miami","tag-grande-premio","tag-grandepremio","tag-horarios-f1","tag-max-verstappen","tag-miami","tag-miami-2025","tag-miami-f1","tag-onde-assistir-f1","tag-red-bull","tag-temporada-2025-f1","42wp_author-luana-marino"],"_links":{"self":[{"href":"https:\/\/grandepremio.com\/br\/wp-json\/wp\/v2\/posts\/23223","targetHints":{"allow":["GET"]}}],"collection":[{"href":"https:\/\/grandepremio.com\/br\/wp-json\/wp\/v2\/posts"}],"about":[{"href":"https:\/\/grandepremio.com\/br\/wp-json\/wp\/v2\/types\/post"}],"replies":[{"embeddable":true,"href":"https:\/\/grandepremio.com\/br\/wp-json\/wp\/v2\/comments?post=23223"}],"version-history":[{"count":0,"href":"https:\/\/grandepremio.com\/br\/wp-json\/wp\/v2\/posts\/23223\/revisions"}],"wp:featuredmedia":[{"embeddable":true,"href":"https:\/\/grandepremio.com\/br\/wp-json\/wp\/v2\/media\/1000963014"}],"wp:attachment":[{"href":"https:\/\/grandepremio.com\/br\/wp-json\/wp\/v2\/media?parent=23223"}],"wp:term":[{"taxonomy":"category","embeddable":true,"href":"https:\/\/grandepremio.com\/br\/wp-json\/wp\/v2\/categories?post=23223"},{"taxonomy":"post_tag","embeddable":true,"href":"https:\/\/grandepremio.com\/br\/wp-json\/wp\/v2\/tags?post=23223"},{"taxonomy":"42wp_author","embeddable":true,"href":"https:\/\/grandepremio.com\/br\/wp-json\/wp\/v2\/42wp_author?post=23223"}],"curies":[{"name":"wp","href":"https:\/\/api.w.org\/{rel}","templated":true}]}}