{"id":23288,"date":"2025-05-02T22:08:54","date_gmt":"2025-05-03T01:08:54","guid":{"rendered":"https:\/\/grandepremio.com\/br\/noticias\/pierre-gasly-atribui-falta-aderencia-13o-grid-sprint-miami-perdi-0s2\/"},"modified":"2025-05-02T22:11:59","modified_gmt":"2025-05-03T01:11:59","slug":"pierre-gasly-atribui-falta-aderencia-13o-grid-sprint-miami-perdi-0s2","status":"publish","type":"post","link":"https:\/\/grandepremio.com\/br\/f1\/pierre-gasly-atribui-falta-aderencia-13o-grid-sprint-miami-perdi-0s2\/","title":{"rendered":"Gasly atribui falta de ader\u00eancia a 13\u00b0 lugar no grid da sprint em Miami: &#8220;Perdi 0s2&#8221;"},"content":{"rendered":"\n<p class=\"wp-block-paragraph\"><strong>Pierre Gasly <\/strong>teve uma sexta-feira (2) de <strong>GP de Miami<\/strong> bastante complicada. Na \u00fanica sess\u00e3o de treinos livres do fim de semana, foi apenas o 17\u00ba colocado. <a href=\"https:\/\/www.grandepremio.com\/br\/f1\/noticias\/andrea-kimi-antonelli-voa-macios-larga-pole-1a-vez-f1-sprint-miami-gabriel-bortoleto-19o\/\">Na classifica\u00e7\u00e3o da sprint<\/a>, uma ligeira melhora: 13\u00ba lugar. O franc\u00eas lamentou a falta de ader\u00eancia nos pneus durante o SQ2, que o fez perder pelo menos 0s2.<\/p>\n\n\n\n<p class=\"wp-block-paragraph\">&#8220;Foi bom estar de volta a <strong>Miami<\/strong>, onde h\u00e1 tanto entusiasmo pela <strong>F\u00f3rmula 1<\/strong>. O dia foi importante, porque tivemos apenas uma sess\u00e3o de treinos livres para nos prepararmos para a classifica\u00e7\u00e3o da sprint e para o fim de semana que se inicia&#8221;, come\u00e7ou o dono do <strong>#10<\/strong> da <strong>Alpine<\/strong>.<\/p>\n\n\n\n<p class=\"wp-block-paragraph\">\u200b&#8221;O TL1 desta manh\u00e3 foi muito complicado, mas fizemos um bom progresso e melhorias antes da classifica\u00e7\u00e3o de sprint esta tarde&#8221;, comentou.<\/p>\n\n\n\n<p class=\"wp-block-paragraph\">&#8220;Faltou ader\u00eancia no in\u00edcio da \u00faltima tentativa no SQ2, pois os pneus ainda estavam um pouco frios e isso fez com que eu perdesse 0s2, mas consegui recuperar um pouco no final da volta&#8221;, explicou Gasly.<\/p>\n\n\n\n<figure class=\"wp-block-image size-large\"><img decoding=\"async\" src=\"https:\/\/www.grandepremio.com\/br\/wp-content\/uploads\/2025\/05\/miami-2025-f1-classificacao-sprint-alpine-pierre-gasly-afp-02-1200x810.jpg\" alt=\"\" class=\"wp-image-961937\"\/><figcaption class=\"wp-element-caption\">Pierre Gasly reclamou de falta de ader\u00eancia no carro da Alpine (Foto: AFP)<\/figcaption><\/figure>\n\n\n\n<p class=\"wp-block-paragraph\">&#8220;Revisaremos o trabalho de hoje e analisaremos os dados. O foco agora \u00e9 trabalhar com os engenheiros para nos prepararmos para a corrida sprint de amanh\u00e3&#8221;, encerrou.<\/p>\n\n\n\n<p class=\"wp-block-paragraph\">O franc\u00eas tem a 11\u00aa posi\u00e7\u00e3o no<strong> Mundial de Pilotos<\/strong>, com 6 pontos somados. A Alpine \u00e9 a nona entre os construtores.<\/p>\n\n\n\n<p class=\"wp-block-paragraph\">A&nbsp;<strong><a href=\"https:\/\/www.grandepremio.com\/br\/f1\/\" target=\"_blank\" rel=\"noreferrer noopener\"><\/a><a href=\"https:\/\/www.grandepremio.com\/br\/f1\/\" target=\"_blank\" rel=\"noreferrer noopener\">F\u00f3rmula 1<\/a><\/strong>&nbsp;realiza o&nbsp;<strong>GP de&nbsp;<a href=\"https:\/\/www.grandepremio.com\/br\/circuito\/miami\/\" target=\"_blank\" rel=\"noreferrer noopener\">Miami<\/a><\/strong>, primeiro do ano nos&nbsp;<strong>Estados Unidos<\/strong>, entre os dias 2 e 4 de maio. \u00c9 a sexta etapa da&nbsp;<strong>temporada 2025<\/strong>. O&nbsp;<strong>GRANDE PR\u00caMIO<\/strong>&nbsp;acompanha todas as atividades&nbsp;<strong><a href=\"https:\/\/www.grandepremio.com\/br\/f1\/ao-vivo\" target=\"_blank\" rel=\"noreferrer noopener\">AO VIVO E EM&nbsp;<\/a><a href=\"https:\/\/www.grandepremio.com\/br\/ao-vivo\/\" target=\"_blank\" rel=\"noreferrer noopener\">TEMPO REAL<\/a><\/strong>, al\u00e9m de classifica\u00e7\u00f5es, corrida sprint e corrida em&nbsp;<strong><a href=\"https:\/\/www.youtube.com\/@GrandePremio1\/streams\" target=\"_blank\" rel=\"noreferrer noopener\">SEGUNDA TELA no YouTube<\/a><\/strong>, em parceria com a Voz do Esporte. No s\u00e1bado (3), a&nbsp;<strong>corrida sprint<\/strong>&nbsp;larga \u00e0s&nbsp;<strong>13h<\/strong>&nbsp;(de Bras\u00edlia, GMT-3), ao passo que a&nbsp;<strong>classifica\u00e7\u00e3o oficial&nbsp;<\/strong>ser\u00e1 \u00e0s&nbsp;<strong>17h<\/strong>. Por fim, no&nbsp;<strong>domingo&nbsp;<\/strong>(4), os pilotos disputam o GP de Miami&nbsp;<strong>\u00e0s 17h<\/strong>. O&nbsp;<strong>Briefing&nbsp;<\/strong>chega para comentar na GPTV ap\u00f3s o fim de cada dia de atividades.<\/p>\n\n\n\n<p class=\"wp-block-paragraph\">\u25b6\ufe0f&nbsp;<strong>Inscreva-se nos dois canais do GRANDE PR\u00caMIO no YouTube:&nbsp;<a href=\"https:\/\/www.youtube.com\/channel\/UC9OlHEgxoaY6QY6nWPoiqQg?sub_confirmation=1\" target=\"_blank\" rel=\"noreferrer noopener\">GP<\/a>&nbsp;|&nbsp;<a href=\"https:\/\/www.youtube.com\/channel\/UC9csiS6q_C3C0FYhyr1rnFA?sub_confirmation=1\" target=\"_blank\" rel=\"noreferrer noopener\">GP2<\/a><\/strong><\/p>\n\n\n\n<figure class=\"wp-block-embed is-type-video is-provider-youtube wp-block-embed-youtube wp-embed-aspect-16-9 wp-has-aspect-ratio\"><div class=\"wp-block-embed__wrapper\">\n<iframe loading=\"lazy\" title=\"ANTONELLI BRILHA E \u00c9 POLE, BORTOLETO SAI EM 19\u00ba: A CLASSIFICA\u00c7\u00c3O SPRINT DA F1 EM MIAMI | BRIEFING\" width=\"500\" height=\"281\" src=\"https:\/\/www.youtube.com\/embed\/CacmO78ePiQ?feature=oembed\" frameborder=\"0\" allow=\"accelerometer; autoplay; clipboard-write; encrypted-media; gyroscope; picture-in-picture; web-share\" referrerpolicy=\"strict-origin-when-cross-origin\" allowfullscreen><\/iframe>\n<\/div><figcaption class=\"wp-element-caption\">ANTONELLI BRILHA E \u00c9 POLE, BORTOLETO SAI EM 19\u00ba: A CLASSIFICA\u00c7\u00c3O SPRINT DA F1 EM MIAMI | BRIEFING<\/figcaption><\/figure>\n","protected":false},"excerpt":{"rendered":"<p>Pierre Gasly foi o 13\u00ba colocado na classifica\u00e7\u00e3o da sprint desta sexta-feira (2) de GP de Miami. O franc\u00eas lamentou a falta de ader\u00eancia no carro da Alpine durante a \u00faltima tentativa do SQ2<\/p>\n","protected":false},"author":0,"featured_media":1000961936,"comment_status":"closed","ping_status":"closed","sticky":false,"template":"","format":"standard","meta":{"42wp_featured_image_caption":"","42wp_featured_image_credits":"","42wp_featured_video":"","42wp_featured_image_hidden":false,"42wp_authors_list":[],"footnotes":""},"categories":[2],"tags":[20491,26271,5273,147,3630,180,3628,873,34737,1491,28285,30840,2470,43248,31473,35129,676,42001],"42wp_author":[47163],"class_list":["post-23288","post","type-post","status-publish","format-standard","has-post-thumbnail","hentry","category-f1","tag-alpine","tag-calendario-f1","tag-classificacao-f1","tag-f1","tag-f1-2025","tag-formula-1","tag-formula-1-2025","tag-gp-de-miami","tag-gp-de-miami-f1","tag-grande-premio","tag-grandepremio","tag-horarios-f1","tag-miami","tag-miami-2025","tag-miami-f1","tag-onde-assistir-f1","tag-pierre-gasly","tag-temporada-2025-f1","42wp_author-caio-cavalcante"],"_links":{"self":[{"href":"https:\/\/grandepremio.com\/br\/wp-json\/wp\/v2\/posts\/23288","targetHints":{"allow":["GET"]}}],"collection":[{"href":"https:\/\/grandepremio.com\/br\/wp-json\/wp\/v2\/posts"}],"about":[{"href":"https:\/\/grandepremio.com\/br\/wp-json\/wp\/v2\/types\/post"}],"replies":[{"embeddable":true,"href":"https:\/\/grandepremio.com\/br\/wp-json\/wp\/v2\/comments?post=23288"}],"version-history":[{"count":0,"href":"https:\/\/grandepremio.com\/br\/wp-json\/wp\/v2\/posts\/23288\/revisions"}],"wp:featuredmedia":[{"embeddable":true,"href":"https:\/\/grandepremio.com\/br\/wp-json\/wp\/v2\/media\/1000961936"}],"wp:attachment":[{"href":"https:\/\/grandepremio.com\/br\/wp-json\/wp\/v2\/media?parent=23288"}],"wp:term":[{"taxonomy":"category","embeddable":true,"href":"https:\/\/grandepremio.com\/br\/wp-json\/wp\/v2\/categories?post=23288"},{"taxonomy":"post_tag","embeddable":true,"href":"https:\/\/grandepremio.com\/br\/wp-json\/wp\/v2\/tags?post=23288"},{"taxonomy":"42wp_author","embeddable":true,"href":"https:\/\/grandepremio.com\/br\/wp-json\/wp\/v2\/42wp_author?post=23288"}],"curies":[{"name":"wp","href":"https:\/\/api.w.org\/{rel}","templated":true}]}}