{"id":23305,"date":"2025-05-02T19:37:17","date_gmt":"2025-05-02T22:37:17","guid":{"rendered":"https:\/\/grandepremio.com\/br\/noticias\/pai-andrea-kimi-antonelli-festeja-pole-inacreditavel-sprint-miami-destaca-trabalho-duro\/"},"modified":"2025-05-02T20:58:50","modified_gmt":"2025-05-02T23:58:50","slug":"pai-andrea-kimi-antonelli-festeja-pole-inacreditavel-sprint-miami-destaca-trabalho-duro","status":"publish","type":"post","link":"https:\/\/grandepremio.com\/br\/f1\/pai-andrea-kimi-antonelli-festeja-pole-inacreditavel-sprint-miami-destaca-trabalho-duro\/","title":{"rendered":"Pai de Antonelli festeja pole &#8220;inacredit\u00e1vel&#8221; em sprint de Miami e destaca &#8220;trabalho duro&#8221;"},"content":{"rendered":"\n<p class=\"wp-block-paragraph\">A primeira pole-position da carreira de <strong>Andrea Kimi Antonelli<\/strong> na <strong>F\u00f3rmula 1<\/strong> deixou o pai, <strong>Marco Antonelli<\/strong>, sem palavras. Depois do resultado na classifica\u00e7\u00e3o sprint desta sexta-feira (2), em <strong>Miami<\/strong>, ele confessou que \u00e9 &#8220;inacredit\u00e1vel&#8221; ver o jovem de 18 anos partindo da posi\u00e7\u00e3o de honra em uma corrida, mas ressaltou o comprometimento que o filho tem com o trabalho.<\/p>\n\n\n\n<p class=\"wp-block-paragraph\">Antonelli surpreendeu ao cravar 1min26s482, tempo que n\u00e3o foi superado nem pelos pilotos da favorita McLaren. <strong>Oscar Piastri <\/strong>foi quem mais se aproximou, a 0s045 de dist\u00e2ncia, enquanto <strong>Lando Norris <\/strong>ficou a 0s1, em terceiro.<\/p>\n\n\n\n<p class=\"wp-block-paragraph\">Estatisticamente, o resultado n\u00e3o conta para o ranking hist\u00f3rico da F\u00f3rmula 1, mas o resultado deu a Antonelli o recorde de piloto mais jovem da hist\u00f3ria a largar na pole-position de um formato de corrida na categoria.<\/p>\n\n\n\n<p class=\"wp-block-paragraph\">&#8220;No momento, \u00e9 dif\u00edcil dizer o que sinto&#8221;, come\u00e7ou Marco \u00e0 <em>Sky Sports<\/em>. &#8220;Depois de cinco corridas, \u00e9 inacredit\u00e1vel que ele esteja na pole. Sim, \u00e9 uma corrida de sprint, mas tivemos um bom come\u00e7o!&#8221;, celebrou.<\/p>\n\n\n\n<figure class=\"wp-block-image size-large\"><img decoding=\"async\" src=\"https:\/\/www.grandepremio.com\/br\/wp-content\/uploads\/2025\/05\/miami-2025-f1-classificacao-sprint-mercedes-kimi-antonelli-04-1200x800.jpg\" alt=\"\" class=\"wp-image-962079\"\/><figcaption class=\"wp-element-caption\">Kimi Antonelli recebeu cumprimentos de Lewis Hamilton (Foto: F1)<\/figcaption><\/figure>\n\n\n\n<p class=\"wp-block-paragraph\">Em seguida, o pai de Kimi contou que sempre buscou passar ao filho a import\u00e2ncia de se trabalhar com foco. &#8220;Somos uma fam\u00edlia que tenta transmitir que na vida voc\u00ea tem de trabalhar duro e n\u00e3o reclamar antes de entender se fez um bom trabalho ou n\u00e3o, focar no futuro.&#8221;<\/p>\n\n\n\n<p class=\"wp-block-paragraph\">&#8220;Somos uma fam\u00edlia normal. Trabalhamos todos os dias, n\u00e3o temos nada de especial al\u00e9m de uma fam\u00edlia que tenta dar a seus filhos o melhor para a vida. Kimi entendeu isso e este \u00e9 o resultado&#8221;, encerrou Marco.<\/p>\n\n\n\n<p class=\"wp-block-paragraph\">A\u00a0<strong><a href=\"https:\/\/www.grandepremio.com\/br\/f1\/\" target=\"_blank\" rel=\"noreferrer noopener\"><\/a><a href=\"https:\/\/www.grandepremio.com\/br\/f1\/\" target=\"_blank\" rel=\"noreferrer noopener\">F\u00f3rmula 1<\/a><\/strong>\u00a0realiza o\u00a0<strong>GP de\u00a0<a href=\"https:\/\/www.grandepremio.com\/br\/circuito\/miami\/\" target=\"_blank\" rel=\"noreferrer noopener\">Miami<\/a><\/strong>, primeiro do ano nos\u00a0<strong>Estados Unidos<\/strong>, entre os dias 2 e 4 de maio. \u00c9 a sexta etapa da\u00a0<strong>temporada 2025<\/strong>. O\u00a0<strong>GRANDE PR\u00caMIO<\/strong>\u00a0acompanha todas as atividades\u00a0<strong><a href=\"https:\/\/www.grandepremio.com\/br\/f1\/ao-vivo\" target=\"_blank\" rel=\"noreferrer noopener\">AO VIVO E EM\u00a0<\/a><a href=\"https:\/\/www.grandepremio.com\/br\/ao-vivo\/\" target=\"_blank\" rel=\"noreferrer noopener\">TEMPO REAL<\/a><\/strong>, al\u00e9m de classifica\u00e7\u00f5es, corrida sprint e corrida em\u00a0<strong><a href=\"https:\/\/www.youtube.com\/@GrandePremio1\/streams\" target=\"_blank\" rel=\"noreferrer noopener\">SEGUNDA TELA no YouTube<\/a><\/strong>, em parceria com a Voz do Esporte. No s\u00e1bado (3), a\u00a0<strong>corrida sprint<\/strong>\u00a0larga \u00e0s\u00a0<strong>13h<\/strong>\u00a0(de Bras\u00edlia, GMT-3), ao passo que a\u00a0<strong>classifica\u00e7\u00e3o oficial\u00a0<\/strong>ser\u00e1 \u00e0s\u00a0<strong>17h<\/strong>. Por fim, no\u00a0<strong>domingo\u00a0<\/strong>(4), os pilotos disputam o GP de Miami\u00a0<strong>\u00e0s 17h<\/strong>. O\u00a0<strong>Briefing\u00a0<\/strong>chega para comentar na GPTV ap\u00f3s o fim de cada dia de atividades.<\/p>\n\n\n\n<figure class=\"wp-block-embed is-type-video is-provider-youtube wp-block-embed-youtube wp-embed-aspect-16-9 wp-has-aspect-ratio\"><div class=\"wp-block-embed__wrapper\">\n<iframe loading=\"lazy\" title=\"ANTONELLI BRILHA E \u00c9 POLE, BORTOLETO SAI EM 19\u00ba: A CLASSIFICA\u00c7\u00c3O SPRINT DA F1 EM MIAMI | BRIEFING\" width=\"500\" height=\"281\" src=\"https:\/\/www.youtube.com\/embed\/CacmO78ePiQ?feature=oembed\" frameborder=\"0\" allow=\"accelerometer; autoplay; clipboard-write; encrypted-media; gyroscope; picture-in-picture; web-share\" referrerpolicy=\"strict-origin-when-cross-origin\" allowfullscreen><\/iframe>\n<\/div><\/figure>\n","protected":false},"excerpt":{"rendered":"<p>Marco Antonelli disse que sempre ensinou ao filho a trabalhar sem reclamar antes de entender se fez um bom trabalho ou n\u00e3o. Ele celebrou bastante a pole do filho, Andrea Kimi Antonelli, na sprint em Miami<\/p>\n","protected":false},"author":0,"featured_media":1000962076,"comment_status":"closed","ping_status":"closed","sticky":false,"template":"","format":"standard","meta":{"42wp_featured_image_caption":"","42wp_featured_image_credits":"","42wp_featured_video":"","42wp_featured_image_hidden":false,"42wp_authors_list":[],"footnotes":""},"categories":[2],"tags":[27861,26271,5273,147,3630,180,3628,34737,34707,1491,28285,30840,82,2470,43248,31473,35129,42001],"42wp_author":[47147],"class_list":["post-23305","post","type-post","status-publish","format-standard","has-post-thumbnail","hentry","category-f1","tag-andrea-kimi-antonelli","tag-calendario-f1","tag-classificacao-f1","tag-f1","tag-f1-2025","tag-formula-1","tag-formula-1-2025","tag-gp-de-miami-f1","tag-gp-miami","tag-grande-premio","tag-grandepremio","tag-horarios-f1","tag-mercedes","tag-miami","tag-miami-2025","tag-miami-f1","tag-onde-assistir-f1","tag-temporada-2025-f1","42wp_author-luana-marino"],"_links":{"self":[{"href":"https:\/\/grandepremio.com\/br\/wp-json\/wp\/v2\/posts\/23305","targetHints":{"allow":["GET"]}}],"collection":[{"href":"https:\/\/grandepremio.com\/br\/wp-json\/wp\/v2\/posts"}],"about":[{"href":"https:\/\/grandepremio.com\/br\/wp-json\/wp\/v2\/types\/post"}],"replies":[{"embeddable":true,"href":"https:\/\/grandepremio.com\/br\/wp-json\/wp\/v2\/comments?post=23305"}],"version-history":[{"count":0,"href":"https:\/\/grandepremio.com\/br\/wp-json\/wp\/v2\/posts\/23305\/revisions"}],"wp:featuredmedia":[{"embeddable":true,"href":"https:\/\/grandepremio.com\/br\/wp-json\/wp\/v2\/media\/1000962076"}],"wp:attachment":[{"href":"https:\/\/grandepremio.com\/br\/wp-json\/wp\/v2\/media?parent=23305"}],"wp:term":[{"taxonomy":"category","embeddable":true,"href":"https:\/\/grandepremio.com\/br\/wp-json\/wp\/v2\/categories?post=23305"},{"taxonomy":"post_tag","embeddable":true,"href":"https:\/\/grandepremio.com\/br\/wp-json\/wp\/v2\/tags?post=23305"},{"taxonomy":"42wp_author","embeddable":true,"href":"https:\/\/grandepremio.com\/br\/wp-json\/wp\/v2\/42wp_author?post=23305"}],"curies":[{"name":"wp","href":"https:\/\/api.w.org\/{rel}","templated":true}]}}