{"id":23322,"date":"2025-05-02T16:48:12","date_gmt":"2025-05-02T19:48:12","guid":{"rendered":"https:\/\/grandepremio.com\/br\/noticias\/chefe-mercedes-une-george-russell-defende-magia-lewis-hamilton-nao-perde-assim\/"},"modified":"2025-05-02T18:49:46","modified_gmt":"2025-05-02T21:49:46","slug":"chefe-mercedes-une-george-russell-defende-magia-lewis-hamilton-nao-perde-assim","status":"publish","type":"post","link":"https:\/\/grandepremio.com\/br\/f1\/chefe-mercedes-une-george-russell-defende-magia-lewis-hamilton-nao-perde-assim\/","title":{"rendered":"Chefe da Mercedes se une a Russell e defende &#8220;magia&#8221; de Hamilton: &#8220;N\u00e3o se perde assim&#8221;"},"content":{"rendered":"\n<p class=\"wp-block-paragraph\">Se tem algu\u00e9m no grid que conhece o potencial de <strong>Lewis Hamilton<\/strong> ao volante de um carro de F\u00f3rmula 1, esse \u00e9 <strong>Toto Wolff<\/strong>, tanto que o chefe da <strong>Mercedes <\/strong>foi mais um a sair em defesa do heptacampe\u00e3o num momento em que se v\u00ea contestado por n\u00e3o conseguir extrair o m\u00e1ximo de desempenho com a Ferrari. O dirigente austr\u00edaco citou a vit\u00f3ria na sprint do GP da China para advogar que &#8220;n\u00e3o se perde a magia na corrida seguinte&#8221;.<\/p>\n\n\n\n<p class=\"wp-block-paragraph\">Ex-companheiro de equipe, <strong>George Russell<\/strong><a href=\"https:\/\/www.grandepremio.com\/br\/f1\/noticias\/george-russell-espera-ver-mais-daquela-magia-lewis-hamilton-ferrari-sei-que-e-capaz\/\"> j\u00e1 tinha falado algo semelhante<\/a> ao declarar que &#8220;quando as coisas come\u00e7arem a se encaixar, veremos mais daquela magia&#8221;. Hamilton tem enfrentado mais dificuldades que o esperado para se adaptar \u00e0<strong> SF-25<\/strong>, sobretudo em classifica\u00e7\u00f5es.<\/p>\n\n\n\n<p class=\"wp-block-paragraph\">O tema foi novamente abordado na coletiva dos chefes de equipes que aconteceu entre o treino livre do GP de Miami e a classifica\u00e7\u00e3o sprint desta sexta-feira (2). Wolff foi questionado sobre as performances oscilantes e o desconforto de Lewis.<\/p>\n\n\n\n<p class=\"wp-block-paragraph\">&#8220;Vimos a magia dele na sprint [da China]. Ele foi completamente dominante. N\u00e3o se perde a magia de repente na corrida seguinte&#8221;, argumentou o l\u00edder da Mercedes, equipe pela qual Hamilton conquistou seis dos sete t\u00edtulos que possui.<\/p>\n\n\n\n<figure class=\"wp-block-image size-large\"><img decoding=\"async\" src=\"https:\/\/www.grandepremio.com\/br\/wp-content\/uploads\/2025\/05\/miami-2025-f1-quinta-feira-ferrari-lewis-Hamilton-afp-03-1-1200x800.jpg\" alt=\"\" class=\"wp-image-961485\"\/><figcaption class=\"wp-element-caption\">Hamilton tem sofrido para se adaptar ao carro da Ferrari (Foto: AFP)<\/figcaption><\/figure>\n\n\n\n<p class=\"wp-block-paragraph\">&#8220;Ela ainda est\u00e1 l\u00e1, e se os motivos para ter desempenho se encaixarem, ele ainda \u00e9 o melhor&#8221;, acrescentou, lembrando em sequ\u00eancia que Hamilton ficou por 12 anos em uma mesma equipe, portanto \u00e9 natural que seja superado pelo companheiro que est\u00e1 na Ferrari a mais tempo.<\/p>\n\n\n\n<p class=\"wp-block-paragraph\">&#8220;Ele esteve conosco por 12 anos e foi para uma Ferrari que tem Charles Leclerc h\u00e1 anos&#8221;, encerrou Wolff.<\/p>\n\n\n\n<p class=\"wp-block-paragraph\">A\u00a0<strong><a href=\"https:\/\/www.grandepremio.com\/br\/f1\/\" target=\"_blank\" rel=\"noreferrer noopener\"><\/a><a href=\"https:\/\/www.grandepremio.com\/br\/f1\/\" target=\"_blank\" rel=\"noreferrer noopener\">F\u00f3rmula 1<\/a><\/strong>\u00a0realiza o\u00a0<strong>GP de\u00a0<a href=\"https:\/\/www.grandepremio.com\/br\/circuito\/miami\/\" target=\"_blank\" rel=\"noreferrer noopener\">Miami<\/a><\/strong>, primeiro do ano nos\u00a0<strong>Estados Unidos<\/strong>, entre os dias 2 e 4 de maio. \u00c9 a sexta etapa da\u00a0<strong>temporada 2025<\/strong>. O\u00a0<strong>GRANDE PR\u00caMIO<\/strong>\u00a0acompanha todas as atividades\u00a0<strong><a href=\"https:\/\/www.grandepremio.com\/br\/f1\/ao-vivo\" target=\"_blank\" rel=\"noreferrer noopener\">AO VIVO E EM\u00a0<\/a><a href=\"https:\/\/www.grandepremio.com\/br\/ao-vivo\/\" target=\"_blank\" rel=\"noreferrer noopener\">TEMPO REAL<\/a><\/strong>, al\u00e9m de classifica\u00e7\u00f5es, corrida sprint e corrida em\u00a0<strong><a href=\"https:\/\/www.youtube.com\/@GrandePremio1\/streams\" target=\"_blank\" rel=\"noreferrer noopener\">SEGUNDA TELA no YouTube<\/a><\/strong>, em parceria com a Voz do Esporte. Logo mais,\u00a0<strong>\u00e0s 17h30h<\/strong>\u00a0(de Bras\u00edlia, GMT-3), os pilotos retornam para a\u00a0<strong>classifica\u00e7\u00e3o sprint<\/strong>. No s\u00e1bado (3), a\u00a0<strong>corrida sprint<\/strong>\u00a0larga \u00e0s\u00a0<strong>13h<\/strong>, ao passo que a\u00a0<strong>classifica\u00e7\u00e3o oficial\u00a0<\/strong>ser\u00e1 \u00e0s\u00a0<strong>17h<\/strong>. Por fim, no\u00a0<strong>domingo\u00a0<\/strong>(4), os pilotos disputam o GP de Miami\u00a0<strong>\u00e0s 17h<\/strong>. O\u00a0<strong>Briefing\u00a0<\/strong>chega para comentar na GPTV ap\u00f3s o fim de cada dia de atividades.<\/p>\n\n\n\n<p class=\"wp-block-paragraph\"><strong>\u25b6\ufe0f<\/strong> <strong>Inscreva-se nos dois canais do GRANDE PR\u00caMIO no YouTube:\u00a0<a href=\"https:\/\/www.youtube.com\/channel\/UC9OlHEgxoaY6QY6nWPoiqQg?sub_confirmation=1\" target=\"_blank\" rel=\"noreferrer noopener\">GP<\/a>\u00a0|\u00a0<a href=\"https:\/\/www.youtube.com\/channel\/UC9csiS6q_C3C0FYhyr1rnFA?sub_confirmation=1\" target=\"_blank\" rel=\"noreferrer noopener\">GP2<\/a><\/strong><br>\u25b6\ufe0f <strong>LEIA TAMB\u00c9M:\u00a0<a href=\"https:\/\/www.grandepremio.com\/br\/f1\/noticias\/red-bull-questiona-barulho-sobre-saida-max-verstappen-internamente-nao-existe\/\">Red Bull questiona \u201cbarulho\u201d sobre sa\u00edda de Verstappen: \u201cInternamente n\u00e3o existe\u201d<\/a><\/strong><\/p>\n\n\n\n<figure class=\"wp-block-embed is-type-video is-provider-youtube wp-block-embed-youtube wp-embed-aspect-4-3 wp-has-aspect-ratio\"><div class=\"wp-block-embed__wrapper\">\n<iframe loading=\"lazy\" title=\"CLASSIFICA\u00c7\u00c3O SPRINT DO GP DE MIAMI DE F1 NO GRANDE PR\u00caMIO | SEGUNDA TELA [REACT]\" width=\"500\" height=\"281\" src=\"https:\/\/www.youtube.com\/embed\/kscJ35EjBYk?feature=oembed\" frameborder=\"0\" allow=\"accelerometer; autoplay; clipboard-write; encrypted-media; gyroscope; picture-in-picture; web-share\" referrerpolicy=\"strict-origin-when-cross-origin\" allowfullscreen><\/iframe>\n<\/div><\/figure>\n","protected":false},"excerpt":{"rendered":"<p>Toto Wolff ainda lembrou que Lewis Hamilton ficou 12 anos na Mercedes e pegou uma Ferrari j\u00e1 entrosada com Charles Leclerc<\/p>\n","protected":false},"author":0,"featured_media":1000488957,"comment_status":"closed","ping_status":"closed","sticky":false,"template":"","format":"standard","meta":{"42wp_featured_image_caption":"","42wp_featured_image_credits":"","42wp_featured_video":"","42wp_featured_image_hidden":false,"42wp_authors_list":[],"footnotes":""},"categories":[2],"tags":[26271,5273,147,3630,207,180,3628,800,34737,34707,1491,28285,30840,87,2470,43248,31473,35129,42001,150],"42wp_author":[47147],"class_list":["post-23322","post","type-post","status-publish","format-standard","has-post-thumbnail","hentry","category-f1","tag-calendario-f1","tag-classificacao-f1","tag-f1","tag-f1-2025","tag-ferrari","tag-formula-1","tag-formula-1-2025","tag-george-russell","tag-gp-de-miami-f1","tag-gp-miami","tag-grande-premio","tag-grandepremio","tag-horarios-f1","tag-lewis-hamilton","tag-miami","tag-miami-2025","tag-miami-f1","tag-onde-assistir-f1","tag-temporada-2025-f1","tag-toto-wolff","42wp_author-luana-marino"],"_links":{"self":[{"href":"https:\/\/grandepremio.com\/br\/wp-json\/wp\/v2\/posts\/23322","targetHints":{"allow":["GET"]}}],"collection":[{"href":"https:\/\/grandepremio.com\/br\/wp-json\/wp\/v2\/posts"}],"about":[{"href":"https:\/\/grandepremio.com\/br\/wp-json\/wp\/v2\/types\/post"}],"replies":[{"embeddable":true,"href":"https:\/\/grandepremio.com\/br\/wp-json\/wp\/v2\/comments?post=23322"}],"version-history":[{"count":0,"href":"https:\/\/grandepremio.com\/br\/wp-json\/wp\/v2\/posts\/23322\/revisions"}],"wp:featuredmedia":[{"embeddable":true,"href":"https:\/\/grandepremio.com\/br\/wp-json\/wp\/v2\/media\/1000488957"}],"wp:attachment":[{"href":"https:\/\/grandepremio.com\/br\/wp-json\/wp\/v2\/media?parent=23322"}],"wp:term":[{"taxonomy":"category","embeddable":true,"href":"https:\/\/grandepremio.com\/br\/wp-json\/wp\/v2\/categories?post=23322"},{"taxonomy":"post_tag","embeddable":true,"href":"https:\/\/grandepremio.com\/br\/wp-json\/wp\/v2\/tags?post=23322"},{"taxonomy":"42wp_author","embeddable":true,"href":"https:\/\/grandepremio.com\/br\/wp-json\/wp\/v2\/42wp_author?post=23322"}],"curies":[{"name":"wp","href":"https:\/\/api.w.org\/{rel}","templated":true}]}}