{"id":23355,"date":"2025-05-01T19:06:31","date_gmt":"2025-05-01T22:06:31","guid":{"rendered":"https:\/\/grandepremio.com\/br\/noticias\/lewis-hamilton-pede-colaboracao-mais-proxima-entre-gpda-fia-queremos-ser-ouvidos\/"},"modified":"2025-05-01T19:19:51","modified_gmt":"2025-05-01T22:19:51","slug":"lewis-hamilton-pede-colaboracao-mais-proxima-entre-gpda-fia-queremos-ser-ouvidos","status":"publish","type":"post","link":"https:\/\/grandepremio.com\/br\/f1\/lewis-hamilton-pede-colaboracao-mais-proxima-entre-gpda-fia-queremos-ser-ouvidos\/","title":{"rendered":"Hamilton pede colabora\u00e7\u00e3o &#8220;mais pr\u00f3xima&#8221; entre GPDA e FIA: &#8220;Queremos ser ouvidos&#8221;"},"content":{"rendered":"\n<p class=\"wp-block-paragraph\">Assim como <strong>George Russell<\/strong> fez na coletiva de imprensa do <strong>GP de Miami<\/strong>, realizada nesta quinta-feira (1), <strong>Lewis Hamilton<\/strong> tamb\u00e9m se manifestou sobre as declara\u00e7\u00f5es recentes do presidente da <strong>Federa\u00e7\u00e3o Internacional de Automobilismo<\/strong> (<strong>FIA<\/strong>). Na opini\u00e3o do heptacampe\u00e3o, a <strong>Associa\u00e7\u00e3o de Pilotos de Grand Prix<\/strong>\u00a0(<strong>GPDA<\/strong>) deveria &#8220;trabalhar mais de perto&#8221; com a entidade respons\u00e1vel por gerir o esporte a motor.<\/p>\n\n\n\n<p class=\"wp-block-paragraph\">Ap\u00f3s ser duramente criticado pelos pilotos da\u00a0<strong><a href=\"https:\/\/www.grandepremio.com\/br\/f1\/\" target=\"_blank\" rel=\"noreferrer noopener\">F\u00f3rmula 1<\/a><\/strong>\u00a0e do\u00a0<strong>Mundial de Rali<\/strong>\u00a0(<strong>WRC<\/strong>) por causa das puni\u00e7\u00f5es recebidas devido ao uso de palavr\u00f5es durante as entrevistas,\u00a0<strong>Mohammed Ben Sulayem<\/strong>\u00a0decidiu utilizar as redes sociais, na \u00faltima ter\u00e7a-feira, para afirmar que, depois de receber alguns feedbacks, est\u00e1\u00a0<a href=\"https:\/\/www.grandepremio.com\/br\/f1\/noticias\/presidente-fia-volta-atras-promete-rever-regra-sobre-palavroes\/\">considerando a possibilidade de tornar a medida mais branda<\/a>.<\/p>\n\n\n\n<p class=\"wp-block-paragraph\">&#8220;Ap\u00f3s o feedback construtivo dos pilotos nos sete campeonatos mundiais da FIA, estou considerando fazer melhorias no Ap\u00eandice B. Como ex-piloto de rali, entendo melhor do que a maioria as exig\u00eancias que eles enfrentam. O Ap\u00eandice B \u00e9 uma parte fundamental do C\u00f3digo Esportivo Internacional e \u00e9 essencial para ajudar a manter o esporte acess\u00edvel a toda a nossa fam\u00edlia esportiva&#8221;, declarou o dirigente.<\/p>\n\n\n\n<p class=\"wp-block-paragraph\">Diretor da GPDA, Russell <a href=\"https:\/\/www.grandepremio.com\/br\/f1\/noticias\/george-russell-responde-fia-cobra-acao-concreta-sobre-palavroes-falar-nao-significa-nada\/\">cobrou &#8220;a\u00e7\u00f5es concretas&#8221; por parte da FIA<\/a>, e n\u00e3o apenas palavras que, na opini\u00e3o dele, &#8220;n\u00e3o significam nada&#8221;. Hamilton, por sua vez, destacou a uni\u00e3o que existe entre os participantes da associa\u00e7\u00e3o e deixou claro que \u00e9 preciso criar uma rela\u00e7\u00e3o mais pr\u00f3xima com o \u00f3rg\u00e3o presidido por Ben Sulayem. Caso contr\u00e1rio, nunca ter\u00e3o qualquer poder na tomada de decis\u00f5es.<\/p>\n\n\n\n<figure class=\"wp-block-image size-large\"><img decoding=\"async\" src=\"https:\/\/www.grandepremio.com\/br\/wp-content\/uploads\/2025\/05\/miami-2025-f1-quinta-feira-lewis-Hamilton-george-russell-afp-03-1200x800.jpg\" alt=\"\" class=\"wp-image-961475\"\/><figcaption class=\"wp-element-caption\">Lewis Hamilton e George Russell se manifestaram sobre a rela\u00e7\u00e3o dos pilotos com a FIA (Foto: AFP)<\/figcaption><\/figure>\n\n\n\n<p class=\"wp-block-paragraph\">\u25b6\ufe0f <strong>Inscreva-se nos dois canais do GRANDE PR\u00caMIO no YouTube:\u00a0<a href=\"https:\/\/www.youtube.com\/channel\/UC9OlHEgxoaY6QY6nWPoiqQg?sub_confirmation=1\" target=\"_blank\" rel=\"noreferrer noopener\">GP<\/a>\u00a0|\u00a0<a href=\"https:\/\/www.youtube.com\/channel\/UC9csiS6q_C3C0FYhyr1rnFA?sub_confirmation=1\" target=\"_blank\" rel=\"noreferrer noopener\">GP2<\/a><\/strong><br>\u25b6\ufe0f <strong>LEIA TAMB\u00c9M:\u00a0<a href=\"https:\/\/www.grandepremio.com\/br\/f1\/noticias\/gabriel-bortoleto-pega-mare-alta-precisa-aprender-boiar-vez-nadar-contra-corrente\/\">Bortoleto pega mar\u00e9 alta e precisa aprender a boiar em vez de nadar contra corrente<\/a><\/strong><\/p>\n\n\n\n<p class=\"wp-block-paragraph\">&#8220;No fim das contas, a GPDA est\u00e1 muito unida. Estamos trabalhando para&#8230; No fim, queremos poder trabalhar mais de perto com a FIA. Todos n\u00f3s queremos continuar colaborando para melhorar o esporte. E, claro, enfrentamos um certo desafio ao longo do tempo com essa comunica\u00e7\u00e3o&#8221;, come\u00e7ou o <strong>#44<\/strong> da <strong>Ferrari<\/strong>.<\/p>\n\n\n\n<p class=\"wp-block-paragraph\">&#8220;No fim das contas, n\u00e3o temos um assento de poder na mesa. E, na minha opini\u00e3o, isso precisa mudar. Se olharmos para outros esportes que t\u00eam sindicatos, isso pode ser algo a ser considerado em algum momento. Mas, como eu disse, n\u00e3o queremos controlar as coisas. S\u00f3 queremos colaborar mais com eles e ter nossas vozes ouvidas&#8221;, explicou.<\/p>\n\n\n\n<p class=\"wp-block-paragraph\">&#8220;No fim, quando decis\u00f5es s\u00e3o tomadas por pessoas que nunca estiveram nessa posi\u00e7\u00e3o, \u00e9 importante ter um ponto de vista vindo da perspectiva dos pilotos \u2014 e \u00e9 s\u00f3 isso que tentamos oferecer&#8221;, concluiu Hamilton.<\/p>\n\n\n\n<p class=\"wp-block-paragraph\">A\u00a0<strong><a href=\"https:\/\/www.grandepremio.com\/br\/f1\/\" target=\"_blank\" rel=\"noreferrer noopener\">F\u00f3rmula 1<\/a><\/strong>\u00a0realiza o\u00a0<strong>GP de Miami<\/strong>, primeiro do ano nos Estados Unidos, entre os dias 2 e 4 de maio. \u00c9 a sexta etapa da\u00a0<strong>temporada 2025<\/strong>. O\u00a0<strong>GRANDE PR\u00caMIO<\/strong>\u00a0acompanha todas as atividades\u00a0<strong><a href=\"https:\/\/www.grandepremio.com\/br\/f1\/ao-vivo\" target=\"_blank\" rel=\"noreferrer noopener\">AO VIVO E EM\u00a0<\/a><a href=\"https:\/\/www.grandepremio.com\/br\/ao-vivo\/\" target=\"_blank\" rel=\"noreferrer noopener\">TEMPO REAL<\/a><\/strong>, al\u00e9m de classifica\u00e7\u00f5es, corrida sprint e corrida em\u00a0<strong><a href=\"https:\/\/www.youtube.com\/@GrandePremio1\/streams\" target=\"_blank\" rel=\"noreferrer noopener\">SEGUNDA TELA no YouTube<\/a><\/strong>, em parceria com a Voz do Esporte. \u00c0s\u00a0<strong>13h30 (de Bras\u00edlia, GMT-3)\u00a0<\/strong>de\u00a0<strong>sexta-feira<\/strong>\u00a0(2), os pilotos realizam o \u00fanico\u00a0<strong>treino livre<\/strong>. Depois,\u00a0<strong>\u00e0s 17h30h<\/strong>, retornam para a\u00a0<strong>classifica\u00e7\u00e3o sprint<\/strong>. No s\u00e1bado (3), a\u00a0<strong>corrida sprint<\/strong>\u00a0larga \u00e0s\u00a0<strong>13h<\/strong>, ao passo que a\u00a0<strong>classifica\u00e7\u00e3o oficial\u00a0<\/strong>ser\u00e1 \u00e0s\u00a0<strong>17h<\/strong>. Por fim, no\u00a0<strong>domingo\u00a0<\/strong>(4), os pilotos disputam o GP de Miami\u00a0<strong>\u00e0s 17h<\/strong>. O\u00a0<strong>Briefing\u00a0<\/strong>chega para comentar na GPTV ap\u00f3s o fim de cada dia de atividades.<\/p>\n\n\n\n<figure class=\"wp-block-embed is-type-video is-provider-youtube wp-block-embed-youtube wp-embed-aspect-16-9 wp-has-aspect-ratio\"><div class=\"wp-block-embed__wrapper\">\n<iframe loading=\"lazy\" title=\"30 ANOS SEM SENNA - Por que os CARROS da F1 se tornaram t\u00e3o PERIGOSOS em 1994\" width=\"500\" height=\"281\" src=\"https:\/\/www.youtube.com\/embed\/JM5-HICOXes?feature=oembed\" frameborder=\"0\" allow=\"accelerometer; autoplay; clipboard-write; encrypted-media; gyroscope; picture-in-picture; web-share\" referrerpolicy=\"strict-origin-when-cross-origin\" allowfullscreen><\/iframe>\n<\/div><\/figure>\n\n\n\n<figure class=\"wp-block-embed is-type-rich is-provider-spotify wp-block-embed-spotify wp-embed-aspect-21-9 wp-has-aspect-ratio\"><div class=\"wp-block-embed__wrapper\">\n<iframe title=\"Spotify Embed: NOVO SENNA? O PESO EM CIMA DOS ATLETAS BRASILEIROS DEPOIS DE AYRTON | PADDOCKAST #190\" style=\"border-radius: 12px\" width=\"100%\" height=\"152\" frameborder=\"0\" allowfullscreen allow=\"autoplay; clipboard-write; encrypted-media; fullscreen; picture-in-picture\" loading=\"lazy\" src=\"https:\/\/open.spotify.com\/embed\/episode\/4mFtg03cLSA6JxvVhFUPN6?si=Xc1GzwC5Rh62CzsQ8GTerw&amp;utm_source=oembed\"><\/iframe>\n<\/div><\/figure>\n","protected":false},"excerpt":{"rendered":"<p>Lewis Hamilton foi mais um a se manifestar sobre a inten\u00e7\u00e3o de Mohammed Ben Sulayem, presidente da FIA, de alterar a regra que trata do uso de palavr\u00f5es. Heptacampe\u00e3o ainda cobrou &#8220;um assento de poder na mesa&#8221; para a Associa\u00e7\u00e3o de Pilotos de Grand Prix (GPDA)<\/p>\n","protected":false},"author":0,"featured_media":1000961470,"comment_status":"closed","ping_status":"closed","sticky":false,"template":"","format":"standard","meta":{"42wp_featured_image_caption":"","42wp_featured_image_credits":"","42wp_featured_video":"","42wp_featured_image_hidden":false,"42wp_authors_list":[],"footnotes":""},"categories":[2],"tags":[26271,5273,147,3630,103,180,3628,873,34737,7451,1491,28285,30840,87,2470,43248,31473,30344,35129,42001],"42wp_author":[47160],"class_list":["post-23355","post","type-post","status-publish","format-standard","has-post-thumbnail","hentry","category-f1","tag-calendario-f1","tag-classificacao-f1","tag-f1","tag-f1-2025","tag-fia","tag-formula-1","tag-formula-1-2025","tag-gp-de-miami","tag-gp-de-miami-f1","tag-gpda","tag-grande-premio","tag-grandepremio","tag-horarios-f1","tag-lewis-hamilton","tag-miami","tag-miami-2025","tag-miami-f1","tag-mohammed-ben-sulayem","tag-onde-assistir-f1","tag-temporada-2025-f1","42wp_author-vicente-soella"],"_links":{"self":[{"href":"https:\/\/grandepremio.com\/br\/wp-json\/wp\/v2\/posts\/23355","targetHints":{"allow":["GET"]}}],"collection":[{"href":"https:\/\/grandepremio.com\/br\/wp-json\/wp\/v2\/posts"}],"about":[{"href":"https:\/\/grandepremio.com\/br\/wp-json\/wp\/v2\/types\/post"}],"replies":[{"embeddable":true,"href":"https:\/\/grandepremio.com\/br\/wp-json\/wp\/v2\/comments?post=23355"}],"version-history":[{"count":0,"href":"https:\/\/grandepremio.com\/br\/wp-json\/wp\/v2\/posts\/23355\/revisions"}],"wp:featuredmedia":[{"embeddable":true,"href":"https:\/\/grandepremio.com\/br\/wp-json\/wp\/v2\/media\/1000961470"}],"wp:attachment":[{"href":"https:\/\/grandepremio.com\/br\/wp-json\/wp\/v2\/media?parent=23355"}],"wp:term":[{"taxonomy":"category","embeddable":true,"href":"https:\/\/grandepremio.com\/br\/wp-json\/wp\/v2\/categories?post=23355"},{"taxonomy":"post_tag","embeddable":true,"href":"https:\/\/grandepremio.com\/br\/wp-json\/wp\/v2\/tags?post=23355"},{"taxonomy":"42wp_author","embeddable":true,"href":"https:\/\/grandepremio.com\/br\/wp-json\/wp\/v2\/42wp_author?post=23355"}],"curies":[{"name":"wp","href":"https:\/\/api.w.org\/{rel}","templated":true}]}}