{"id":23467,"date":"2025-04-29T08:02:45","date_gmt":"2025-04-29T11:02:45","guid":{"rendered":"https:\/\/grandepremio.com\/br\/noticias\/yamaha-diz-satisfeita-testes-novo-motor-jerez-estamos-convencidos\/"},"modified":"2025-04-29T19:40:23","modified_gmt":"2025-04-29T22:40:23","slug":"yamaha-diz-satisfeita-testes-novo-motor-jerez-estamos-convencidos","status":"publish","type":"post","link":"https:\/\/grandepremio.com\/br\/motogp\/yamaha-diz-satisfeita-testes-novo-motor-jerez-estamos-convencidos\/","title":{"rendered":"Yamaha se diz satisfeita ap\u00f3s testes com novo motor em Jerez: &#8220;Estamos convencidos&#8221;"},"content":{"rendered":"\n<p class=\"wp-block-paragraph\">A <strong>Yamaha <\/strong>foi um dos grandes destaques durante o fim de semana da <strong>MotoGP <\/strong>em <strong>Jerez <\/strong>e repetiu a dose na \u00faltima segunda-feira (29), <a href=\"https:\/\/www.grandepremio.com\/br\/motogp\/noticias\/marc-marquez-ignora-rivais-domina-dia-testes-motogp-jerez\/\">no teste realizado pela categoria no circuito espanhol<\/a>. Depois do p\u00f3dio na corrida, <strong>Fabio Quartararo<\/strong> terminou com o terceiro tempo na atividade, seguido pelo companheiro <strong>\u00c1lex Rins<\/strong>. A novidade da montadora japonesa, por\u00e9m, foi um novo motor, mas que ainda n\u00e3o \u00e9 o aguardado V4.<\/p>\n\n\n\n<p class=\"wp-block-paragraph\">O motor testado pela Yamaha em Jerez foi uma nova vers\u00e3o dos quatro cilindros em linha, que j\u00e1 \u00e9 utilizado pela f\u00e1brica h\u00e1 anos e se mant\u00e9m como resist\u00eancia ap\u00f3s as muitas mudan\u00e7as na classe rainha do <strong>Mundial de Motovelocidade<\/strong>. Depois da atividade, Quartararo exaltou a qualidade da pe\u00e7a que deve virar permanente na moto de 2025.<\/p>\n\n\n\n<p class=\"wp-block-paragraph\">&#8220;Testamos um novo motor e parece bom. Provavelmente vamos usar em <strong>Le Mans<\/strong>, mas os engenheiros precisam analisar os dados primeiro. A reta aqui [em Jerez] \u00e9 muito curta, mas o importante foi ver que temos o mesmo n\u00edvel de agilidade com o novo motor em rela\u00e7\u00e3o ao padr\u00e3o&#8221;, disse o franc\u00eas.<\/p>\n\n\n\n<p class=\"wp-block-paragraph\">&#8220;Ainda precisamos de mais tempo para entender o verdadeiro benef\u00edcio deste motor, mas temos alguns pontos positivos, o que acho \u00f3timo. Estou pronto para Le Mans&#8221;, completou ap\u00f3s os testes.<\/p>\n\n\n\n<figure class=\"wp-block-image size-large\"><img decoding=\"async\" src=\"https:\/\/www.grandepremio.com\/br\/wp-content\/uploads\/2025\/04\/MEYMm__TIN1452-1200x799.jpg\" alt=\"\" class=\"wp-image-959547\"\/><figcaption class=\"wp-element-caption\">\u00c1lex Rins tamb\u00e9m testou novidades na moto M1 na Espanha (Foto: Yamaha)<\/figcaption><\/figure>\n\n\n\n<p class=\"wp-block-paragraph\"><strong>\u25b6\ufe0f&nbsp;Inscreva-se nos dois canais do GRANDE PR\u00caMIO no YouTube:&nbsp;<a href=\"https:\/\/www.youtube.com\/channel\/UC9OlHEgxoaY6QY6nWPoiqQg?sub_confirmation=1\" target=\"_blank\" rel=\"noreferrer noopener\">GP<\/a>&nbsp;|&nbsp;<a href=\"https:\/\/www.youtube.com\/channel\/UC9csiS6q_C3C0FYhyr1rnFA?sub_confirmation=1\" target=\"_blank\" rel=\"noreferrer noopener\">GP2<\/a><\/strong><\/p>\n\n\n\n<p class=\"wp-block-paragraph\"><strong>Massimo Meregalli<\/strong>, chefe da Yamaha, confirmou que os pilotos aprovaram o novo motor durante as atividades no circuito espanhol e que a montadora deve homologar a unidade atualizada para o <strong>GP da Fran\u00e7a<\/strong>, no pr\u00f3ximo final de semana, inclusive destacando os pontos positivos da novidade.<\/p>\n\n\n\n<p class=\"wp-block-paragraph\">&#8220;Tivemos um bom fim de semana, um teste bem sucedido. Hoje, fomos capazes de conseguir boas informa\u00e7\u00f5es, a prioridade era o motor atualizado, n\u00e3o o V4. Estamos prontos para guardar essa especifica\u00e7\u00e3o e usar em Le Mans como nosso terceiro motor, os coment\u00e1rios dos pilotos foram positivos e estamos satisfeitos&#8221;, destacou o dirigente.<\/p>\n\n\n\n<p class=\"wp-block-paragraph\">&#8220;Sabemos que o motor novo tem um pouco mais de pot\u00eancia, mas as caracter\u00edsticas da moto continuam iguais, ent\u00e3o \u00e9 uma vantagem. Estamos convencidos de que este motor \u00e9 melhor&#8221;, finalizou.<\/p>\n\n\n\n<p class=\"wp-block-paragraph\">A&nbsp;<strong><a href=\"https:\/\/grandepremio.com\/motovelocidade\/\" target=\"_blank\" rel=\"noreferrer noopener\">MotoGP<\/a><\/strong>&nbsp;volta a acelerar entre 9 e 11 de maio, com o&nbsp;<strong>GP da&nbsp;Fran\u00e7a<\/strong>, em&nbsp;<strong>Le Mans<\/strong>, para a 6\u00aa etapa da temporada 2025. O&nbsp;<strong>GRANDE PR\u00caMIO&nbsp;<\/strong>faz a cobertura completa do evento, assim como das outras classes do&nbsp;<strong>Mundial de&nbsp;<a href=\"https:\/\/www.grandepremio.com\/motovelocidade\/\">Motovelocidade<\/a><\/strong><a href=\"https:\/\/www.grandepremio.com\/motovelocidade\/\">&nbsp;<\/a>durante todo o ano.<\/p>\n\n\n\n<p class=\"wp-block-paragraph\"><strong>LEIA TAMB\u00c9M<\/strong><br>\u2b50&nbsp;<strong><a href=\"https:\/\/www.grandepremio.com\/br\/grandepremium\/10\/motogp\/materias\/dez-lesoes-marcaram-historia-motogp\/\">Dez les\u00f5es que marcaram a hist\u00f3ria da MotoGP<\/a><\/strong><\/p>\n\n\n\n<figure class=\"wp-block-embed is-type-video is-provider-youtube wp-block-embed-youtube wp-embed-aspect-16-9 wp-has-aspect-ratio\"><div class=\"wp-block-embed__wrapper\">\n<iframe loading=\"lazy\" title=\"AMOR OU PERFORMANCE: FUTURO DE ACOSTA EM UMA ENCRUZILHADA | Paddock Sprint Moto\" width=\"500\" height=\"281\" src=\"https:\/\/www.youtube.com\/embed\/LEBidPdcEr8?feature=oembed\" frameborder=\"0\" allow=\"accelerometer; autoplay; clipboard-write; encrypted-media; gyroscope; picture-in-picture; web-share\" referrerpolicy=\"strict-origin-when-cross-origin\" allowfullscreen><\/iframe>\n<\/div><\/figure>\n","protected":false},"excerpt":{"rendered":"<p>A Yamaha voltou a andar bem em Jerez, dessa vez no teste realizado na \u00faltima segunda-feira (29), colocando os dois pilotos no top-5. A montadora japonesa ainda testou uma vers\u00e3o atualizada do motor e saiu contente com o rendimento obtido<\/p>\n","protected":false},"author":0,"featured_media":1000959546,"comment_status":"closed","ping_status":"closed","sticky":false,"template":"","format":"standard","meta":{"42wp_featured_image_caption":"","42wp_featured_image_credits":"","42wp_featured_video":"","42wp_featured_image_hidden":false,"42wp_authors_list":[],"footnotes":""},"categories":[8],"tags":[2335,5214,1877,110,996,28285,1690,1984,79,78,39739,42042,41956,42032,42033,25819,29345,28766,42034,26690,29727,41398,172],"42wp_author":[47135],"class_list":["post-23467","post","type-post","status-publish","format-standard","has-post-thumbnail","hentry","category-motogp","tag-alex-rins","tag-classificacao-motogp","tag-espanha","tag-fabio-quartararo","tag-gp-da-espanha","tag-grandepremio","tag-jerez","tag-massimo-meregalli","tag-moto-gp","tag-motogp","tag-motogp-2025","tag-motogp-2025-calendario","tag-motogp-25","tag-motogp-calendario-2025","tag-motogp-classificacao-2025","tag-motogp-hoje","tag-motogp-horario","tag-motogp-standings","tag-onde-assistir-motogp-2025","tag-pilotos-motogp","tag-resultados-motogp","tag-temporada-motogp","tag-yamaha","42wp_author-pedro-luis-cuenca"],"_links":{"self":[{"href":"https:\/\/grandepremio.com\/br\/wp-json\/wp\/v2\/posts\/23467","targetHints":{"allow":["GET"]}}],"collection":[{"href":"https:\/\/grandepremio.com\/br\/wp-json\/wp\/v2\/posts"}],"about":[{"href":"https:\/\/grandepremio.com\/br\/wp-json\/wp\/v2\/types\/post"}],"replies":[{"embeddable":true,"href":"https:\/\/grandepremio.com\/br\/wp-json\/wp\/v2\/comments?post=23467"}],"version-history":[{"count":0,"href":"https:\/\/grandepremio.com\/br\/wp-json\/wp\/v2\/posts\/23467\/revisions"}],"wp:featuredmedia":[{"embeddable":true,"href":"https:\/\/grandepremio.com\/br\/wp-json\/wp\/v2\/media\/1000959546"}],"wp:attachment":[{"href":"https:\/\/grandepremio.com\/br\/wp-json\/wp\/v2\/media?parent=23467"}],"wp:term":[{"taxonomy":"category","embeddable":true,"href":"https:\/\/grandepremio.com\/br\/wp-json\/wp\/v2\/categories?post=23467"},{"taxonomy":"post_tag","embeddable":true,"href":"https:\/\/grandepremio.com\/br\/wp-json\/wp\/v2\/tags?post=23467"},{"taxonomy":"42wp_author","embeddable":true,"href":"https:\/\/grandepremio.com\/br\/wp-json\/wp\/v2\/42wp_author?post=23467"}],"curies":[{"name":"wp","href":"https:\/\/api.w.org\/{rel}","templated":true}]}}