{"id":23469,"date":"2025-04-29T07:28:28","date_gmt":"2025-04-29T10:28:28","guid":{"rendered":"https:\/\/grandepremio.com\/br\/noticias\/presidente-fia-volta-atras-promete-rever-regra-sobre-palavroes\/"},"modified":"2025-04-29T09:45:07","modified_gmt":"2025-04-29T12:45:07","slug":"presidente-fia-volta-atras-promete-rever-regra-sobre-palavroes","status":"publish","type":"post","link":"https:\/\/grandepremio.com\/br\/f1\/presidente-fia-volta-atras-promete-rever-regra-sobre-palavroes\/","title":{"rendered":"Presidente da FIA volta atr\u00e1s e promete rever regra sobre palavr\u00f5es"},"content":{"rendered":"\n<p class=\"wp-block-paragraph\">A <strong>Federa\u00e7\u00e3o Internacional de Automobilismo (FIA)<\/strong> fez mudan\u00e7as no <strong>C\u00f3digo Esportivo Internacional<\/strong> em 2024 e passou a aplicar multas a pilotos que fizessem uso de palavr\u00f5es no r\u00e1dio durante as corridas ou nas coletivas de imprensa. A decis\u00e3o do presidente <strong>Mohammed Ben Sulayem<\/strong> dividiu opini\u00f5es e foi fortemente criticada pelos competidores. Agora, atrav\u00e9s de um post nas redes sociais, o emiradense parece estar aberto a voltar atr\u00e1s com a diretiva.<\/p>\n\n\n\n<p class=\"wp-block-paragraph\">Durante a coletiva de imprensa do <strong>GP de Singapura de 2024<\/strong>, <strong>Max Verstappen<\/strong> foi punido ao usar o tempo \u201cfodido\u201d para se referir ao <strong>RB20<\/strong> e <a href=\"https:\/\/www.grandepremio.com\/br\/f1\/noticias\/max-verstappen-cumpre-servico-social-ruanda-exalta-projeto-potencial-enorme\/\">teve de cumprir um servi\u00e7o social<\/a> como pena. Algum tempo depois, no fim de semana do <strong>GP da Cidade do M\u00e9xico<\/strong>, <strong>Charles Leclerc <\/strong><a href=\"https:\/\/www.grandepremio.com\/br\/f1\/noticias\/charles-leclerc-leva-multa-r-63-mil-falar-palavrao-coletiva-f1-mexico\/\">foi multado em \u20ac 10 mil<\/a> (R$ 64 mil, na cota\u00e7\u00e3o mais recente) por utilizar a express\u00e3o \u2018Fuck\u2019 (\u2018Porra\u2019, traduzido no contexto da situa\u00e7\u00e3o).<\/p>\n\n\n\n<p class=\"wp-block-paragraph\">Mas as penalidades n\u00e3o se restringiram apenas \u00e0 <strong>F1.<\/strong> <strong>Adrien Fourmaux<\/strong>, piloto da <strong>Hyundai <\/strong>no <strong>Mundial de Rali<\/strong>, recebeu a mesma multa de <strong>Leclerc <\/strong>depois de descrever um erro cometido durante o Rali da Su\u00e9cia e <a href=\"https:\/\/www.grandepremio.com\/br\/rally\/noticias\/piloto-da-hyundai-toma-primeira-punicao-palavrao-apos-entrevista-rali-da-suecia\/\">utilizar a express\u00e3o \u201cfodemos tudo\u201d.<\/a><\/p>\n\n\n\n<p class=\"wp-block-paragraph\">Os pilotos do <strong>WRC <\/strong>se uniram e, na etapa seguinte, no Rali do Qu\u00eania, <a href=\"https:\/\/www.grandepremio.com\/br\/rally\/noticias\/pilotos-wrc-se-unem-apos-punicao-adrien-fourmaux-ficam-silencio-entrevistas-quenia\/\">fizeram uma esp\u00e9cie de voto de sil\u00eancio<\/a>. Os titulares da <strong>F1 <\/strong>tamb\u00e9m mostraram o descontentamento por meio da <strong>Associa\u00e7\u00e3o de Pilotos de Grande Pr\u00eamio<\/strong> e escreveram uma repreens\u00e3o p\u00fablica \u00e0 decis\u00e3o da <strong>FIA<\/strong>.<\/p>\n\n\n\n<figure class=\"wp-block-image size-large\"><img decoding=\"async\" src=\"https:\/\/www.grandepremio.com\/br\/wp-content\/uploads\/2025\/04\/arabia-saudita-2025-f1-corrida-red-bull-max-verstappen-afp-08-1200x800.jpg\" alt=\"\" class=\"wp-image-957621\"\/><figcaption class=\"wp-element-caption\">Max Verstappen foi um dos pilotos mais vocais sobre a regra do palavr\u00e3o (Foto: AFP) <\/figcaption><\/figure>\n\n\n\n<p class=\"wp-block-paragraph\">Alguns meses depois das pol\u00eamicas, o presidente da <strong>FIA <\/strong>utilizou as redes sociais para dizer que, ap\u00f3s feedbacks, vai fazer algumas altera\u00e7\u00f5es na regra.<\/p>\n\n\n\n<p class=\"wp-block-paragraph\">\u201cAp\u00f3s o feedback construtivo dos pilotos nos sete campeonatos mundiais da FIA, estou considerando fazer melhorias no Ap\u00eandice B. Como ex-piloto de rali, entendo melhor do que a maioria as exig\u00eancias que eles enfrentam\u201d, destacou <strong>Sulayem<\/strong>.<\/p>\n\n\n\n<p class=\"wp-block-paragraph\">\u201cO Ap\u00eandice B \u00e9 uma parte fundamental do C\u00f3digo Esportivo Internacional e \u00e9 essencial para ajudar a manter o esporte acess\u00edvel a toda a nossa fam\u00edlia esportiva. Ao ouvir uns aos outros e trabalhar de forma colaborativa, continuamos a impulsionar um futuro positivo para o esporte com o qual todos nos importamos tanto\u201d, finalizou o presidente da <strong>FIA<\/strong>.<\/p>\n\n\n\n<p class=\"wp-block-paragraph\">A&nbsp;<a href=\"https:\/\/www.grandepremio.com\/br\/f1\/\" target=\"_blank\" rel=\"noreferrer noopener\">F\u00f3rmula 1<\/a>&nbsp;retorna entre 2 e 4 de maio em&nbsp;<strong><a href=\"https:\/\/www.grandepremio.com\/br\/circuito\/miami\/\" target=\"_blank\" rel=\"noreferrer noopener\">Miami<\/a><\/strong>, primeira corrida da temporada 2025 nos&nbsp;<strong>Estados Unidos<\/strong>.<\/p>\n\n\n\n<p class=\"wp-block-paragraph\">\u25b6\ufe0f&nbsp;<strong>Inscreva-se nos dois canais do GRANDE PR\u00caMIO no YouTube:&nbsp;<a href=\"https:\/\/www.youtube.com\/channel\/UC9OlHEgxoaY6QY6nWPoiqQg?sub_confirmation=1\" target=\"_blank\" rel=\"noreferrer noopener\">GP<\/a>&nbsp;|&nbsp;<a href=\"https:\/\/www.youtube.com\/channel\/UC9csiS6q_C3C0FYhyr1rnFA?sub_confirmation=1\" target=\"_blank\" rel=\"noreferrer noopener\">GP2<\/a><\/strong><\/p>\n\n\n\n<figure class=\"wp-block-embed is-type-video is-provider-youtube wp-block-embed-youtube wp-embed-aspect-16-9 wp-has-aspect-ratio\"><div class=\"wp-block-embed__wrapper\">\n<iframe loading=\"lazy\" title=\"PIASTRI X NORRIS EM MIAMI? VERSTAPPEN FICA NA F1? BORTOLETO REAGE? | Paddock GP #413\" width=\"500\" height=\"281\" src=\"https:\/\/www.youtube.com\/embed\/HeuSJvk4u2A?feature=oembed\" frameborder=\"0\" allow=\"accelerometer; autoplay; clipboard-write; encrypted-media; gyroscope; picture-in-picture; web-share\" referrerpolicy=\"strict-origin-when-cross-origin\" allowfullscreen><\/iframe>\n<\/div><\/figure>\n","protected":false},"excerpt":{"rendered":"<p>Ap\u00f3s as in\u00fameras insatisfa\u00e7\u00f5es p\u00fablicas dos pilotos, Mohammed Ben Sulayem, presidente da Federa\u00e7\u00e3o Internacional de Automobilismo (FIA), disse que considera fazer algumas mudan\u00e7as na regra sobre o uso do palavr\u00e3o<\/p>\n","protected":false},"author":0,"featured_media":1000804950,"comment_status":"closed","ping_status":"closed","sticky":false,"template":"","format":"standard","meta":{"42wp_featured_image_caption":"","42wp_featured_image_credits":"","42wp_featured_video":"","42wp_featured_image_hidden":false,"42wp_authors_list":[],"footnotes":""},"categories":[2],"tags":[209,147,25893,103,180,1491,28285,2780,203,30344,1500,9685],"42wp_author":[47149],"class_list":["post-23469","post","type-post","status-publish","format-standard","has-post-thumbnail","hentry","category-f1","tag-charles-leclerc","tag-f1","tag-federacao-internacional-de-automobilismo","tag-fia","tag-formula-1","tag-grande-premio","tag-grandepremio","tag-leclerc","tag-max-verstappen","tag-mohammed-ben-sulayem","tag-presidente-da-fia","tag-verstappen","42wp_author-bernardo-castro"],"_links":{"self":[{"href":"https:\/\/grandepremio.com\/br\/wp-json\/wp\/v2\/posts\/23469","targetHints":{"allow":["GET"]}}],"collection":[{"href":"https:\/\/grandepremio.com\/br\/wp-json\/wp\/v2\/posts"}],"about":[{"href":"https:\/\/grandepremio.com\/br\/wp-json\/wp\/v2\/types\/post"}],"replies":[{"embeddable":true,"href":"https:\/\/grandepremio.com\/br\/wp-json\/wp\/v2\/comments?post=23469"}],"version-history":[{"count":0,"href":"https:\/\/grandepremio.com\/br\/wp-json\/wp\/v2\/posts\/23469\/revisions"}],"wp:featuredmedia":[{"embeddable":true,"href":"https:\/\/grandepremio.com\/br\/wp-json\/wp\/v2\/media\/1000804950"}],"wp:attachment":[{"href":"https:\/\/grandepremio.com\/br\/wp-json\/wp\/v2\/media?parent=23469"}],"wp:term":[{"taxonomy":"category","embeddable":true,"href":"https:\/\/grandepremio.com\/br\/wp-json\/wp\/v2\/categories?post=23469"},{"taxonomy":"post_tag","embeddable":true,"href":"https:\/\/grandepremio.com\/br\/wp-json\/wp\/v2\/tags?post=23469"},{"taxonomy":"42wp_author","embeddable":true,"href":"https:\/\/grandepremio.com\/br\/wp-json\/wp\/v2\/42wp_author?post=23469"}],"curies":[{"name":"wp","href":"https:\/\/api.w.org\/{rel}","templated":true}]}}