{"id":23544,"date":"2025-04-27T04:45:00","date_gmt":"2025-04-27T07:45:00","guid":{"rendered":"https:\/\/grandepremio.com\/br\/noticias\/red-bull-bonanca-prova-de-crise-duvida-debandada-times-ganham-dinheiro-fomula-1\/"},"modified":"2025-04-26T16:37:50","modified_gmt":"2025-04-26T19:37:50","slug":"red-bull-bonanca-prova-de-crise-duvida-debandada-times-ganham-dinheiro-fomula-1","status":"publish","type":"post","link":"https:\/\/grandepremio.com\/br\/f1\/red-bull-bonanca-prova-de-crise-duvida-debandada-times-ganham-dinheiro-fomula-1\/","title":{"rendered":"Red Bull v\u00ea bonan\u00e7a \u00e0 prova de crise e duvida de debandada: &#8220;Times ganham dinheiro na F1&#8221;"},"content":{"rendered":"\n<p class=\"wp-block-paragraph\"><strong>Helmut Marko<\/strong>, consultor da <strong>Red Bull<\/strong>, acredita que a <strong>F\u00f3rmula 1<\/strong> se consolidou como um <strong>modelo de neg\u00f3cios sustent\u00e1vel<\/strong>. Por isso, mesmo diante da crise econ\u00f4mica que atinge o setor automotivo na Europa, n\u00e3o h\u00e1 motivo para temer uma debandada de montadoras como <strong>Audi<\/strong> e <strong>Mercedes<\/strong>.<\/p>\n\n\n\n<p class=\"wp-block-paragraph\">O consultor da Red Bull refor\u00e7ou que as equipes atualmente lucram na F1. A expans\u00e3o do interesse do p\u00fablico e a entrada de novos patrocinadores s\u00e3o fatores que impulsionam a sa\u00fade financeira. Isso mesmo que a compreens\u00e3o no Velho Continente seja que o setor automotivo viva um per\u00edodo cr\u00edtico por conta do arrocho das legisla\u00e7\u00f5es ambientais, tecnologias de energia mais limpa ainda em est\u00e1gio inicial e a crise energ\u00e9tica aumentada pela guerra na Ucr\u00e2nia. <\/p>\n\n\n\n<p class=\"wp-block-paragraph\">&#8220;A situa\u00e7\u00e3o econ\u00f4mica \u00e9 incrivelmente dif\u00edcil atualmente, mas o teto or\u00e7ament\u00e1rio transformou uma equipe de F\u00f3rmula 1 em um modelo de neg\u00f3cios rent\u00e1vel&#8221;, afirmou Marko ao jornal austr\u00edaco <em>Kleine Zeitung<\/em>. &#8220;A maioria dos times est\u00e1 ganhando dinheiro, e os patrocinadores v\u00eam de setores completamente diferentes, n\u00e3o mais apenas da ind\u00fastria automobil\u00edstica&#8221;, explicou.<\/p>\n\n\n\n<p class=\"wp-block-paragraph\">&#8220;A popularidade est\u00e1 aumentando e a propor\u00e7\u00e3o de mulheres entre os f\u00e3s tamb\u00e9m est\u00e1 crescendo. H\u00e1 muito mais f\u00e3s da F1 do que datas livres no calend\u00e1rio&#8221;, acrescentou.<\/p>\n\n\n\n<figure class=\"wp-block-image size-large\"><img decoding=\"async\" src=\"https:\/\/www.grandepremio.com\/br\/wp-content\/uploads\/2024\/08\/audi-2026-1-1200x675.jpg\" alt=\"\" class=\"wp-image-855529\"\/><figcaption class=\"wp-element-caption\">Audi ingressa no grid da F1 em 2026 (Foto: Audi)<\/figcaption><\/figure>\n\n\n\n<p class=\"wp-block-paragraph\">Com a popularidade da categoria em alta, novas marcas e montadoras continuam buscando espa\u00e7o na F1 \u2014 e <strong><a href=\"https:\/\/www.grandepremio.com\/br\/f1\/noticias\/f1-aprova-oficialmente-entrada-cadillac-como-11a-equipe-a-partir-2026\/\">a chegada da Cadillac<\/a><\/strong>, bra\u00e7o da <strong>GM<\/strong>, \u00e9 um dos exemplos mais recentes. Para Marko, a entrada da tradicional marca americana representa mais um reflexo positivo do atual momento vivido pela principal categoria do automobilismo mundial.<\/p>\n\n\n\n<p class=\"wp-block-paragraph\">&#8220;Quando um dos <strong>maiores fabricantes de autom\u00f3veis<\/strong> do mundo entra na F\u00f3rmula 1 com uma marca t\u00e3o tradicional, todos se beneficiam disso. Na minha juventude, o Cadillac era um <strong>carro dos sonhos<\/strong>. Agora, querem reconquistar espa\u00e7o&#8221;, destacou.<\/p>\n\n\n\n<p class=\"wp-block-paragraph\">A Cadillac estrear\u00e1 na F\u00f3rmula 1 em <strong>2026<\/strong>, mas <strong><a href=\"https:\/\/www.grandepremio.com\/br\/f1\/noticias\/ferrari-anuncia-parceria-cadillac-fornece-motores-f1-acordo-plurianual\/\">usar\u00e1 motores Ferrari nos primeiros anos,<\/a><\/strong> at\u00e9 que a GM conclua o desenvolvimento de sua <strong><a href=\"https:\/\/www.grandepremio.com\/br\/f1\/noticias\/general-motors-aprovacao-fia-estreia-fornecedora-motores-f1-2029\/\">pr\u00f3pria unidade de pot\u00eancia para a temporada 2029<\/a><\/strong>.<\/p>\n\n\n\n<p class=\"wp-block-paragraph\">&#8220;Eles tamb\u00e9m podem ser bem-sucedidos logo de cara, porque a GM tem participa\u00e7\u00e3o na Ferrari. V\u00e3o come\u00e7ar usando motores Ferrari&#8221;, apontou.<\/p>\n\n\n\n<figure class=\"wp-block-image size-full\"><img decoding=\"async\" src=\"https:\/\/www.grandepremio.com\/br\/wp-content\/uploads\/2025\/03\/cadillac_website.jpg\" alt=\"\" class=\"wp-image-935216\"\/><figcaption class=\"wp-element-caption\">Cadillac entrar\u00e1 na F1 em 2026 e correr\u00e1 com motores da GM a partir de 2029 (Foto: Divulga\u00e7\u00e3o)<\/figcaption><\/figure>\n\n\n\n<p class=\"wp-block-paragraph\">Por fim, o consultor austr\u00edaco levantou uma d\u00favida sobre o <strong>desafio log\u00edstico<\/strong> enfrentado pela nova opera\u00e7\u00e3o da Cadillac, que dividir\u00e1 suas bases entre a <strong>Inglaterra<\/strong>, onde ficar\u00e1 a sede da equipe, e os <strong>Estados Unidos<\/strong>, local de desenvolvimento dos motores.<\/p>\n\n\n\n<p class=\"wp-block-paragraph\">&#8220;A \u00fanica coisa interessante ser\u00e1 como v\u00e3o administrar essa fragmenta\u00e7\u00e3o de opera\u00e7\u00f5es \u2014 a f\u00e1brica de motores na Carolina do Norte e a sede da equipe na Inglaterra, de onde tudo ser\u00e1 gerenciado&#8221;, concluiu.<\/p>\n\n\n\n<p class=\"wp-block-paragraph\">A&nbsp;<a href=\"https:\/\/www.grandepremio.com\/br\/f1\/\" target=\"_blank\" rel=\"noreferrer noopener\"><\/a><a href=\"https:\/\/www.grandepremio.com\/br\/f1\/\" target=\"_blank\" rel=\"noreferrer noopener\">F\u00f3rmula 1<\/a>&nbsp;retorna entre 2 e 4 de maio em&nbsp;<strong><a href=\"https:\/\/www.grandepremio.com\/br\/circuito\/miami\/\" target=\"_blank\" rel=\"noreferrer noopener\">Miami<\/a><\/strong>, primeira corrida da temporada 2025 nos&nbsp;<strong>Estados Unidos<\/strong>.<\/p>\n\n\n\n<p class=\"wp-block-paragraph\">\u25b6\ufe0f&nbsp;<strong>Inscreva-se nos dois canais do GRANDE PR\u00caMIO no YouTube:&nbsp;<a href=\"https:\/\/www.youtube.com\/channel\/UC9OlHEgxoaY6QY6nWPoiqQg?sub_confirmation=1\" target=\"_blank\" rel=\"noreferrer noopener\">GP<\/a>&nbsp;|&nbsp;<a href=\"https:\/\/www.youtube.com\/channel\/UC9csiS6q_C3C0FYhyr1rnFA?sub_confirmation=1\" target=\"_blank\" rel=\"noreferrer noopener\">GP2<\/a><\/strong><\/p>\n\n\n\n<figure class=\"wp-block-embed is-type-video is-provider-youtube wp-block-embed-youtube wp-embed-aspect-16-9 wp-has-aspect-ratio\"><div class=\"wp-block-embed__wrapper\">\n<iframe loading=\"lazy\" title=\"McLAREN REJEITA FAVORITISMO: TEM PONTO FRACO? QUEM \u00c9 O MELHOR NOVATO DA F1 2025? | WGP\" width=\"500\" height=\"281\" src=\"https:\/\/www.youtube.com\/embed\/BdcWIVXfoOA?feature=oembed\" frameborder=\"0\" allow=\"accelerometer; autoplay; clipboard-write; encrypted-media; gyroscope; picture-in-picture; web-share\" referrerpolicy=\"strict-origin-when-cross-origin\" allowfullscreen><\/iframe>\n<\/div><\/figure>\n","protected":false},"excerpt":{"rendered":"<p>Helmut Marko garantiu que teto or\u00e7ament\u00e1rio tornou F\u00f3rmula 1 um neg\u00f3cio lucrativo e v\u00ea ambiente seguro para montadoras. Consultor da Red Bull comemorou chegada da Cadillac<\/p>\n","protected":false},"author":0,"featured_media":1000749226,"comment_status":"closed","ping_status":"closed","sticky":false,"template":"","format":"standard","meta":{"42wp_featured_image_caption":"","42wp_featured_image_credits":"","42wp_featured_video":"","42wp_featured_image_hidden":false,"42wp_authors_list":[],"footnotes":""},"categories":[2],"tags":[970,729,26271,5273,147,3630,180,3628,30123,30124,1491,28285,258,30840,82,35129,204,42001],"42wp_author":[47164],"class_list":["post-23544","post","type-post","status-publish","format-standard","has-post-thumbnail","hentry","category-f1","tag-audi","tag-cadillac","tag-calendario-f1","tag-classificacao-f1","tag-f1","tag-f1-2025","tag-formula-1","tag-formula-1-2025","tag-general-motors","tag-gm","tag-grande-premio","tag-grandepremio","tag-helmut-marko","tag-horarios-f1","tag-mercedes","tag-onde-assistir-f1","tag-red-bull","tag-temporada-2025-f1","42wp_author-marcos-gil-ribeiro"],"_links":{"self":[{"href":"https:\/\/grandepremio.com\/br\/wp-json\/wp\/v2\/posts\/23544","targetHints":{"allow":["GET"]}}],"collection":[{"href":"https:\/\/grandepremio.com\/br\/wp-json\/wp\/v2\/posts"}],"about":[{"href":"https:\/\/grandepremio.com\/br\/wp-json\/wp\/v2\/types\/post"}],"replies":[{"embeddable":true,"href":"https:\/\/grandepremio.com\/br\/wp-json\/wp\/v2\/comments?post=23544"}],"version-history":[{"count":0,"href":"https:\/\/grandepremio.com\/br\/wp-json\/wp\/v2\/posts\/23544\/revisions"}],"wp:featuredmedia":[{"embeddable":true,"href":"https:\/\/grandepremio.com\/br\/wp-json\/wp\/v2\/media\/1000749226"}],"wp:attachment":[{"href":"https:\/\/grandepremio.com\/br\/wp-json\/wp\/v2\/media?parent=23544"}],"wp:term":[{"taxonomy":"category","embeddable":true,"href":"https:\/\/grandepremio.com\/br\/wp-json\/wp\/v2\/categories?post=23544"},{"taxonomy":"post_tag","embeddable":true,"href":"https:\/\/grandepremio.com\/br\/wp-json\/wp\/v2\/tags?post=23544"},{"taxonomy":"42wp_author","embeddable":true,"href":"https:\/\/grandepremio.com\/br\/wp-json\/wp\/v2\/42wp_author?post=23544"}],"curies":[{"name":"wp","href":"https:\/\/api.w.org\/{rel}","templated":true}]}}