{"id":23555,"date":"2025-04-26T16:43:09","date_gmt":"2025-04-26T19:43:09","guid":{"rendered":"https:\/\/grandepremio.com\/br\/noticias\/alpine-freia-exposicao-decide-manter-franco-colapinto-simulador-gp-de-miami\/"},"modified":"2025-04-26T16:54:57","modified_gmt":"2025-04-26T19:54:57","slug":"alpine-freia-exposicao-decide-manter-franco-colapinto-simulador-gp-de-miami","status":"publish","type":"post","link":"https:\/\/grandepremio.com\/br\/f1\/alpine-freia-exposicao-decide-manter-franco-colapinto-simulador-gp-de-miami\/","title":{"rendered":"Alpine freia exposi\u00e7\u00e3o e decide manter Colapinto no simulador para GP de Miami"},"content":{"rendered":"\n<p class=\"wp-block-paragraph\">Assim como no <strong>GP da Ar\u00e1bia Saudita<\/strong>, a <strong>Alpine<\/strong> decidiu n\u00e3o escalar <strong>Franco Colapinto<\/strong> para o <strong>GP de Miami<\/strong> de <strong>F\u00f3rmula 1<\/strong>, que acontece no pr\u00f3ximo fim de semana e deve continuar com <strong>Paul Aron<\/strong> no posto de piloto reserva. A informa\u00e7\u00e3o \u00e9 do site <em>Infobae<\/em>.<\/p>\n\n\n\n<p class=\"wp-block-paragraph\">A escolha foi motivada n\u00e3o apenas pela press\u00e3o existente sobre a vaga do australiano<strong> Jack Doohan<\/strong> na temporada, mas tamb\u00e9m pelo desejo do time franc\u00eas em aproveitar o trabalho do argentino no simulador, em <strong>Enstone<\/strong>, com o objetivo de melhorar o carro o mais r\u00e1pido poss\u00edvel.<\/p>\n\n\n\n<p class=\"wp-block-paragraph\">O acidente envolvendo <strong>Pierre Gasly<\/strong> e <strong>Yuki Tsunoda<\/strong> na primeira volta em Jed\u00e1 acabou alterando os planos internos da equipe, que atualmente vive ambiente de tens\u00e3o pelo in\u00edcio ruim na F1 2025.<\/p>\n\n\n\n<p class=\"wp-block-paragraph\">De acordo com o jornalista <em>Dar\u00edo Coronel<\/em>, a equipe liderada por <strong>Flavio Briatore<\/strong> tamb\u00e9m precisa lidar com a press\u00e3o sobre Doohan e quer manter Colapinto afastado da imprensa e do contato direto com os f\u00e3s.<\/p>\n\n\n\n<figure class=\"wp-block-image size-large\"><img decoding=\"async\" src=\"https:\/\/www.grandepremio.com\/br\/wp-content\/uploads\/2025\/04\/arabia-saudita-2025-f1-treinos-livres-alpine-jack-doohan-02-2-1200x800.jpg\" alt=\"\" class=\"wp-image-956739\"\/><figcaption class=\"wp-element-caption\">Jack Doohan (Foto: Alpine)<\/figcaption><\/figure>\n\n\n\n<p class=\"wp-block-paragraph\">\u25b6\ufe0f\u00a0<strong>Inscreva-se nos dois canais do GRANDE PR\u00caMIO no YouTube:\u00a0<a href=\"https:\/\/www.youtube.com\/channel\/UC9OlHEgxoaY6QY6nWPoiqQg?sub_confirmation=1\" target=\"_blank\" rel=\"noreferrer noopener\">GP<\/a>\u00a0|\u00a0<a href=\"https:\/\/www.youtube.com\/channel\/UC9csiS6q_C3C0FYhyr1rnFA?sub_confirmation=1\" target=\"_blank\" rel=\"noreferrer noopener\">GP2<\/a><\/strong><\/p>\n\n\n\n<p class=\"wp-block-paragraph\">Diante do crescimento exponencial da popularidade do piloto nas redes sociais, a equipe optou por uma abordagem mais cautelosa, evitando exposi\u00e7\u00e3o excessiva e priorizando a ajuda de Franco nos bastidores.<\/p>\n\n\n\n<p class=\"wp-block-paragraph\">Pesa, ainda, a falta de performance de Doohan com o carro franc\u00eas. De acordo com o site ingl\u00eas <em>The Race<\/em>, o australiano tem at\u00e9 o meio da temporada para reverter a situa\u00e7\u00e3o e permanecer no grid.<\/p>\n\n\n\n<p class=\"wp-block-paragraph\">Ainda segundo o <em>Infobae<\/em>, qualquer an\u00fancio oficial sobre o futuro de Colapinto na F1 s\u00f3 deve ocorrer na semana do <strong>GP da Em\u00edlia-Romanha<\/strong>, entre 16 a 18 de maio, em <strong>\u00cdmola<\/strong>.<\/p>\n\n\n\n<p class=\"wp-block-paragraph\">A&nbsp;<a href=\"https:\/\/www.grandepremio.com\/br\/f1\/\" target=\"_blank\" rel=\"noreferrer noopener\"><\/a><a href=\"https:\/\/www.grandepremio.com\/br\/f1\/\" target=\"_blank\" rel=\"noreferrer noopener\">F\u00f3rmula 1<\/a>&nbsp;retorna entre 2 e 4 de maio em&nbsp;<strong><a href=\"https:\/\/www.grandepremio.com\/br\/circuito\/miami\/\" target=\"_blank\" rel=\"noreferrer noopener\">Miami<\/a><\/strong>, primeira corrida da temporada 2025 nos&nbsp;<strong>Estados Unidos<\/strong>.<\/p>\n\n\n\n<p class=\"wp-block-paragraph\">\u25b6\ufe0f&nbsp;<strong>Inscreva-se nos dois canais do GRANDE PR\u00caMIO no YouTube:&nbsp;<a href=\"https:\/\/www.youtube.com\/channel\/UC9OlHEgxoaY6QY6nWPoiqQg?sub_confirmation=1\" target=\"_blank\" rel=\"noreferrer noopener\">GP<\/a>&nbsp;|&nbsp;<a href=\"https:\/\/www.youtube.com\/channel\/UC9csiS6q_C3C0FYhyr1rnFA?sub_confirmation=1\" target=\"_blank\" rel=\"noreferrer noopener\">GP2<\/a><\/strong><\/p>\n\n\n\n<figure class=\"wp-block-embed is-type-video is-provider-youtube wp-block-embed-youtube wp-embed-aspect-16-9 wp-has-aspect-ratio\"><div class=\"wp-block-embed__wrapper\">\n<iframe loading=\"lazy\" title=\"McLAREN REJEITA FAVORITISMO: TEM PONTO FRACO? QUEM \u00c9 O MELHOR NOVATO DA F1 2025? | WGP\" width=\"500\" height=\"281\" src=\"https:\/\/www.youtube.com\/embed\/BdcWIVXfoOA?feature=oembed\" frameborder=\"0\" allow=\"accelerometer; autoplay; clipboard-write; encrypted-media; gyroscope; picture-in-picture; web-share\" referrerpolicy=\"strict-origin-when-cross-origin\" allowfullscreen><\/iframe>\n<\/div><\/figure>\n","protected":false},"excerpt":{"rendered":"<p>Pressionada por resultados na F1 2025 e administrando a press\u00e3o sobre Jack Doohan, a Alpine decidiu manter Franco Colapinto trabalhando em Enstone durante a pr\u00f3xima corrida<\/p>\n","protected":false},"author":0,"featured_media":1000925224,"comment_status":"closed","ping_status":"closed","sticky":false,"template":"","format":"standard","meta":{"42wp_featured_image_caption":"","42wp_featured_image_credits":"","42wp_featured_video":"","42wp_featured_image_hidden":false,"42wp_authors_list":[],"footnotes":""},"categories":[2],"tags":[20491,26271,5273,7091,147,3630,885,180,3628,25440,873,1491,28285,30840,596,35129,25439,42001],"42wp_author":[47161],"class_list":["post-23555","post","type-post","status-publish","format-standard","has-post-thumbnail","hentry","category-f1","tag-alpine","tag-calendario-f1","tag-classificacao-f1","tag-enstone","tag-f1","tag-f1-2025","tag-flavio-briatore","tag-formula-1","tag-formula-1-2025","tag-franco-colapinto","tag-gp-de-miami","tag-grande-premio","tag-grandepremio","tag-horarios-f1","tag-jack-doohan","tag-onde-assistir-f1","tag-paul-aron","tag-temporada-2025-f1","42wp_author-kaio-esteves"],"_links":{"self":[{"href":"https:\/\/grandepremio.com\/br\/wp-json\/wp\/v2\/posts\/23555","targetHints":{"allow":["GET"]}}],"collection":[{"href":"https:\/\/grandepremio.com\/br\/wp-json\/wp\/v2\/posts"}],"about":[{"href":"https:\/\/grandepremio.com\/br\/wp-json\/wp\/v2\/types\/post"}],"replies":[{"embeddable":true,"href":"https:\/\/grandepremio.com\/br\/wp-json\/wp\/v2\/comments?post=23555"}],"version-history":[{"count":0,"href":"https:\/\/grandepremio.com\/br\/wp-json\/wp\/v2\/posts\/23555\/revisions"}],"wp:featuredmedia":[{"embeddable":true,"href":"https:\/\/grandepremio.com\/br\/wp-json\/wp\/v2\/media\/1000925224"}],"wp:attachment":[{"href":"https:\/\/grandepremio.com\/br\/wp-json\/wp\/v2\/media?parent=23555"}],"wp:term":[{"taxonomy":"category","embeddable":true,"href":"https:\/\/grandepremio.com\/br\/wp-json\/wp\/v2\/categories?post=23555"},{"taxonomy":"post_tag","embeddable":true,"href":"https:\/\/grandepremio.com\/br\/wp-json\/wp\/v2\/tags?post=23555"},{"taxonomy":"42wp_author","embeddable":true,"href":"https:\/\/grandepremio.com\/br\/wp-json\/wp\/v2\/42wp_author?post=23555"}],"curies":[{"name":"wp","href":"https:\/\/api.w.org\/{rel}","templated":true}]}}