{"id":23566,"date":"2025-04-26T11:10:28","date_gmt":"2025-04-26T14:10:28","guid":{"rendered":"https:\/\/grandepremio.com\/br\/noticias\/mclaren-escolhe-chefe-jaguar-formula-e-para-liderar-projeto-mergulho-wec\/"},"modified":"2025-04-26T16:56:44","modified_gmt":"2025-04-26T19:56:44","slug":"mclaren-escolhe-chefe-jaguar-formula-e-para-liderar-projeto-mergulho-wec","status":"publish","type":"post","link":"https:\/\/grandepremio.com\/br\/endurance\/wec\/mclaren-escolhe-chefe-jaguar-formula-e-para-liderar-projeto-mergulho-wec\/","title":{"rendered":"McLaren escolhe chefe da Jaguar na F\u00f3rmula E para liderar projeto em mergulho no WEC"},"content":{"rendered":"\n<p class=\"wp-block-paragraph\"><strong>James Barclay<\/strong> comunicou que deixar\u00e1 a chefia da <strong>Jaguar<\/strong> na <strong>F\u00f3rmula E<\/strong> ao fim da temporada 2024\/25 e o destino do dirigente parece ter sido definido. De acordo com o jornalista <strong>Joe Saward<\/strong> \u2014 informa\u00e7\u00e3o tamb\u00e9m confirmada pelo site ingl\u00eas <em>GPblog<\/em> \u2014, Barclay est\u00e1 a caminho da McLaren.<\/p>\n\n\n\n<p class=\"wp-block-paragraph\">O brit\u00e2nico assumir\u00e1 a lideran\u00e7a do novo projeto da marca no <strong>Mundial de Endurance (WEC)<\/strong>. A partir de 2027, a equipe de <strong>Woking<\/strong> estar\u00e1 oficialmente ativa no endurance e o sul-africano ser\u00e1 o respons\u00e1vel por liderar o projeto.<\/p>\n\n\n\n<p class=\"wp-block-paragraph\">Barclay \u00e9 um dos chefes de equipe mais respeitados da F\u00f3rmula E. Ele iniciou sua trajet\u00f3ria na Jaguar em 2016 como chefe de equipe, justamente no momento em que a marca brit\u00e2nica entrou na categoria el\u00e9trica.<\/p>\n\n\n\n<p class=\"wp-block-paragraph\">Desde 2021, ele ocupava o cargo de diretor executivo da <strong>JLR<\/strong>, al\u00e9m de atuar como chefe da equipe Jaguar na categoria, ajudando a equipes a se tornar uma das mais competitivas do grid, vencendo o\u00a0<strong>Mundial de Equipes<\/strong>\u00a0na temporada 2023\/24, o primeiro t\u00edtulo mundial da Jaguar depois de 33 anos.<\/p>\n\n\n\n<figure class=\"wp-block-image size-full\"><img decoding=\"async\" src=\"https:\/\/www.grandepremio.com\/br\/wp-content\/uploads\/2024\/07\/JAMES-BARCLAY.jpg\" alt=\"\" class=\"wp-image-844629\"\/><figcaption class=\"wp-element-caption\">James Barclay deixar\u00e1 a Jaguar (Foto: Jaguar)<\/figcaption><\/figure>\n\n\n\n<p class=\"wp-block-paragraph\">A entrada da McLaren no WEC marca tamb\u00e9m o fim da trajet\u00f3ria da equipe na F\u00f3rmula E ao fim da temporada 2024\/25 depois de quatro anos. Segundo comunicado divulgado nesta semana, ap\u00f3s uma avalia\u00e7\u00e3o interna, a decis\u00e3o foi focar totalmente seus esfor\u00e7os na <strong>F\u00f3rmula 1<\/strong>, <strong>Indy<\/strong> e no novo projeto do endurance.<\/p>\n\n\n\n<p class=\"wp-block-paragraph\">Os carros do WEC voltam a acelerar entre os dias 8 e 10 de maio para as\u00a0<strong>6 Horas de\u00a0<a href=\"https:\/\/www.grandepremio.com\/br\/circuito\/spa-francorchamps\/\" target=\"_blank\" rel=\"noreferrer noopener\">Spa-Francorchamps<\/a><\/strong>, terceira etapa da temporada. O\u00a0<strong>GRANDE PR\u00caMIO<\/strong>\u00a0acompanha todas as atividades da temporada 2025 do Mundial de Endurance e transmite todas as etapas\u00a0<strong>AO VIVO<\/strong>\u00a0e\u00a0<strong>COM IMAGENS<\/strong>\u00a0no canal do\u00a0<strong>YouTube\u00a0<\/strong>e na\u00a0<strong>GPTV<\/strong>.<\/p>\n\n\n\n<p class=\"wp-block-paragraph\">\u25b6\ufe0f&nbsp;<strong>Inscreva-se nos dois canais do GRANDE PR\u00caMIO no YouTube:&nbsp;<a href=\"https:\/\/www.youtube.com\/channel\/UC9OlHEgxoaY6QY6nWPoiqQg?sub_confirmation=1\" target=\"_blank\" rel=\"noreferrer noopener\">GP<\/a>&nbsp;|&nbsp;<a href=\"https:\/\/www.youtube.com\/channel\/UC9csiS6q_C3C0FYhyr1rnFA?sub_confirmation=1\" target=\"_blank\" rel=\"noreferrer noopener\">GP2<\/a><\/strong><\/p>\n\n\n\n<figure class=\"wp-block-embed is-type-video is-provider-youtube wp-block-embed-youtube wp-embed-aspect-16-9 wp-has-aspect-ratio\"><div class=\"wp-block-embed__wrapper\">\n<iframe loading=\"lazy\" title=\"McLAREN REJEITA FAVORITISMO: TEM PONTO FRACO? QUEM \u00c9 O MELHOR NOVATO DA F1 2025? | WGP\" width=\"500\" height=\"281\" src=\"https:\/\/www.youtube.com\/embed\/BdcWIVXfoOA?feature=oembed\" frameborder=\"0\" allow=\"accelerometer; autoplay; clipboard-write; encrypted-media; gyroscope; picture-in-picture; web-share\" referrerpolicy=\"strict-origin-when-cross-origin\" allowfullscreen><\/iframe>\n<\/div><\/figure>\n","protected":false},"excerpt":{"rendered":"<p>De acordo com o site ingl\u00eas GPBlog, James Barclay foi o escolhido pela McLaren para capitanear a entrada da equipe no Mundial de Endurance a partir de 2027<\/p>\n","protected":false},"author":0,"featured_media":1000906559,"comment_status":"closed","ping_status":"closed","sticky":false,"template":"","format":"standard","meta":{"42wp_featured_image_caption":"","42wp_featured_image_credits":"","42wp_featured_video":"","42wp_featured_image_hidden":false,"42wp_authors_list":[],"footnotes":""},"categories":[52],"tags":[36399,36401,36398,36400,427,840,1491,28285,910,3315,90,357,34541,41662,41663,356,34540,42450],"42wp_author":[47161],"class_list":["post-23566","post","type-post","status-publish","format-standard","has-post-thumbnail","hentry","category-wec","tag-calendario-mundial-de-endurance","tag-calendario-wec","tag-classificacao-mundial-de-endurance","tag-classificacao-wec","tag-endurance","tag-formula-e","tag-grande-premio","tag-grandepremio","tag-jaguar","tag-james-barclay","tag-mclaren","tag-mundial-de-endurance","tag-mundial-de-endurance-2025","tag-temporada-2025-do-mundial-de-endurance","tag-temporada-2025-do-wec","tag-wec","tag-wec-2025","tag-wec-2027","42wp_author-kaio-esteves"],"_links":{"self":[{"href":"https:\/\/grandepremio.com\/br\/wp-json\/wp\/v2\/posts\/23566","targetHints":{"allow":["GET"]}}],"collection":[{"href":"https:\/\/grandepremio.com\/br\/wp-json\/wp\/v2\/posts"}],"about":[{"href":"https:\/\/grandepremio.com\/br\/wp-json\/wp\/v2\/types\/post"}],"replies":[{"embeddable":true,"href":"https:\/\/grandepremio.com\/br\/wp-json\/wp\/v2\/comments?post=23566"}],"version-history":[{"count":0,"href":"https:\/\/grandepremio.com\/br\/wp-json\/wp\/v2\/posts\/23566\/revisions"}],"wp:featuredmedia":[{"embeddable":true,"href":"https:\/\/grandepremio.com\/br\/wp-json\/wp\/v2\/media\/1000906559"}],"wp:attachment":[{"href":"https:\/\/grandepremio.com\/br\/wp-json\/wp\/v2\/media?parent=23566"}],"wp:term":[{"taxonomy":"category","embeddable":true,"href":"https:\/\/grandepremio.com\/br\/wp-json\/wp\/v2\/categories?post=23566"},{"taxonomy":"post_tag","embeddable":true,"href":"https:\/\/grandepremio.com\/br\/wp-json\/wp\/v2\/tags?post=23566"},{"taxonomy":"42wp_author","embeddable":true,"href":"https:\/\/grandepremio.com\/br\/wp-json\/wp\/v2\/42wp_author?post=23566"}],"curies":[{"name":"wp","href":"https:\/\/api.w.org\/{rel}","templated":true}]}}