{"id":23626,"date":"2025-04-24T14:56:37","date_gmt":"2025-04-24T17:56:37","guid":{"rendered":"https:\/\/grandepremio.com\/br\/noticias\/roger-federer-escolhido-dar-bandeirada-largada-24-horas-le-mans-2025\/"},"modified":"2025-05-01T14:08:28","modified_gmt":"2025-05-01T17:08:28","slug":"roger-federer-escolhido-dar-bandeirada-largada-24-horas-le-mans-2025","status":"publish","type":"post","link":"https:\/\/grandepremio.com\/br\/endurance\/wec\/roger-federer-escolhido-dar-bandeirada-largada-24-horas-le-mans-2025\/","title":{"rendered":"Federer \u00e9 escolhido para dar bandeirada de largada das 24 Horas de Le Mans 2025"},"content":{"rendered":"\n<p class=\"wp-block-paragraph\">Um dos maiores tenistas da hist\u00f3ria, o su\u00ed\u00e7o<strong> Roger Federer <\/strong>foi escolhido pelo Autom\u00f3vel Clube do Oeste para dar a largada da 93\u00aa edi\u00e7\u00e3o das <strong>24 Horas de Le Mans<\/strong>, que est\u00e1 programada para acontecer em La Sarthe, na Fran\u00e7a, em junho. O <strong>GRANDE PR\u00caMIO<\/strong> transmite ao vivo e na \u00edntegra a famosa corrida francesa na <strong>GPTV<\/strong> e no canal do<strong> YouTube<\/strong>. A prova est\u00e1 marcada para 15 de junho. <\/p>\n\n\n\n<p class=\"wp-block-paragraph\">Federer balan\u00e7ar\u00e1 a bandeira da Fran\u00e7a que d\u00e1 in\u00edcio ao evento mais famoso e importante do mundo do endurance. O multicampe\u00e3o <a href=\"https:\/\/www.grandepremio.com\/br\/endurance\/wec\/noticias\/zinedine-zidane-escolhido-dar-bandeirada-largada-24-horas-le-mans-2024\/\">suceder\u00e1 o<\/a> ex-jogador e treinador <strong>Zinedine Zidane<\/strong>, que foi o respons\u00e1vel pela largada em 2024.<\/p>\n\n\n\n<p class=\"wp-block-paragraph\">&#8220;\u00c9 uma honra ser convidado para dar a largada das 24 Horas de Le Mans, uma corrida ic\u00f4nica, mas extremamente extenuante. Sempre fui fascinado pelo comprometimento, precis\u00e3o e resili\u00eancia necess\u00e1ria. Estar no cora\u00e7\u00e3o deste evento emblem\u00e1tico ser\u00e1 uma experi\u00eancia marcante&#8221;, comentou Roger.<\/p>\n\n\n\n<p class=\"wp-block-paragraph\">\u25b6\ufe0f&nbsp;<strong>LEIA TAMB\u00c9M:<\/strong>&nbsp;<strong><a href=\"https:\/\/www.grandepremio.com\/br\/endurance\/wec\/noticias\/ferrari-51-confirma-favoritismo-vence-6h-imola-sobras-dudu-barrichello-11o\/\">Ferrari #51 confirma favoritismo e vence 6H de&nbsp;<\/a><a href=\"https:\/\/www.grandepremio.com\/br\/circuito\/399739\/\" target=\"_blank\" rel=\"noreferrer noopener\">\u00cdmola<\/a><a href=\"https:\/\/www.grandepremio.com\/br\/endurance\/wec\/noticias\/ferrari-51-confirma-favoritismo-vence-6h-imola-sobras-dudu-barrichello-11o\/\">&nbsp;com sobras. Barrichello \u00e9 11\u00ba<\/a><\/strong><br>\u25b6\ufe0f&nbsp;<strong>Inscreva-se nos dois canais do GRANDE PR\u00caMIO no YouTube:&nbsp;<a href=\"https:\/\/www.youtube.com\/channel\/UC9OlHEgxoaY6QY6nWPoiqQg?sub_confirmation=1\" target=\"_blank\" rel=\"noreferrer noopener\">GP<\/a>&nbsp;|&nbsp;<a href=\"https:\/\/www.youtube.com\/channel\/UC9csiS6q_C3C0FYhyr1rnFA?sub_confirmation=1\" target=\"_blank\" rel=\"noreferrer noopener\">GP2<\/a><\/strong><\/p>\n\n\n\n<figure class=\"wp-block-image size-large\"><img decoding=\"async\" src=\"https:\/\/www.grandepremio.com\/br\/wp-content\/uploads\/2024\/06\/DPPIPRODUCTION_00002330_0654-1200x800.jpg\" alt=\"\" class=\"wp-image-827457\"\/><figcaption class=\"wp-element-caption\">A Ferrari #50 apostou na economia de combust\u00edvel no fim e venceu as 24 Horas de Le Mans (Foto: Charly Lopez\/DPPI)<\/figcaption><\/figure>\n\n\n\n<p class=\"wp-block-paragraph\">Aos 43 anos, Federer tem 20 t\u00edtulos de Grand Slam, al\u00e9m de ter sido #1 do ranking da ATP por 310 semanas, sendo 237 delas consecutivas [um recorde]. Ao total, o su\u00ed\u00e7o tem 103 t\u00edtulos na carreira. Junto de Novak Djokovic e Rafael Nadal, formou o &#8216;Big 3&#8217; do t\u00eanis.<\/p>\n\n\n\n<p class=\"wp-block-paragraph\">A 93\u00aa edi\u00e7\u00e3o das 24 Horas de Le Mans est\u00e1 marcada para acontecer entre os dias 14 e 15 de junho. A atual vencedora \u00e9 a Ferrari, com <strong>Antonio Fuoco, Miguel Molina e Nicklas Nielsen.<\/strong> &nbsp;O&nbsp;<strong>GRANDE PR\u00caMIO<\/strong>&nbsp;acompanha todas as atividades da temporada 2025 do Mundial de Endurance e transmite todas as etapas&nbsp;<strong>AO VIVO<\/strong>&nbsp;e&nbsp;<strong>COM IMAGENS<\/strong>&nbsp;no canal do&nbsp;<strong>YouTube&nbsp;<\/strong>e na&nbsp;<strong>GPTV<\/strong>.<\/p>\n","protected":false},"excerpt":{"rendered":"<p>Vencedor de 20 Grand Slams, o ex-tenista su\u00ed\u00e7o Roger Federer dar\u00e1 a largada da edi\u00e7\u00e3o 2025 das 24 Horas de Le Mans. Prova est\u00e1 agendada para acontecer entre os dias 14 e 15 e junho<\/p>\n","protected":false},"author":0,"featured_media":1000959043,"comment_status":"closed","ping_status":"closed","sticky":false,"template":"","format":"standard","meta":{"42wp_featured_image_caption":"","42wp_featured_image_credits":"","42wp_featured_video":"","42wp_featured_image_hidden":false,"42wp_authors_list":[],"footnotes":""},"categories":[52],"tags":[28876,31715,43101,39845,1208,43099,39846,39847],"42wp_author":[47119],"class_list":["post-23626","post","type-post","status-publish","format-standard","has-post-thumbnail","hentry","category-wec","tag-24h-le-mans","tag-classificacao-le-mans","tag-hiperpole-le-mans","tag-horarios-le-mans","tag-le-mans","tag-le-mans-2025","tag-programacao-le-mans","tag-treinos-le-mans","42wp_author-gabriel-carvalho"],"_links":{"self":[{"href":"https:\/\/grandepremio.com\/br\/wp-json\/wp\/v2\/posts\/23626","targetHints":{"allow":["GET"]}}],"collection":[{"href":"https:\/\/grandepremio.com\/br\/wp-json\/wp\/v2\/posts"}],"about":[{"href":"https:\/\/grandepremio.com\/br\/wp-json\/wp\/v2\/types\/post"}],"replies":[{"embeddable":true,"href":"https:\/\/grandepremio.com\/br\/wp-json\/wp\/v2\/comments?post=23626"}],"version-history":[{"count":0,"href":"https:\/\/grandepremio.com\/br\/wp-json\/wp\/v2\/posts\/23626\/revisions"}],"wp:featuredmedia":[{"embeddable":true,"href":"https:\/\/grandepremio.com\/br\/wp-json\/wp\/v2\/media\/1000959043"}],"wp:attachment":[{"href":"https:\/\/grandepremio.com\/br\/wp-json\/wp\/v2\/media?parent=23626"}],"wp:term":[{"taxonomy":"category","embeddable":true,"href":"https:\/\/grandepremio.com\/br\/wp-json\/wp\/v2\/categories?post=23626"},{"taxonomy":"post_tag","embeddable":true,"href":"https:\/\/grandepremio.com\/br\/wp-json\/wp\/v2\/tags?post=23626"},{"taxonomy":"42wp_author","embeddable":true,"href":"https:\/\/grandepremio.com\/br\/wp-json\/wp\/v2\/42wp_author?post=23626"}],"curies":[{"name":"wp","href":"https:\/\/api.w.org\/{rel}","templated":true}]}}