{"id":23630,"date":"2025-04-24T13:16:25","date_gmt":"2025-04-24T16:16:25","guid":{"rendered":"https:\/\/grandepremio.com\/br\/noticias\/mclaren-da-aviso-previo-marca-saida-formula-e-mas-equipe-quer-ficar-era-gen-4\/"},"modified":"2025-04-24T17:04:38","modified_gmt":"2025-04-24T20:04:38","slug":"mclaren-da-aviso-previo-marca-saida-formula-e-mas-equipe-quer-ficar-era-gen-4","status":"publish","type":"post","link":"https:\/\/grandepremio.com\/br\/formula-e\/mclaren-da-aviso-previo-marca-saida-formula-e-mas-equipe-quer-ficar-era-gen-4\/","title":{"rendered":"McLaren d\u00e1 aviso pr\u00e9vio e marca sa\u00edda da F\u00f3rmula E. Mas equipe quer ficar para era Gen4"},"content":{"rendered":"\n<p class=\"wp-block-paragraph\">Presente na <strong>F\u00f3rmula E <\/strong>desde a temporada desde o in\u00edcio da era <strong>Gen3<\/strong>, a <strong>McLaren<\/strong> vai deixar a categoria a partir da entrada da era <strong>Gen4<\/strong>. \u00c9 o que reporta o portal brit\u00e2nico<em> The Race<\/em>. A decis\u00e3o, ainda n\u00e3o anunciada oficialmente, foi tomada em fevereiro. <\/p>\n\n\n\n<p class=\"wp-block-paragraph\">Segundo o <em>The Race<\/em>, o CEO da McLaren, <strong>Zak Brown<\/strong>, notificou o chefe da equipe na F\u00f3rmula E, <strong>Ian James<\/strong>, informando que o time de <strong>Woking<\/strong> n\u00e3o continuaria na era <strong>Gen4<\/strong> e que todo o time poderia tentar buscar novos acordos para a temporada 2026\/27. A equipe deve iniciar conversas para adotar novo visual, nome e investimentos de outros parceiros para tentar permanecer no grid.<\/p>\n\n\n\n<p class=\"wp-block-paragraph\">O time nasceu na categoria como <strong>HWA<\/strong>, virou a <strong>Mercedes<\/strong> e, em 2022, virou McLaren e entrou na era Gen3 com o apoio majorit\u00e1rio do governo saudita com o nome da &#8220;cidades do futuro&#8221;, <strong>NEOM<\/strong>. O acordo com os sauditas \u00e9 v\u00e1lido at\u00e9 2026, mas n\u00e3o deve ser renovado.<\/p>\n\n\n\n<p class=\"wp-block-paragraph\">E esse foi um dos motivos que levou a McLaren a mudar o foco para o programa dos hipercarros no <strong>Mundial de Endurance (WEC)<\/strong>. O projeto, inclusive, deve ser capitaneado por <strong>James Barclay<\/strong>, atual chefe da <strong>Jaguar<\/strong> na F\u00f3rmula E e que anunciou a sa\u00edda da equipe no meio do ano.<\/p>\n\n\n\n<figure class=\"wp-block-image size-large\"><img decoding=\"async\" src=\"https:\/\/www.grandepremio.com\/br\/wp-content\/uploads\/2025\/04\/SAM-BIRD-MCLAREN-1200x800.jpg\" alt=\"\" class=\"wp-image-953317\"\/><figcaption class=\"wp-element-caption\">Sam Bird (Foto: McLaren)<\/figcaption><\/figure>\n\n\n\n<p class=\"wp-block-paragraph\"><strong>\u25b6\ufe0f Inscreva-se nos dois canais do GRANDE PR\u00caMIO no YouTube:\u00a0<a href=\"https:\/\/www.youtube.com\/channel\/UC9OlHEgxoaY6QY6nWPoiqQg?sub_confirmation=1\" target=\"_blank\" rel=\"noreferrer noopener\">GP<\/a>\u00a0|\u00a0<a href=\"https:\/\/www.youtube.com\/channel\/UC9csiS6q_C3C0FYhyr1rnFA?sub_confirmation=1\" target=\"_blank\" rel=\"noreferrer noopener\">GP2<\/a><\/strong><\/p>\n\n\n\n<p class=\"wp-block-paragraph\">No caso do trem de for\u00e7a, a equipe opera como cliente da <strong>Nissan<\/strong> e atualmente conversa com todos os fabricantes registrados para a era Gen4.<\/p>\n\n\n\n<p class=\"wp-block-paragraph\">\u201cSe eu olhar para onde estamos hoje em rela\u00e7\u00e3o \u00e0s fabricantes, o fato de que na Gen4 temos Nissan, <strong>Porsche<\/strong>, <strong>Jaguar<\/strong>, <strong>Lola Yamaha<\/strong> agora todas inscritas. Eu ficaria muito surpreso se a <strong>Stellantis<\/strong> n\u00e3o anunciasse formalmente algo em um futuro n\u00e3o muito distante. Isso, como campeonato, juntamente com as 11 equipes, \u00e9 na verdade uma posi\u00e7\u00e3o bastante saud\u00e1vel para estar\u201d, disse James.<\/p>\n\n\n\n<p class=\"wp-block-paragraph\">\u201cMas agora precisamos analisar todos os outros elementos e garantir que eles sejam igualmente saud\u00e1veis para que a forma como estruturamos a proposta de receita, tanto para os investidores quanto para as pr\u00f3prias equipes, funcione. Ent\u00e3o, acho que est\u00e1 tudo em jogo&#8221;, afirmou o chefe da McLaren.<\/p>\n\n\n\n<p class=\"wp-block-paragraph\">A&nbsp;<strong><a href=\"https:\/\/www.grandepremio.com\/br\/formula-e\/\" target=\"_blank\" rel=\"noreferrer noopener\">F\u00f3rmula E<\/a><\/strong>&nbsp;volta a acelerar entre os dias 3 e 4 de maio com a rodada dupla do&nbsp;<strong>eP de&nbsp;<a href=\"https:\/\/www.grandepremio.com\/br\/circuito\/monaco\/\" target=\"_blank\" rel=\"noreferrer noopener\">M\u00f4naco<\/a><\/strong>. O&nbsp;<strong>GRANDE PR\u00caMIO<\/strong>&nbsp;faz cobertura completa do evento e transmite todas as atividades&nbsp;<strong>AO VIVO<\/strong>&nbsp;e&nbsp;<strong>COM IMAGENS<\/strong>&nbsp;pelo&nbsp;<strong>YouTube<\/strong>.<\/p>\n\n\n\n<p class=\"wp-block-paragraph\"><strong>\u25b6\ufe0f Inscreva-se nos dois canais do GRANDE PR\u00caMIO no YouTube:&nbsp;<a href=\"https:\/\/www.youtube.com\/channel\/UC9OlHEgxoaY6QY6nWPoiqQg?sub_confirmation=1\" target=\"_blank\" rel=\"noreferrer noopener\">GP<\/a>&nbsp;|&nbsp;<a href=\"https:\/\/www.youtube.com\/channel\/UC9csiS6q_C3C0FYhyr1rnFA?sub_confirmation=1\" target=\"_blank\" rel=\"noreferrer noopener\">GP2<\/a><\/strong><\/p>\n\n\n\n<figure class=\"wp-block-embed is-type-video is-provider-youtube wp-block-embed-youtube wp-embed-aspect-16-9 wp-has-aspect-ratio\"><div class=\"wp-block-embed__wrapper\">\n<iframe loading=\"lazy\" title=\"F\u00d3RMULA E 2024\/2025 COM IMAGENS | eP DE MIAMI | 5\u00aa ETAPA | CORRIDA\" width=\"500\" height=\"281\" src=\"https:\/\/www.youtube.com\/embed\/fApr6rjmlxk?feature=oembed\" frameborder=\"0\" allow=\"accelerometer; autoplay; clipboard-write; encrypted-media; gyroscope; picture-in-picture; web-share\" referrerpolicy=\"strict-origin-when-cross-origin\" allowfullscreen><\/iframe>\n<\/div><\/figure>\n","protected":false},"excerpt":{"rendered":"<p>De acordo com o portal The Race, o CEO da McLaren, Zak Brown notificou o chefe da equipe na F\u00f3rmula E, Iam James, informando que o time vai mudar o foco para a entrada da marca brit\u00e2nica no Mundial de Endurance (WEC)<\/p>\n","protected":false},"author":0,"featured_media":1000799719,"comment_status":"closed","ping_status":"closed","sticky":false,"template":"","format":"standard","meta":{"42wp_featured_image_caption":"","42wp_featured_image_credits":"","42wp_featured_video":"","42wp_featured_image_hidden":false,"42wp_authors_list":[],"footnotes":""},"categories":[19],"tags":[28679,6853,840,38802,34849,1491,28285,35442,420,90,36219,41542,580],"42wp_author":[47161],"class_list":["post-23630","post","type-post","status-publish","format-standard","has-post-thumbnail","hentry","category-formula-e","tag-calendario-formula-e","tag-classificacao-formula-e","tag-formula-e","tag-formula-e-2025","tag-gen4","tag-grande-premio","tag-grandepremio","tag-horarios-formula-e","tag-ian-james","tag-mclaren","tag-onde-assistir-formula-e","tag-temporada-2025-da-formula-e","tag-zak-brown","42wp_author-kaio-esteves"],"_links":{"self":[{"href":"https:\/\/grandepremio.com\/br\/wp-json\/wp\/v2\/posts\/23630","targetHints":{"allow":["GET"]}}],"collection":[{"href":"https:\/\/grandepremio.com\/br\/wp-json\/wp\/v2\/posts"}],"about":[{"href":"https:\/\/grandepremio.com\/br\/wp-json\/wp\/v2\/types\/post"}],"replies":[{"embeddable":true,"href":"https:\/\/grandepremio.com\/br\/wp-json\/wp\/v2\/comments?post=23630"}],"version-history":[{"count":0,"href":"https:\/\/grandepremio.com\/br\/wp-json\/wp\/v2\/posts\/23630\/revisions"}],"wp:featuredmedia":[{"embeddable":true,"href":"https:\/\/grandepremio.com\/br\/wp-json\/wp\/v2\/media\/1000799719"}],"wp:attachment":[{"href":"https:\/\/grandepremio.com\/br\/wp-json\/wp\/v2\/media?parent=23630"}],"wp:term":[{"taxonomy":"category","embeddable":true,"href":"https:\/\/grandepremio.com\/br\/wp-json\/wp\/v2\/categories?post=23630"},{"taxonomy":"post_tag","embeddable":true,"href":"https:\/\/grandepremio.com\/br\/wp-json\/wp\/v2\/tags?post=23630"},{"taxonomy":"42wp_author","embeddable":true,"href":"https:\/\/grandepremio.com\/br\/wp-json\/wp\/v2\/42wp_author?post=23630"}],"curies":[{"name":"wp","href":"https:\/\/api.w.org\/{rel}","templated":true}]}}