{"id":23706,"date":"2025-04-22T13:21:17","date_gmt":"2025-04-22T16:21:17","guid":{"rendered":"https:\/\/grandepremio.com\/br\/noticias\/max-verstappen-sem-time-george-russell-red-bull-como-grid-formula-1-ganha-forma-2026\/"},"modified":"2025-04-23T10:34:27","modified_gmt":"2025-04-23T13:34:27","slug":"max-verstappen-sem-time-george-russell-red-bull-como-grid-formula-1-ganha-forma-2026","status":"publish","type":"post","link":"https:\/\/grandepremio.com\/br\/f1\/max-verstappen-sem-time-george-russell-red-bull-como-grid-formula-1-ganha-forma-2026\/","title":{"rendered":"Verstappen sem time? Russell na Red Bull? Como grid da F1 ganha forma para 2026"},"content":{"rendered":"\n<p class=\"wp-block-paragraph\">A temporada 2025 da <strong>F\u00f3rmula 1<\/strong> apenas come\u00e7a a desenhar os contornos do que ser\u00e1. Afinal, somente cinco das 24 provas ficaram no retrovisor e h\u00e1 meses recheados de carros na pista pela frente. Mas, como a F1 nunca est\u00e1 de olho em uma s\u00f3 coisa, 2026 tamb\u00e9m est\u00e1 em voga tanto no contexto das novas regras quanto do grid. Com <strong>Max Verstappen<\/strong> no olho do furac\u00e3o, o que esperar das escala\u00e7\u00f5es das equipes para o ano que vem?<\/p>\n\n\n\n<p class=\"wp-block-paragraph\">O portal ingl\u00eas The Race publicou um apanhado de informa\u00e7\u00f5es sobre a situa\u00e7\u00e3o do grid para o ano que vem e trouxe um segundo piloto para o centro das discuss\u00f5es, al\u00e9m de Verstappen. \u00c9 <strong>George Russell<\/strong>, que tem contrato com a <strong>Mercedes<\/strong> apenas at\u00e9 o fim deste 2025.<\/p>\n\n\n\n<p class=\"wp-block-paragraph\">Por enquanto, \u00e9 bem verdade, o mercado est\u00e1 silencioso e travado. Ainda \u00e9 cedo, pois, e Verstappen \u00e9 quem det\u00e9m a carta mais preciosa do baralho e a chave para desbloquear as negocia\u00e7\u00f5es, algo semelhante ao que aconteceu ano passado a partir do momento em que <strong>Lewis Hamilton<\/strong> acertou com a <strong>Ferrari<\/strong>.<\/p>\n\n\n\n<p class=\"wp-block-paragraph\">Verstappen, contudo, n\u00e3o est\u00e1 livre \u2014 pelo contr\u00e1rio, tem contrato at\u00e9 o fim da temporada 2028. O que se sabe \u00e9 que o acordo do tetracampe\u00e3o com a <strong>Red Bull<\/strong> conta com cl\u00e1usulas de libera\u00e7\u00e3o ap\u00f3s 2025. A cl\u00e1usula mais famosa \u00e9 aquela que permite que Max deixe o contrato, caso assim queira, se chegar em determinado ponto da temporada 2025 abaixo do segundo lugar no Mundial de Pilotos. Embora ningu\u00e9m crave a data exata, a maior possibilidade \u00e9 de que seja na parada do recesso de meio de temporada.<\/p>\n\n\n\n<figure class=\"wp-block-image size-full is-resized\"><img decoding=\"async\" src=\"https:\/\/www.grandepremio.com\/br\/wp-content\/uploads\/2025\/04\/arabia-saudita-2025-f1-quinta-feira-red-bull-max-verstappen-afp-03.jpg\" alt=\"\" class=\"wp-image-955919\" style=\"width:840px;height:auto\"\/><figcaption class=\"wp-element-caption\">Max Verstappen tem as chaves da silly season (Foto: AFP) <\/figcaption><\/figure>\n\n\n\n<p class=\"wp-block-paragraph\">Atualmente, Verstappen est\u00e1 fora das duas primeiras coloca\u00e7\u00f5es \u2014 \u00e9 o terceiro, mas somente 12 pontos atr\u00e1s do l\u00edder <strong>Oscar Piastri<\/strong> e a dois pontos de <strong>Lando Norris<\/strong>, o vice. O recesso come\u00e7a ap\u00f3s o <strong>GP da Hungria<\/strong>, 14\u00aa etapa do campeonato. H\u00e1 mais nove GPs at\u00e9 l\u00e1, portanto. No meio do caminho, a partir do <strong>GP da Espanha<\/strong>, nona etapa do campeonato, passa a valer a mudan\u00e7a nas avalia\u00e7\u00f5es das asas flex\u00edveis, algo que tem possibilidade de alterar a ordem de for\u00e7as no grid.<\/p>\n\n\n\n<p class=\"wp-block-paragraph\">Toda a conversa sobre sa\u00edda de Verstappen da Red Bull fica no passado caso a <strong>McLaren<\/strong> despenque e a equipe da marca de bebidas energ\u00e9ticas volte a imperar. Ou a situa\u00e7\u00e3o pode se aprofundar mais caso Ferrari e Mercedes cres\u00e7am e superem os carros taurinos. Jogo de especula\u00e7\u00f5es, por enquanto.<\/p>\n\n\n\n<p class=\"wp-block-paragraph\">A decis\u00e3o de Verstappen sobre se livrar ou n\u00e3o do contrato \u00e9 o que definir\u00e1 a pot\u00eancia do mercado de pilotos. O tetracampe\u00e3o tem, segundo o ve\u00edculo acredita, tr\u00eas possibilidades caso decida deixar a Red Bull. Uma \u00e9 a ida para a Mercedes, que o corteja publicamente desde o ano passado. Uma segunda alternativa \u00e9 a <strong>Aston Martin<\/strong>, que j\u00e1 se prepara h\u00e1 algum tempo para fazer, junto aos parceiros da Ar\u00e1bia Saudita, <strong><a href=\"https:\/\/www.grandepremio.com\/br\/f1\/noticias\/aston-martin-aciona-fundo-arabe-mira-oferta-r-17-bilhao-3-anos-max-verstappen\/\">uma tentadora proposta financeira<\/a><\/strong>. A alternativa final ouvida pelo The Race \u00e9 tirar um ano sab\u00e1tico, ficar fora do grid em 2026 e avaliar quem \u00e9 que est\u00e1 bem sob as novas regras para fazer uma escolha de novo time em 2027.<\/p>\n\n\n\n<p class=\"wp-block-paragraph\">Entre as duas equipes, por\u00e9m, a ida para a Mercedes tende a ser a menos complexa, uma vez que a equipe tem assentos vagos para o ano que vem. <strong>Andrea Kimi Antonelli<\/strong> tamb\u00e9m tem apenas um ano de contrato, mas a expectativa \u00e9 que tenha a perman\u00eancia assegurada em breve. Pelos lados da Aston Martin, tanto <strong>Fernando Alonso<\/strong> quanto <strong>Lance Stroll<\/strong> contam com contratos para 2026.<\/p>\n\n\n\n<figure class=\"wp-block-image size-large\"><img decoding=\"async\" src=\"https:\/\/www.grandepremio.com\/br\/wp-content\/uploads\/2025\/03\/china-2025-f1-corrida-mercedes-george-russell-afp-01-1-1200x800.jpg\" alt=\"\" class=\"wp-image-943538\"\/><figcaption class=\"wp-element-caption\">George Russell j\u00e1 tem tr\u00eas p\u00f3dios na temporada 2025 da F1 (Foto: AFP)<\/figcaption><\/figure>\n\n\n\n<p class=\"wp-block-paragraph\">E \u00e9 a\u00ed que entra o fator Russell. Atualmente quarta colocado no campeonato e dono de in\u00edcio invej\u00e1vel de desempenhos com uma Mercedes distante de brigar por vit\u00f3rias, o ingl\u00eas v\u00ea a Mercedes apenas come\u00e7ar a conversar sobre renova\u00e7\u00e3o, mas sem avan\u00e7os significativos \u2014 apesar da vers\u00e3o italiana do Motorsport.com apontar que <strong><a href=\"https:\/\/www.grandepremio.com\/br\/f1\/noticias\/mercedes-antecipa-domino-negocia-renovacao-george-russell-ate-2027\/\">existe um alinhamento financeiro<\/a><\/strong>. \u00c9 uma manobra vista por gente do paddock como estrat\u00e9gia de <strong>Toto Wolff<\/strong> para enrolar as tratativas at\u00e9 saber se Verstappen fica ou n\u00e3o dispon\u00edvel daqui a alguns meses.<\/p>\n\n\n\n<p class=\"wp-block-paragraph\">Mas h\u00e1 outra informa\u00e7\u00e3o importante adiantada pelo ve\u00edculo: a que algumas pessoas j\u00e1 viram Russell e o chefe da Red Bull, <strong>Christian Horne<\/strong>r, no que se qualificou de &#8220;conversas informais&#8221;. N\u00e3o existe, no momento, qualquer negocia\u00e7\u00e3o entre Russell e Red Bull, mas o jogo das especula\u00e7\u00f5es permite a apontar um risco para a Mercedes.<\/p>\n\n\n\n<p class=\"wp-block-paragraph\">No caso da Red Bull perceber que a situa\u00e7\u00e3o ficou muito dif\u00edcil para manter Verstappen, tem condi\u00e7\u00f5es de procurar Russell com uma oferta tentadora antes que feche com a Mercedes. Assim, caso ficasse com George e perdesse Max, a bola estaria na quadra da Mercedes, que teria de sair desesperada atr\u00e1s de Max sob o risco de ficar sem nenhum dos dois. Sobretudo porque n\u00e3o h\u00e1 nenhum outro grande nome no mercado por enquanto. Talvez <strong>Valtteri Bottas<\/strong>, atualmente reserva, volte a ser um tapa-buracos atraente por um ano.<\/p>\n\n\n\n<p class=\"wp-block-paragraph\">E caso a Red Bull perca Verstappen para a Mercedes e escolha algum outro piloto atualmente no grid? A\u00ed, \u00e9 a vaga em aberto que tende a condicionar o futuro de Russell. Mas a possibilidade, pelo menos por ora, \u00e9 menos prov\u00e1vel.<\/p>\n\n\n\n<p class=\"wp-block-paragraph\">A&nbsp;<a href=\"https:\/\/www.grandepremio.com\/br\/f1\/\" target=\"_blank\" rel=\"noreferrer noopener\"><\/a><a href=\"https:\/\/www.grandepremio.com\/br\/f1\/\" target=\"_blank\" rel=\"noreferrer noopener\"><strong>F\u00f3rmula 1<\/strong><\/a>&nbsp;volta de 2 a 4 de maio em&nbsp;<strong><a href=\"https:\/\/www.grandepremio.com\/br\/circuito\/miami\/\" target=\"_blank\" rel=\"noreferrer noopener\">Miami<\/a><\/strong>, primeira corrida da temporada 2025 nos<strong>&nbsp;Estados Unidos<\/strong>.<\/p>\n\n\n\n<p class=\"wp-block-paragraph\">\u25b6\ufe0f\u00a0<strong><strong>OU\u00c7A AGORA:\u00a0<\/strong><a href=\"https:\/\/www.grandepremio.com\/br\/f1\/noticias\/assim-acaba-que-historia-f1-revela-sobre-crise-red-bull-paddockast-188\/\"><strong>\u00c9 assim que acaba? O que hist\u00f3ria da F1 revela sobre a crise da Red Bull | Paddockast #188<\/strong><\/a><\/strong><br>\u25b6\ufe0f\u00a0<strong>Inscreva-se nos dois canais do GRANDE PR\u00caMIO no YouTube:\u00a0<a href=\"https:\/\/www.youtube.com\/channel\/UC9OlHEgxoaY6QY6nWPoiqQg?sub_confirmation=1\" target=\"_blank\" rel=\"noreferrer noopener\">GP<\/a>\u00a0|\u00a0<a href=\"https:\/\/www.youtube.com\/channel\/UC9csiS6q_C3C0FYhyr1rnFA?sub_confirmation=1\" target=\"_blank\" rel=\"noreferrer noopener\">GP2<\/a><\/strong><\/p>\n\n\n\n<figure class=\"wp-block-embed is-type-video is-provider-youtube wp-block-embed-youtube wp-embed-aspect-16-9 wp-has-aspect-ratio\"><div class=\"wp-block-embed__wrapper\">\n<iframe loading=\"lazy\" title=\"PIASTRI L\u00cdDER DA F1, NORRIS PERTO DO FIM e VERSTAPPEN IRRITADO | Paddock GP #412\" width=\"500\" height=\"281\" src=\"https:\/\/www.youtube.com\/embed\/Kwu_7VmseaA?feature=oembed\" frameborder=\"0\" allow=\"accelerometer; autoplay; clipboard-write; encrypted-media; gyroscope; picture-in-picture; web-share\" referrerpolicy=\"strict-origin-when-cross-origin\" allowfullscreen><\/iframe>\n<\/div><figcaption class=\"wp-element-caption\">PIASTRI L\u00cdDER DA F1, NORRIS PERTO DO FIM e VERSTAPPEN IRRITADO | Paddock GP #412<\/figcaption><\/figure>\n","protected":false},"excerpt":{"rendered":"<p>&#8216;Silly season&#8217;, o per\u00edodo de boatos e movimenta\u00e7\u00f5es dos pilotos e equipes da F\u00f3rmula 1, ainda n\u00e3o esquentou. Mas Max Verstappen e George Russell est\u00e3o no centro das conversas<\/p>\n","protected":false},"author":0,"featured_media":1000859643,"comment_status":"closed","ping_status":"closed","sticky":false,"template":"","format":"standard","meta":{"42wp_featured_image_caption":"","42wp_featured_image_credits":"","42wp_featured_video":"","42wp_featured_image_hidden":false,"42wp_authors_list":[],"footnotes":""},"categories":[2],"tags":[27776,34186,27487,26000,27773,38654,39086,41965,5660,8235,41950,3630,29516,642,11958,41966,31425,800,203,82,39069,535,37633,204,42188,27332,27716,42740,36315,40123,42692,27383,37936],"42wp_author":[47120],"class_list":["post-23706","post","type-post","status-publish","format-standard","has-post-thumbnail","hentry","category-f1","tag-assistir-f1-ao-vivo","tag-assistir-f1-gratis","tag-assistir-f1-online","tag-audiencia-da-tv","tag-audiencia-f1","tag-audiencia-f1-tv","tag-calendario-f1-2025","tag-calendario-f1-2025-horarios","tag-classificacao","tag-classificacao-da-f1","tag-classificacao-f1-2025","tag-f1-2025","tag-f1-2026","tag-f1-ao-vivo","tag-f1-live","tag-f1-tv-2025","tag-formula-1-2026","tag-george-russell","tag-max-verstappen","tag-mercedes","tag-mercedes-2025","tag-mercedes-f1","tag-mercedes-formula-1","tag-red-bull","tag-red-bull-2025","tag-red-bull-f1","tag-red-bull-formula-1","tag-russell-2025","tag-russell-f1","tag-russell-formula-1","tag-verstappen-2025","tag-verstappen-f1","tag-verstappen-formula-1","42wp_author-pedro-henrique-marum"],"_links":{"self":[{"href":"https:\/\/grandepremio.com\/br\/wp-json\/wp\/v2\/posts\/23706","targetHints":{"allow":["GET"]}}],"collection":[{"href":"https:\/\/grandepremio.com\/br\/wp-json\/wp\/v2\/posts"}],"about":[{"href":"https:\/\/grandepremio.com\/br\/wp-json\/wp\/v2\/types\/post"}],"replies":[{"embeddable":true,"href":"https:\/\/grandepremio.com\/br\/wp-json\/wp\/v2\/comments?post=23706"}],"version-history":[{"count":0,"href":"https:\/\/grandepremio.com\/br\/wp-json\/wp\/v2\/posts\/23706\/revisions"}],"wp:featuredmedia":[{"embeddable":true,"href":"https:\/\/grandepremio.com\/br\/wp-json\/wp\/v2\/media\/1000859643"}],"wp:attachment":[{"href":"https:\/\/grandepremio.com\/br\/wp-json\/wp\/v2\/media?parent=23706"}],"wp:term":[{"taxonomy":"category","embeddable":true,"href":"https:\/\/grandepremio.com\/br\/wp-json\/wp\/v2\/categories?post=23706"},{"taxonomy":"post_tag","embeddable":true,"href":"https:\/\/grandepremio.com\/br\/wp-json\/wp\/v2\/tags?post=23706"},{"taxonomy":"42wp_author","embeddable":true,"href":"https:\/\/grandepremio.com\/br\/wp-json\/wp\/v2\/42wp_author?post=23706"}],"curies":[{"name":"wp","href":"https:\/\/api.w.org\/{rel}","templated":true}]}}