{"id":23752,"date":"2025-04-21T10:49:33","date_gmt":"2025-04-21T13:49:33","guid":{"rendered":"https:\/\/grandepremio.com\/br\/noticias\/leonel-pernia-lidera-tcr-south-america-apos-etapa-obera-confira-classificacao\/"},"modified":"2025-04-21T13:18:11","modified_gmt":"2025-04-21T16:18:11","slug":"leonel-pernia-lidera-tcr-south-america-apos-etapa-obera-confira-classificacao","status":"publish","type":"post","link":"https:\/\/grandepremio.com\/br\/tcr\/leonel-pernia-lidera-tcr-south-america-apos-etapa-obera-confira-classificacao\/","title":{"rendered":"Leonel Pern\u00eda lidera TCR South America ap\u00f3s etapa em Ober\u00e1. Confira classifica\u00e7\u00e3o"},"content":{"rendered":"\n<p class=\"wp-block-paragraph\"><a href=\"https:\/\/www.grandepremio.com\/br\/tcr-sul-americano\/noticias\/juan-angel-rosso-leonel-pernia-vencem-rodada-dupla-tcr-south-america-obera\/\">Vencedor da <strong>corrida 1<\/strong><\/a> da rodada dupla da <strong>TCR South America<\/strong> em <strong>Ober\u00e1<\/strong>, disputada neste fim de semana na cidade argentina, <strong>Leonel Pern\u00eda<\/strong> manteve a lideran\u00e7a do campeonato ap\u00f3s duas rodadas. O piloto da <strong>Honda YPF<\/strong> soma 148 pontos, com 14 a mais que <strong>Pedro Cardoso<\/strong>, atual campe\u00e3o.<\/p>\n\n\n\n<p class=\"wp-block-paragraph\">Ambos tem uma boa vantagem para o terceiro colocado do campeonato, <strong>Juan Angel Rosso<\/strong>, que venceu a prova que encerrou o domingo (20) no <strong>TCR South America<\/strong>. Com 93 pontos, o argentino tem um a mais que <strong>Nelsinho Piquet<\/strong> e nove de frente para <strong>Fabricio Pezzini<\/strong>, que fecha o top-5 da classifica\u00e7\u00e3o.<\/p>\n\n\n\n<p class=\"wp-block-paragraph\"><strong>Raphael Reis<\/strong> \u00e9 o sexto do TCR South America 2025, com 80 pontos, colocando dois pontos de vantagem para <strong>Tiago Pern\u00eda<\/strong>. <strong>Luis Ramirez<\/strong>, representante do <strong>Panam\u00e1<\/strong>, tem 62, com os argentinos <strong>Genaro Rasetto<\/strong> e <strong>Santino Balerini<\/strong>, com 46 e 45, encerrando os dez primeiros.<\/p>\n\n\n\n<p class=\"wp-block-paragraph\">Na <strong>Copa Trophy<\/strong>, <strong>Adri\u00e1n Chiriano<\/strong> \u00e9 o l\u00edder, com 42 pontos, com quatro de margem para <strong>Mar\u00eda Nienk\u00f6tter<\/strong> e 18 de vantagem para <strong>Enzo Gianfratti<\/strong>.<\/p>\n\n\n\n<figure class=\"wp-block-image size-large\"><img decoding=\"async\" src=\"https:\/\/www.grandepremio.com\/br\/wp-content\/uploads\/2025\/04\/450726_1148880_copia_de_hc__928774-1200x799.jpg\" alt=\"\" class=\"wp-image-957747\"\/><figcaption class=\"wp-element-caption\">Leonel Pern\u00eda venceu em Ober\u00e1 sua segunda corrida na temporada 2025 (Foto: Hern\u00e1n Capa)<\/figcaption><\/figure>\n\n\n\n<p class=\"wp-block-paragraph\">Entre as equipes, a <strong>Honda YPF<\/strong>, que tem Leonel Pern\u00eda, lidera o certame com 226 pontos, com 14 de vantagem para a <strong>PMO Racing<\/strong>, que tem Pedro Cardoso como principal piloto. A <strong>W2 Pro GP<\/strong>, com Fabricio Pezzini e Raphael Reis, ocupa a terceira posi\u00e7\u00e3o, com 164 tentos anotados. <strong>Paladini Racing<\/strong> (122), <strong>Cobra Racing Team<\/strong> (30) e <strong>Porthack Racing<\/strong> (18) completam a classifica\u00e7\u00e3o. Confira a classifica\u00e7\u00e3o do TCR South America 2025:<\/p>\n\n\n\n<p class=\"wp-block-paragraph\">\u25b6\ufe0f\u00a0<strong>Inscreva-se nos dois canais do GRANDE PR\u00caMIO no YouTube:\u00a0<a href=\"https:\/\/www.youtube.com\/channel\/UC9OlHEgxoaY6QY6nWPoiqQg?sub_confirmation=1\" target=\"_blank\" rel=\"noreferrer noopener\">GP<\/a>\u00a0|\u00a0<a href=\"https:\/\/www.youtube.com\/channel\/UC9csiS6q_C3C0FYhyr1rnFA?sub_confirmation=1\" target=\"_blank\" rel=\"noreferrer noopener\">GP2<\/a><\/strong><\/p>\n\n\n\n<h2 class=\"wp-block-heading\" id=\"h-tcr-south-america-2025-obera-classificacao-pilotos\">TCR South America 2025, Ober\u00e1, Classifica\u00e7\u00e3o, Pilotos:<\/h2>\n\n\n\n<figure class=\"wp-block-table\"><table class=\"has-fixed-layout\"><tbody><tr><td>Posi\u00e7\u00e3o<\/td><td>Nome<\/td><td>Equipe<\/td><td>Pa\u00eds<\/td><td>Pontos<\/td><\/tr><tr><td>1<\/td><td>Leonel Pern\u00eda<\/td><td>Honda YPF<\/td><td>ARG<\/td><td>148<\/td><\/tr><tr><td>2<\/td><td>Pedro Cardoso<\/td><td>PMO<\/td><td>BRA<\/td><td>134<\/td><\/tr><tr><td>3<\/td><td>Juan Angel Rosso<\/td><td>Paladini<\/td><td>ARG<\/td><td>93<\/td><\/tr><tr><td>4<\/td><td>Nelsinho Piquet<\/td><td>Honda YPF<\/td><td>BRA<\/td><td>92<\/td><\/tr><tr><td>5<\/td><td>Fabricio Pezzini<\/td><td>W2<\/td><td>ARG<\/td><td>84<\/td><\/tr><tr><td>6<\/td><td>Raphael Reis<\/td><td>W2<\/td><td>BRA<\/td><td>80<\/td><\/tr><tr><td>7<\/td><td>Tiago Pern\u00eda<\/td><td>Honda YPF<\/td><td>ARG<\/td><td>78<\/td><\/tr><tr><td>8<\/td><td>Luis Ramirez<\/td><td>PMO<\/td><td>PAN<\/td><td>62<\/td><\/tr><tr><td>9<\/td><td>Genaro Rasetto<\/td><td>PMO<\/td><td>ARG<\/td><td>46<\/td><\/tr><tr><td>10<\/td><td>Santino Balerini<\/td><td>Paladini<\/td><td>ARG<\/td><td>45<\/td><\/tr><tr><td>11<\/td><td>Adrian Chiriano<\/td><td>Honda YPF<\/td><td>ARG<\/td><td>31<\/td><\/tr><tr><td>12<\/td><td>Mar\u00eda Nienk\u00f6tter<\/td><td>Cobra<\/td><td>BRA<\/td><td>30<\/td><\/tr><tr><td>13<\/td><td>Fabi\u00e1n Yannantuoni<\/td><td>Paladini<\/td><td>ARG<\/td><td>29<\/td><\/tr><tr><td>14<\/td><td>Mariano Pern\u00eda<\/td><td>Honda YPF<\/td><td>ARG<\/td><td>24<\/td><\/tr><tr><td>15<\/td><td>Enzo Gianfratti<\/td><td>Porthack<\/td><td>BRA<\/td><td>18<\/td><\/tr><\/tbody><\/table><\/figure>\n\n\n\n<h2 class=\"wp-block-heading\" id=\"h-tcr-south-america-2025-obera-classificacao-copa-trophy\">TCR South America 2025, Ober\u00e1, Classifica\u00e7\u00e3o, Copa Trophy:<\/h2>\n\n\n\n<figure class=\"wp-block-table\"><table class=\"has-fixed-layout\"><tbody><tr><td>Posi\u00e7\u00e3o<\/td><td>Nome<\/td><td>Equipe<\/td><td>Pa\u00eds<\/td><td>Pontos<\/td><\/tr><tr><td>1<\/td><td>Adrian Chiriano<\/td><td>Honda YPF<\/td><td>ARG<\/td><td>42<\/td><\/tr><tr><td>2<\/td><td>Mar\u00eda Nienk\u00f6tter<\/td><td>Cobra<\/td><td>BRA<\/td><td>38<\/td><\/tr><tr><td>3<\/td><td>Enzo Gianfratti<\/td><td>Porthack<\/td><td>BRA<\/td><td>23<\/td><\/tr><\/tbody><\/table><\/figure>\n\n\n\n<h2 class=\"wp-block-heading\" id=\"h-tcr-south-america-2025-obera-classificacao-equipes\">TCR South America 2025, Ober\u00e1, Classifica\u00e7\u00e3o, Equipes:<\/h2>\n\n\n\n<figure class=\"wp-block-table\"><table class=\"has-fixed-layout\"><tbody><tr><td>Posi\u00e7\u00e3o<\/td><td>Equipe<\/td><td>Pa\u00eds<\/td><td>Pontos<\/td><\/tr><tr><td>1<\/td><td>Honda YPF Racing<\/td><td>ARG<\/td><td>226<\/td><\/tr><tr><td>2<\/td><td>PMO Racing<\/td><td>ARG<\/td><td>212<\/td><\/tr><tr><td>3<\/td><td>W2 Pro GP<\/td><td>BRA<\/td><td>164<\/td><\/tr><tr><td>4<\/td><td>Paladini Racing<\/td><td>ARG<\/td><td>122<\/td><\/tr><tr><td>5<\/td><td>Cobra Racing Team<\/td><td>BRA<\/td><td>30<\/td><\/tr><tr><td>6<\/td><td>Porthack Racing<\/td><td>BRA<\/td><td>18<\/td><\/tr><\/tbody><\/table><\/figure>\n\n\n\n<figure class=\"wp-block-embed is-type-video is-provider-youtube wp-block-embed-youtube wp-embed-aspect-16-9 wp-has-aspect-ratio\"><div class=\"wp-block-embed__wrapper\">\n<iframe loading=\"lazy\" title=\"TCR SOUTH AMERICA 2025 COM IMAGENS | 2\u00aa ETAPA | OBER\u00c1 | Corrida 2\" width=\"500\" height=\"281\" src=\"https:\/\/www.youtube.com\/embed\/kjzIKceDxoA?feature=oembed\" frameborder=\"0\" allow=\"accelerometer; autoplay; clipboard-write; encrypted-media; gyroscope; picture-in-picture; web-share\" referrerpolicy=\"strict-origin-when-cross-origin\" allowfullscreen><\/iframe>\n<\/div><\/figure>\n","protected":false},"excerpt":{"rendered":"<p>Leonel Pern\u00eda manteve lideran\u00e7a do TCR South America 2025, com 14 pontos de vantagem sobre o atual campe\u00e3o, Pedro Cardoso<\/p>\n","protected":false},"author":0,"featured_media":1000957283,"comment_status":"closed","ping_status":"closed","sticky":false,"template":"","format":"standard","meta":{"42wp_featured_image_caption":"","42wp_featured_image_credits":"","42wp_featured_video":"","42wp_featured_image_hidden":false,"42wp_authors_list":[],"footnotes":""},"categories":[45],"tags":[27879,36883,1491,28285,37401,37302,332,41976,25725,24921,42561,41977],"42wp_author":[47155],"class_list":["post-23752","post","type-post","status-publish","format-standard","has-post-thumbnail","hentry","category-tcr","tag-calendario-tcr","tag-classificacao-tcr","tag-grande-premio","tag-grandepremio","tag-horarios-tcr","tag-leonel-pernia","tag-tcr","tag-tcr-2025","tag-tcr-south-america-2","tag-tcr-sul-americano","tag-tcr-sul-americano-2025","tag-temporada-2025-tcr","42wp_author-daniel-balsa"],"_links":{"self":[{"href":"https:\/\/grandepremio.com\/br\/wp-json\/wp\/v2\/posts\/23752","targetHints":{"allow":["GET"]}}],"collection":[{"href":"https:\/\/grandepremio.com\/br\/wp-json\/wp\/v2\/posts"}],"about":[{"href":"https:\/\/grandepremio.com\/br\/wp-json\/wp\/v2\/types\/post"}],"replies":[{"embeddable":true,"href":"https:\/\/grandepremio.com\/br\/wp-json\/wp\/v2\/comments?post=23752"}],"version-history":[{"count":0,"href":"https:\/\/grandepremio.com\/br\/wp-json\/wp\/v2\/posts\/23752\/revisions"}],"wp:featuredmedia":[{"embeddable":true,"href":"https:\/\/grandepremio.com\/br\/wp-json\/wp\/v2\/media\/1000957283"}],"wp:attachment":[{"href":"https:\/\/grandepremio.com\/br\/wp-json\/wp\/v2\/media?parent=23752"}],"wp:term":[{"taxonomy":"category","embeddable":true,"href":"https:\/\/grandepremio.com\/br\/wp-json\/wp\/v2\/categories?post=23752"},{"taxonomy":"post_tag","embeddable":true,"href":"https:\/\/grandepremio.com\/br\/wp-json\/wp\/v2\/tags?post=23752"},{"taxonomy":"42wp_author","embeddable":true,"href":"https:\/\/grandepremio.com\/br\/wp-json\/wp\/v2\/42wp_author?post=23752"}],"curies":[{"name":"wp","href":"https:\/\/api.w.org\/{rel}","templated":true}]}}