{"id":23778,"date":"2025-04-20T21:25:10","date_gmt":"2025-04-21T00:25:10","guid":{"rendered":"https:\/\/grandepremio.com\/br\/noticias\/alexandre-munoz-arthur-dorison-vencem-etapa-abertura-f4-francesa-nogaro\/"},"modified":"2025-04-20T21:34:22","modified_gmt":"2025-04-21T00:34:22","slug":"alexandre-munoz-arthur-dorison-vencem-etapa-abertura-f4-francesa-nogaro","status":"publish","type":"post","link":"https:\/\/grandepremio.com\/br\/f4\/alexandre-munoz-arthur-dorison-vencem-etapa-abertura-f4-francesa-nogaro\/","title":{"rendered":"Munoz e Dorison vencem em etapa de abertura da F4 Francesa em Nogaro"},"content":{"rendered":"\n<p class=\"wp-block-paragraph\">A <strong>F4 Francesa<\/strong> conheceu, neste domingo (20), os primeiros vencedores da temporada 2025. Em meio \u00e0s condi\u00e7\u00f5es adversas causadas pela forte chuva que atingiu o circuito de <strong>Nogaro<\/strong> ao longo de todo o fim de semana, <strong>Alexandre Munoz<\/strong> e <strong>Arthur Dorison<\/strong> conseguiram levar a melhor sobre os advers\u00e1rios e sa\u00edram na frente na disputa pelo t\u00edtulo.<\/p>\n\n\n\n<p class=\"wp-block-paragraph\">Em condi\u00e7\u00f5es de pista seca, o pole-position <strong>Andy Consani<\/strong>, que faz parte do programa de talentos da <strong>Mercedes<\/strong>, saiu bem nos primeiros metros da corrida 1 e soube se defender das investidas iniciais de Munoz. No entanto, ainda na primeira volta, um incidente envolvendo <strong>Hugo Herrouin<\/strong> e <strong>Paul Roques<\/strong> for\u00e7ou a entrada do safety-car.<\/p>\n\n\n\n<p class=\"wp-block-paragraph\">Na relargada, Consani teve sucesso mais uma vez para segurar o \u00edmpeto do rival e se manter na primeira posi\u00e7\u00e3o, mas acabou cedendo alguns giros depois e caiu para o segundo lugar. At\u00e9 ent\u00e3o, tudo parecia estar caminhando tranquilamente na prova, at\u00e9 que <strong>Pablo Riccobono Bello<\/strong> sofreu com problemas no carro e causou a segunda paralisa\u00e7\u00e3o do dia.<\/p>\n\n\n\n<p class=\"wp-block-paragraph\">O safety-car ainda voltaria a interferir na etapa por uma terceira vez, quando <strong>Niccolo Pirri<\/strong> e <strong>Guillaume Bouzar<\/strong> se enroscaram. No fim, Andy tamb\u00e9m foi ultrapassado por <strong>Rafael Perard<\/strong>, que come\u00e7ou na quinta posi\u00e7\u00e3o e escalou o pelot\u00e3o at\u00e9 cruzar a linha de chegada em segundo, apenas 0s794 atr\u00e1s de Munoz, que conquistou 25 pontos pelo triunfo.<\/p>\n\n\n\n<figure class=\"wp-block-image size-full\"><img decoding=\"async\" src=\"https:\/\/www.grandepremio.com\/br\/wp-content\/uploads\/2025\/04\/alexandre-munoz-f4-francesa.jpg\" alt=\"\" class=\"wp-image-957810\"\/><figcaption class=\"wp-element-caption\">Alexandre Munoz venceu a corrida 1 da F4 Francesa (Foto: Reprodu\u00e7\u00e3o)<\/figcaption><\/figure>\n\n\n\n<p class=\"wp-block-paragraph\">\u25b6\ufe0f <strong><strong>OU\u00c7A AGORA:\u00a0<\/strong><a href=\"https:\/\/www.grandepremio.com\/br\/f1\/noticias\/assim-acaba-que-historia-f1-revela-sobre-crise-red-bull-paddockast-188\/\"><strong>\u00c9 assim que acaba? O que hist\u00f3ria da F1 revela sobre a crise da Red Bull | Paddockast #188<\/strong><\/a><\/strong><br>\u25b6\ufe0f <strong>Inscreva-se nos dois canais do GRANDE PR\u00caMIO no YouTube:\u00a0<a href=\"https:\/\/www.youtube.com\/channel\/UC9OlHEgxoaY6QY6nWPoiqQg?sub_confirmation=1\" target=\"_blank\" rel=\"noreferrer noopener\">GP<\/a>\u00a0|\u00a0<a href=\"https:\/\/www.youtube.com\/channel\/UC9csiS6q_C3C0FYhyr1rnFA?sub_confirmation=1\" target=\"_blank\" rel=\"noreferrer noopener\">GP2<\/a><\/strong><\/p>\n\n\n\n<p class=\"wp-block-paragraph\">Algumas horas depois, os pilotos retornaram \u00e0 pista para a corrida 2 do fim de semana. E a chuva tamb\u00e9m voltou com for\u00e7a, obrigando a largada a ser em movimento, logo atr\u00e1s do safety-car. Com o grid invertido, o pole Bello Riccobono permaneceu na primeira posi\u00e7\u00e3o no in\u00edcio da prova, mas acabou rodando momentos depois ao receber um toque de Dorison.<\/p>\n\n\n\n<p class=\"wp-block-paragraph\">Na sequ\u00eancia, com Roques\u00a0e <strong>Leandre Carvalho<\/strong> saindo da pista, o safety-car entrou novamente em a\u00e7\u00e3o. Momentos depois, enquanto <strong>Lisa Billard<\/strong> conseguiu evitar um contato com o ent\u00e3o l\u00edder, <strong>Romeo Leurs<\/strong> n\u00e3o teve a mesma sorte e acabou sendo atingido por Pirri, for\u00e7ando o acionamento da bandeira vermelha.<\/p>\n\n\n\n<p class=\"wp-block-paragraph\">Na relargada, Dorison conseguiu se manter na primeira posi\u00e7\u00e3o e terminou com 0s318 de vantagem sobre <strong>Jules Roussel<\/strong>. Um pouco mais atr\u00e1s, <strong>Matteo Giacardi<\/strong> terminou 1s973 atr\u00e1s do grande vencedor, enquanto Munoz e Perard completaram o top-5.<\/p>\n\n\n\n<p class=\"wp-block-paragraph\">A <strong>F4 Francesa<\/strong> retorna entre os dias 9 e 11 de maio para a segunda etapa da temporada 2025, que ser\u00e1 realizada no circuito de <strong>Dijon-Prenois<\/strong>.<\/p>\n","protected":false},"excerpt":{"rendered":"<p>A primeira etapa da F4 Francesa contou com grande participa\u00e7\u00e3o do safety-car, j\u00e1 que a chuva n\u00e3o deu tr\u00e9gua durante a maior parte do tempo e provocou alguns incidentes<\/p>\n","protected":false},"author":0,"featured_media":1000957808,"comment_status":"closed","ping_status":"closed","sticky":false,"template":"","format":"standard","meta":{"42wp_featured_image_caption":"","42wp_featured_image_credits":"","42wp_featured_video":"","42wp_featured_image_hidden":false,"42wp_authors_list":[],"footnotes":""},"categories":[47],"tags":[36237,36235,348,43121,5304,43122,1491,28285,36236,43123],"42wp_author":[47160],"class_list":["post-23778","post","type-post","status-publish","format-standard","has-post-thumbnail","hentry","category-f4","tag-calendario-f4","tag-classificacao-f4","tag-f4","tag-f4-2025","tag-formula-4","tag-formula-4-2025","tag-grande-premio","tag-grandepremio","tag-horarios-f4","tag-temporada-2025-f4","42wp_author-vicente-soella"],"_links":{"self":[{"href":"https:\/\/grandepremio.com\/br\/wp-json\/wp\/v2\/posts\/23778","targetHints":{"allow":["GET"]}}],"collection":[{"href":"https:\/\/grandepremio.com\/br\/wp-json\/wp\/v2\/posts"}],"about":[{"href":"https:\/\/grandepremio.com\/br\/wp-json\/wp\/v2\/types\/post"}],"replies":[{"embeddable":true,"href":"https:\/\/grandepremio.com\/br\/wp-json\/wp\/v2\/comments?post=23778"}],"version-history":[{"count":0,"href":"https:\/\/grandepremio.com\/br\/wp-json\/wp\/v2\/posts\/23778\/revisions"}],"wp:featuredmedia":[{"embeddable":true,"href":"https:\/\/grandepremio.com\/br\/wp-json\/wp\/v2\/media\/1000957808"}],"wp:attachment":[{"href":"https:\/\/grandepremio.com\/br\/wp-json\/wp\/v2\/media?parent=23778"}],"wp:term":[{"taxonomy":"category","embeddable":true,"href":"https:\/\/grandepremio.com\/br\/wp-json\/wp\/v2\/categories?post=23778"},{"taxonomy":"post_tag","embeddable":true,"href":"https:\/\/grandepremio.com\/br\/wp-json\/wp\/v2\/tags?post=23778"},{"taxonomy":"42wp_author","embeddable":true,"href":"https:\/\/grandepremio.com\/br\/wp-json\/wp\/v2\/42wp_author?post=23778"}],"curies":[{"name":"wp","href":"https:\/\/api.w.org\/{rel}","templated":true}]}}