{"id":23812,"date":"2025-04-20T15:45:34","date_gmt":"2025-04-20T18:45:34","guid":{"rendered":"https:\/\/grandepremio.com\/br\/noticias\/oscar-piastri-comemora-vitoria-arabia-saudita-nao-sairia-curva-1-em-2\/"},"modified":"2025-04-20T21:20:05","modified_gmt":"2025-04-21T00:20:05","slug":"oscar-piastri-comemora-vitoria-arabia-saudita-nao-sairia-curva-1-em-2","status":"publish","type":"post","link":"https:\/\/grandepremio.com\/br\/f1\/oscar-piastri-comemora-vitoria-arabia-saudita-nao-sairia-curva-1-em-2\/","title":{"rendered":"Piastri comemora vit\u00f3ria na Ar\u00e1bia Saudita e diz que &#8220;n\u00e3o sairia da curva 1 em 2\u00ba&#8221;"},"content":{"rendered":"\n<p class=\"wp-block-paragraph\"><strong>Oscar Piastri<\/strong> fez um <strong><a href=\"https:\/\/www.grandepremio.com\/br\/f1\/noticias\/oscar-piastri-bate-max-verstappen-largada-vence-gp-arabia-saudita-lando-norris-4o-gabriel-bortoleto-18o\/\">GP da Ar\u00e1bia Saudita<\/a><\/strong> de manual na tarde deste domingo (20), em<strong> Jed\u00e1<\/strong>, para quem tinha o carro a ser batido na pista. <strong><a href=\"https:\/\/www.grandepremio.com\/br\/video\/f1\/max-verstappen-corta-curva-1-briga-oscar-piastri-largada-recebe-punicao-5s-jeda\/\">Agressivo na largada, garantiu a tomada da lideran\u00e7a<\/a><\/strong> para cima de <strong>Max Verstappen<\/strong> \u2014 ainda que fosse de direito, mas n\u00e3o na pisa. Depois, restou apenas controlar o ritmo para garantir a terceira vit\u00f3ria nas cinco corridas da temporada 2025 at\u00e9 agora.<\/p>\n\n\n\n<p class=\"wp-block-paragraph\">O movimento firme na primeira curva s\u00f3 p\u00f4de ser defendido por Verstappen ao sair do tra\u00e7ado natural. O tetracampe\u00e3o at\u00e9 se garantiu na dianteira, mas logo foi punido em 5s. Piastri n\u00e3o atacou mais, apenas guardou a vantagem para ficar com a primeira coloca\u00e7\u00e3o uma vez que o rival parasse nos boxes. Assim foi.<\/p>\n\n\n\n<p class=\"wp-block-paragraph\">Segundo o novo l\u00edder da F1, n\u00e3o havia maneira de aceitar sair daquela curva inicial fora da lideran\u00e7a ap\u00f3s jogar o carro por dentro.<\/p>\n\n\n\n<p class=\"wp-block-paragraph\">&#8220;Estou atr\u00e1s de um sof\u00e1&#8221;, brincou no come\u00e7o da entrevista. &#8220;Foi uma corrida muito dura. Estou muito feliz de ter conseguido vencer&#8221;, falou.<\/p>\n\n\n\n\n\n\n\n<p class=\"wp-block-paragraph\">&#8220;Constru\u00ed meu caso a partir da curva um. Estava dif\u00edcil perseguir de perto, eu n\u00e3o tinha como acompanhar Max no fim do primeiro stint, desgastei muito os meus pneus. Ainda precisamos de mais coisa. Max estava perto demais para o meu gosto&#8221;, explicou.<\/p>\n\n\n\n<p class=\"wp-block-paragraph\">&#8220;Uma vez que coloquei o carro por dentro, n\u00e3o sairia da curva um em segundo. Depois, os comiss\u00e1rios se envolveram e, no fim das contas, foi isso [a manobra] que me deu a corrida. Estou muito feliz com o trabalho que fizemos nas largadas&#8221;, finalizou.<\/p>\n\n\n\n<p class=\"wp-block-paragraph\">A&nbsp;<strong><a href=\"https:\/\/www.grandepremio.com\/br\/f1\/\"><\/a><a href=\"https:\/\/www.grandepremio.com\/br\/f1\/\" target=\"_blank\" rel=\"noreferrer noopener\">F\u00f3rmula 1<\/a><\/strong>&nbsp;retorna no fim de semana dos dias 2 a 4 de maio, nos Estados Unidos, com o&nbsp;<strong>GP de Miami<\/strong>, sexta prova da temporada 2025. O&nbsp;<strong>GRANDE PR\u00caMIO<\/strong>&nbsp;acompanha todas as atividades&nbsp;<strong><a href=\"https:\/\/www.grandepremio.com\/br\/f1\/ao-vivo\" target=\"_blank\" rel=\"noreferrer noopener\">AO VIVO E EM&nbsp;<\/a><a href=\"https:\/\/www.grandepremio.com\/br\/ao-vivo\/\" target=\"_blank\" rel=\"noreferrer noopener\">TEMPO REAL<\/a><\/strong>, al\u00e9m de classifica\u00e7\u00e3o e corrida, tanto sprint quanto principal, em&nbsp;<strong><a href=\"https:\/\/www.youtube.com\/@GrandePremio1\/streams\" target=\"_blank\" rel=\"noreferrer noopener\">SEGUNDA TELA no YouTube<\/a><\/strong>, em parceria com a Voz do Esporte. O&nbsp;<strong>Briefing&nbsp;<\/strong>chega para comentar na GPTV ap\u00f3s o fim de cada dia de atividades.<\/p>\n\n\n\n<p class=\"wp-block-paragraph\"><strong>\u25b6\ufe0f<\/strong>&nbsp;<strong>Inscreva-se nos dois canais do GRANDE PR\u00caMIO no YouTube:&nbsp;<a href=\"https:\/\/www.youtube.com\/channel\/UC9OlHEgxoaY6QY6nWPoiqQg?sub_confirmation=1\" target=\"_blank\" rel=\"noreferrer noopener\">GP<\/a>&nbsp;|&nbsp;<a href=\"https:\/\/www.youtube.com\/channel\/UC9csiS6q_C3C0FYhyr1rnFA?sub_confirmation=1\" target=\"_blank\" rel=\"noreferrer noopener\">GP2<\/a><\/strong><\/p>\n\n\n\n<figure class=\"wp-block-embed is-type-video is-provider-youtube wp-block-embed-youtube wp-embed-aspect-16-9 wp-has-aspect-ratio\"><div class=\"wp-block-embed__wrapper\">\n<iframe loading=\"lazy\" title=\"PIASTRI VENCE E \u00c9 NOVO L\u00cdDER. VERSTAPPEN 2\u00ba, BORTOLETO ASSUSTA: a F1 na AR\u00c1BIA SAUDITA | BRIEFING\" width=\"500\" height=\"281\" src=\"https:\/\/www.youtube.com\/embed\/vTNMrrSzvNE?feature=oembed\" frameborder=\"0\" allow=\"accelerometer; autoplay; clipboard-write; encrypted-media; gyroscope; picture-in-picture; web-share\" referrerpolicy=\"strict-origin-when-cross-origin\" allowfullscreen><\/iframe>\n<\/div><figcaption class=\"wp-element-caption\">GP DA AR\u00c1BIA SAUDITA F1 2025 AO VIVO: TUDO SOBRE A CORRIDA | BRIEFING<\/figcaption><\/figure>\n","protected":false},"excerpt":{"rendered":"<p>Oscar Piastri foi agressivo na largada do GP da Ar\u00e1bia Saudita para tomar a primeira coloca\u00e7\u00e3o de direito na prova ao bater Max Verstappen. Assim, garantiu a terceira vit\u00f3ria na temporada e passou a ser l\u00edder na F\u00f3rmula 1<\/p>\n","protected":false},"author":0,"featured_media":1000957533,"comment_status":"closed","ping_status":"closed","sticky":false,"template":"","format":"standard","meta":{"42wp_featured_image_caption":"","42wp_featured_image_credits":"","42wp_featured_video":"","42wp_featured_image_hidden":false,"42wp_authors_list":[],"footnotes":""},"categories":[2],"tags":[26000,5660,3630,642,38627,26266,29669,90,4928,37605,2916,43371,36778,40367],"42wp_author":[47120],"class_list":["post-23812","post","type-post","status-publish","format-standard","has-post-thumbnail","hentry","category-f1","tag-audiencia-da-tv","tag-classificacao","tag-f1-2025","tag-f1-ao-vivo","tag-fim-de-semana-arabia-saudita","tag-gp-da-arabia-saudita","tag-gp-de-jeda","tag-mclaren","tag-mclaren-f1","tag-mclaren-formula-1","tag-oscar-piastri","tag-piastri-2025","tag-piastri-f1","tag-piastri-formula-1","42wp_author-pedro-henrique-marum"],"_links":{"self":[{"href":"https:\/\/grandepremio.com\/br\/wp-json\/wp\/v2\/posts\/23812","targetHints":{"allow":["GET"]}}],"collection":[{"href":"https:\/\/grandepremio.com\/br\/wp-json\/wp\/v2\/posts"}],"about":[{"href":"https:\/\/grandepremio.com\/br\/wp-json\/wp\/v2\/types\/post"}],"replies":[{"embeddable":true,"href":"https:\/\/grandepremio.com\/br\/wp-json\/wp\/v2\/comments?post=23812"}],"version-history":[{"count":0,"href":"https:\/\/grandepremio.com\/br\/wp-json\/wp\/v2\/posts\/23812\/revisions"}],"wp:featuredmedia":[{"embeddable":true,"href":"https:\/\/grandepremio.com\/br\/wp-json\/wp\/v2\/media\/1000957533"}],"wp:attachment":[{"href":"https:\/\/grandepremio.com\/br\/wp-json\/wp\/v2\/media?parent=23812"}],"wp:term":[{"taxonomy":"category","embeddable":true,"href":"https:\/\/grandepremio.com\/br\/wp-json\/wp\/v2\/categories?post=23812"},{"taxonomy":"post_tag","embeddable":true,"href":"https:\/\/grandepremio.com\/br\/wp-json\/wp\/v2\/tags?post=23812"},{"taxonomy":"42wp_author","embeddable":true,"href":"https:\/\/grandepremio.com\/br\/wp-json\/wp\/v2\/42wp_author?post=23812"}],"curies":[{"name":"wp","href":"https:\/\/api.w.org\/{rel}","templated":true}]}}