{"id":23836,"date":"2025-04-19T19:52:47","date_gmt":"2025-04-19T22:52:47","guid":{"rendered":"https:\/\/grandepremio.com\/br\/noticias\/esteban-ocon-relata-falta-consistencia-torce-haas-resolver-problemas-arabia-saudita\/"},"modified":"2025-04-19T19:57:52","modified_gmt":"2025-04-19T22:57:52","slug":"esteban-ocon-relata-falta-consistencia-torce-haas-resolver-problemas-arabia-saudita","status":"publish","type":"post","link":"https:\/\/grandepremio.com\/br\/f1\/esteban-ocon-relata-falta-consistencia-torce-haas-resolver-problemas-arabia-saudita\/","title":{"rendered":"Ocon aponta falta de consist\u00eancia e torce para Haas &#8220;resolver problemas&#8221; na Ar\u00e1bia Saudita"},"content":{"rendered":"\n<p class=\"wp-block-paragraph\">Embora tenha admitido que cometeu um erro durante a \u00faltima tentativa de volta r\u00e1pida na classifica\u00e7\u00e3o do <strong>GP da Ar\u00e1bia Saudita<\/strong>, <a href=\"https:\/\/www.grandepremio.com\/br\/f1\/noticias\/max-verstappen-bate-oscar-piastri-0s010-crava-pole-arabia-saudita-lando-norris-erra-gabriel-bortoleto-20\/\">realizada neste s\u00e1bado (19)<\/a>, <strong>Esteban Ocon<\/strong> deixou claro que n\u00e3o conquistaria um resultado diferente, j\u00e1 que tem sofrido com o ritmo da <strong>Haas<\/strong> ao longo de todo o fim de semana. Desta forma, o franc\u00eas evitou fez qualquer previs\u00e3o para a corrida em <strong>Jed\u00e1<\/strong> e apenas se colocou na torcida para que a equipe melhore o quanto antes.<\/p>\n\n\n\n<p class=\"wp-block-paragraph\">Depois de sofrer com a falta de performance do <strong>VF-25<\/strong> durante os treinos livres, a hist\u00f3ria voltou a se repetir na sess\u00e3o que definiu o grid de largada. Ao anotar 1min29s092 como melhor tempo, o experiente piloto teve de se contentar com a 19\u00aa coloca\u00e7\u00e3o, ficando \u00e0 frente apenas do brasileiro <strong>Gabriel Bortoleto<\/strong>, que come\u00e7a do \u00faltimo posto ap\u00f3s <a href=\"https:\/\/www.grandepremio.com\/br\/f1\/noticias\/gabriel-bortoleto-comete-erro-fica-pelo-q1-classificacao-gp-arabia-saudita\/\">cometer um erro com a<\/a> <strong>Sauber<\/strong> e rodar na curva 1.<\/p>\n\n\n\n<p class=\"wp-block-paragraph\">&#8220;Perdi um pouco de tempo no primeiro setor, mas mesmo se tirarmos isso, ainda assim estar\u00edamos fora. Infelizmente, tivemos dificuldades durante todo o fim de semana&#8221;, disse Ocon em um comunicado da Haas. &#8220;Tem sido um fim de semana complicado e, embora tenhamos melhorado algumas coisas, precisamos continuar trabalhando para otimizar o que temos&#8221;, continuou.<\/p>\n\n\n\n<p class=\"wp-block-paragraph\">\u25b6\ufe0f <strong><strong>OU\u00c7A AGORA:\u00a0<\/strong><a href=\"https:\/\/www.grandepremio.com\/br\/f1\/noticias\/assim-acaba-que-historia-f1-revela-sobre-crise-red-bull-paddockast-188\/\"><strong>\u00c9 assim que acaba? O que hist\u00f3ria da F1 revela sobre a crise da Red Bull | Paddockast #188<\/strong><\/a><\/strong><br>\u25b6\ufe0f <strong>Inscreva-se nos dois canais do GRANDE PR\u00caMIO no YouTube:\u00a0<a href=\"https:\/\/www.youtube.com\/channel\/UC9OlHEgxoaY6QY6nWPoiqQg?sub_confirmation=1\" target=\"_blank\" rel=\"noreferrer noopener\">GP<\/a>\u00a0|\u00a0<a href=\"https:\/\/www.youtube.com\/channel\/UC9csiS6q_C3C0FYhyr1rnFA?sub_confirmation=1\" target=\"_blank\" rel=\"noreferrer noopener\">GP2<\/a><\/strong><\/p>\n\n\n\n<figure class=\"wp-block-image size-large\"><img decoding=\"async\" src=\"https:\/\/www.grandepremio.com\/br\/wp-content\/uploads\/2025\/04\/arabia-saudita-2025-f1-treinos-livres-haas-esteban-ocon-02-1-1200x800.jpg\" alt=\"\" class=\"wp-image-956841\"\/><figcaption class=\"wp-element-caption\">Esteban Ocon evitou fazer qualquer previs\u00e3o para o GP da Ar\u00e1bia Saudita (Foto: Haas F1 Team)<\/figcaption><\/figure>\n\n\n\n<p class=\"wp-block-paragraph\">&#8220;Tenho certeza de que vamos resolver os problemas que estamos enfrentando e alcan\u00e7ar mais consist\u00eancia em termos de desempenho no futuro&#8221;, concluiu o piloto da Haas.<\/p>\n\n\n\n<p class=\"wp-block-paragraph\">A\u00a0<strong><a href=\"https:\/\/www.grandepremio.com\/br\/f1\/\" target=\"_blank\" rel=\"noreferrer noopener\"><\/a><a href=\"https:\/\/www.grandepremio.com\/br\/f1\/\" target=\"_blank\" rel=\"noreferrer noopener\">F\u00f3rmula 1<\/a><\/strong>\u00a0realiza o\u00a0<strong>GP da Ar\u00e1bia Saudita<\/strong>, em\u00a0<strong>Jed\u00e1<\/strong>, entre os dias 18 e 20 de abril, quinta etapa da <strong>temporada 2025<\/strong>. O\u00a0<strong>GRANDE PR\u00caMIO<\/strong>\u00a0acompanha todas as atividades\u00a0<strong><a href=\"https:\/\/www.grandepremio.com\/br\/f1\/ao-vivo\" target=\"_blank\" rel=\"noreferrer noopener\">AO VIVO E EM\u00a0<\/a><a href=\"https:\/\/www.grandepremio.com\/br\/ao-vivo\/\" target=\"_blank\" rel=\"noreferrer noopener\">TEMPO REAL<\/a><\/strong>, al\u00e9m de classifica\u00e7\u00e3o e corrida em\u00a0<strong><a href=\"https:\/\/www.youtube.com\/@GrandePremio1\/streams\" target=\"_blank\" rel=\"noreferrer noopener\">SEGUNDA TELA no YouTube<\/a><\/strong>, em parceria com a Voz do Esporte. No\u00a0<strong>domingo\u00a0<\/strong>(20), os pilotos disputam o GP da Ar\u00e1bia Saudita\u00a0<strong>\u00e0s 14h<\/strong>\u00a0(de Bras\u00edlia, GMT-3). O\u00a0<strong>Briefing\u00a0<\/strong>chega para comentar na GPTV ap\u00f3s o fim de cada dia de atividades.<\/p>\n\n\n\n<figure class=\"wp-block-embed is-type-video is-provider-youtube wp-block-embed-youtube wp-embed-aspect-16-9 wp-has-aspect-ratio\"><div class=\"wp-block-embed__wrapper\">\n<iframe loading=\"lazy\" title=\"VERSTAPPEN POLE POR 0.010. NORRIS BATE, BORTOLETO EM 20\u00ba: A CLASSIFICA\u00c7\u00c3O DA F1 NA AR\u00c1BIA | BRIEFING\" width=\"500\" height=\"281\" src=\"https:\/\/www.youtube.com\/embed\/lAfjIn_QZHk?feature=oembed\" frameborder=\"0\" allow=\"accelerometer; autoplay; clipboard-write; encrypted-media; gyroscope; picture-in-picture; web-share\" referrerpolicy=\"strict-origin-when-cross-origin\" allowfullscreen><\/iframe>\n<\/div><\/figure>\n","protected":false},"excerpt":{"rendered":"<p>19\u00ba colocado no grid em Jed\u00e1, Esteban Ocon destacou as dificuldades que vem enfrentando com a Haas ao longo de todo o fim de semana<\/p>\n","protected":false},"author":0,"featured_media":1000941966,"comment_status":"closed","ping_status":"closed","sticky":false,"template":"","format":"standard","meta":{"42wp_featured_image_caption":"","42wp_featured_image_credits":"","42wp_featured_video":"","42wp_featured_image_hidden":false,"42wp_authors_list":[],"footnotes":""},"categories":[2],"tags":[26271,5273,302,147,3630,180,3628,26266,34092,1491,28285,119,30840,26627,42644,31217,35129,42001],"42wp_author":[47160],"class_list":["post-23836","post","type-post","status-publish","format-standard","has-post-thumbnail","hentry","category-f1","tag-calendario-f1","tag-classificacao-f1","tag-esteban-ocon","tag-f1","tag-f1-2025","tag-formula-1","tag-formula-1-2025","tag-gp-da-arabia-saudita","tag-gp-da-arabia-saudita-f1","tag-grande-premio","tag-grandepremio","tag-haas","tag-horarios-f1","tag-jeda","tag-jeda-2025","tag-jeda-f1","tag-onde-assistir-f1","tag-temporada-2025-f1","42wp_author-vicente-soella"],"_links":{"self":[{"href":"https:\/\/grandepremio.com\/br\/wp-json\/wp\/v2\/posts\/23836","targetHints":{"allow":["GET"]}}],"collection":[{"href":"https:\/\/grandepremio.com\/br\/wp-json\/wp\/v2\/posts"}],"about":[{"href":"https:\/\/grandepremio.com\/br\/wp-json\/wp\/v2\/types\/post"}],"replies":[{"embeddable":true,"href":"https:\/\/grandepremio.com\/br\/wp-json\/wp\/v2\/comments?post=23836"}],"version-history":[{"count":0,"href":"https:\/\/grandepremio.com\/br\/wp-json\/wp\/v2\/posts\/23836\/revisions"}],"wp:featuredmedia":[{"embeddable":true,"href":"https:\/\/grandepremio.com\/br\/wp-json\/wp\/v2\/media\/1000941966"}],"wp:attachment":[{"href":"https:\/\/grandepremio.com\/br\/wp-json\/wp\/v2\/media?parent=23836"}],"wp:term":[{"taxonomy":"category","embeddable":true,"href":"https:\/\/grandepremio.com\/br\/wp-json\/wp\/v2\/categories?post=23836"},{"taxonomy":"post_tag","embeddable":true,"href":"https:\/\/grandepremio.com\/br\/wp-json\/wp\/v2\/tags?post=23836"},{"taxonomy":"42wp_author","embeddable":true,"href":"https:\/\/grandepremio.com\/br\/wp-json\/wp\/v2\/42wp_author?post=23836"}],"curies":[{"name":"wp","href":"https:\/\/api.w.org\/{rel}","templated":true}]}}