{"id":23846,"date":"2025-04-19T17:45:49","date_gmt":"2025-04-19T20:45:49","guid":{"rendered":"https:\/\/grandepremio.com\/br\/noticias\/mercedes-admite-nao-esperava-brigar-pela-pole-promete-dar-maximo-jeda\/"},"modified":"2025-04-19T17:52:17","modified_gmt":"2025-04-19T20:52:17","slug":"mercedes-admite-nao-esperava-brigar-pela-pole-promete-dar-maximo-jeda","status":"publish","type":"post","link":"https:\/\/grandepremio.com\/br\/f1\/mercedes-admite-nao-esperava-brigar-pela-pole-promete-dar-maximo-jeda\/","title":{"rendered":"Mercedes admite que &#8220;n\u00e3o esperava brigar pela pole&#8221; e promete &#8220;dar o m\u00e1ximo&#8221; em Jed\u00e1"},"content":{"rendered":"\n<p class=\"wp-block-paragraph\"><a href=\"https:\/\/www.grandepremio.com\/br\/f1\/noticias\/ferrari-aposta-ritmo-corrida-diz-tudo-possivel-arabia-saudita\/\">Diferentemente de <strong>Fr\u00e9d\u00e9ric Vasseur<\/strong><\/a>, chefe da <strong>Ferrari<\/strong>, <strong>Toto Wolff<\/strong> deixou o circuito de <strong>Jed\u00e1<\/strong> muito satisfeito com o resultado alcan\u00e7ado pela <strong>Mercedes<\/strong> na classifica\u00e7\u00e3o do <strong>GP da Ar\u00e1bia Saudita<\/strong>, <a href=\"https:\/\/www.grandepremio.com\/br\/f1\/noticias\/max-verstappen-bate-oscar-piastri-0s010-crava-pole-arabia-saudita-lando-norris-erra-gabriel-bortoleto-20\/\">realizada neste s\u00e1bado (19)<\/a>. Embora n\u00e3o tenha conquistado a pole-position, o comandante das Flechas de Prata destacou o fato de a diferen\u00e7a em rela\u00e7\u00e3o aos principais rivais ter sido &#8220;muito pequena&#8221;.<\/p>\n\n\n\n<p class=\"wp-block-paragraph\">No entanto, <a href=\"https:\/\/www.grandepremio.com\/br\/f1\/noticias\/lando-norris-bate-oscar-piastri-passeio-mclaren-tl3-gp-arabia-saudita-gabriel-bortoleto-19o\/\">o terceiro e \u00faltimo treino livre na pista saudita<\/a>, que aconteceu algumas horas antes da sess\u00e3o que definiu o grid de largada, n\u00e3o deu sinais t\u00e3o promissores assim. <strong>George Russell<\/strong> at\u00e9 terminou dentro do top-3, mas viu a diferen\u00e7a para <strong>Lando Norris<\/strong> e <strong>Oscar Piastri<\/strong> ser de 0s627, o que deixou o mandat\u00e1rio austr\u00edaco desanimado com o que aconteceria momentos depois. Mas a situa\u00e7\u00e3o foi diferente.<\/p>\n\n\n\n<p class=\"wp-block-paragraph\">&#8220;Foi uma classifica\u00e7\u00e3o emocionante, mesmo que tenhamos terminado no lado &#8216;errado&#8217; dos tr\u00eas primeiros colocados. No fim, a diferen\u00e7a entre n\u00f3s, as <strong>McLaren<\/strong> e a <strong>Red Bull<\/strong> de [<strong>Max<\/strong>] <strong>Verstappen<\/strong> foi muito pequena&#8221;, apontou Wolff. &#8220;Sempre queremos largar da pole-position, mas n\u00e3o esper\u00e1vamos estar na briga pela primeira posi\u00e7\u00e3o depois do TL3. Portanto, George fez um \u00f3timo trabalho ao colocar o carro na disputa&#8221;, continuou.<\/p>\n\n\n\n<p class=\"wp-block-paragraph\">Na sequ\u00eancia, fez quest\u00e3o de destacar tamb\u00e9m o trabalho de <strong>Andrea Kimi Antonelli<\/strong>, que anotou 1min27s866 no cron\u00f4metro e ficou com o quinto lugar no grid, superando <strong>Carlos Sainz<\/strong>, <strong>Lewis Hamilton<\/strong>, <strong>Yuki Tsunoda<\/strong>, <strong>Pierre Gasly<\/strong> e <strong>Lando Norris<\/strong> no Q3.<\/p>\n\n\n\n<figure class=\"wp-block-image size-large\"><img decoding=\"async\" src=\"https:\/\/www.grandepremio.com\/br\/wp-content\/uploads\/2025\/04\/arabia-saudita-2025-f1-classificacao-mercedes-george-russell-afp-01-1200x800.jpg\" alt=\"\" class=\"wp-image-956966\"\/><figcaption class=\"wp-element-caption\">Mercedes conquista a terceira e quinta posi\u00e7\u00f5es no grid da Ar\u00e1bia Saudita (Foto: AFP)<\/figcaption><\/figure>\n\n\n\n<p class=\"wp-block-paragraph\">\u25b6\ufe0f <strong><strong>OU\u00c7A AGORA:\u00a0<\/strong><a href=\"https:\/\/www.grandepremio.com\/br\/f1\/noticias\/assim-acaba-que-historia-f1-revela-sobre-crise-red-bull-paddockast-188\/\"><strong>\u00c9 assim que acaba? O que hist\u00f3ria da F1 revela sobre a crise da Red Bull | Paddockast #188<\/strong><\/a><\/strong><br>\u25b6\ufe0f <strong>Inscreva-se nos dois canais do GRANDE PR\u00caMIO no YouTube:\u00a0<a href=\"https:\/\/www.youtube.com\/channel\/UC9OlHEgxoaY6QY6nWPoiqQg?sub_confirmation=1\" target=\"_blank\" rel=\"noreferrer noopener\">GP<\/a>\u00a0|\u00a0<a href=\"https:\/\/www.youtube.com\/channel\/UC9csiS6q_C3C0FYhyr1rnFA?sub_confirmation=1\" target=\"_blank\" rel=\"noreferrer noopener\">GP2<\/a><\/strong><\/p>\n\n\n\n<p class=\"wp-block-paragraph\">&#8220;Enquanto isso, Kimi mais uma vez teve uma performance s\u00f3lida, apesar de estar t\u00e3o no come\u00e7o da carreira na <strong>F1<\/strong>. Ele cometeu um pequeno erro no primeiro setor que lhe custou alguns d\u00e9cimos. Sem isso, provavelmente teria sido o quarto colocado, mas largar em quinto ainda \u00e9 uma \u00f3tima posi\u00e7\u00e3o&#8221;, elogiou o chefe da Mercedes.<\/p>\n\n\n\n<p class=\"wp-block-paragraph\">&#8220;O carro parece estar oferecendo uma plataforma est\u00e1vel para trabalharmos. Nas primeiras cinco corridas, estivemos consistentemente na briga pelo p\u00f3dio e, com sorte, conseguiremos manter isso na corrida de amanh\u00e3. As McLaren mostraram um ritmo forte nas simula\u00e7\u00f5es de corrida na sexta-feira, ent\u00e3o achamos que ser\u00e1 dif\u00edcil lutar contra Piastri pela vit\u00f3ria. Mas vamos ver o que acontece e, como sempre, vamos dar o nosso m\u00e1ximo&#8221;, concluiu.<\/p>\n\n\n\n<p class=\"wp-block-paragraph\">A\u00a0<strong><a href=\"https:\/\/www.grandepremio.com\/br\/f1\/\" target=\"_blank\" rel=\"noreferrer noopener\"><\/a><a href=\"https:\/\/www.grandepremio.com\/br\/f1\/\" target=\"_blank\" rel=\"noreferrer noopener\">F\u00f3rmula 1<\/a><\/strong>\u00a0realiza o\u00a0<strong>GP da Ar\u00e1bia Saudita<\/strong>, em\u00a0<strong>Jed\u00e1<\/strong>, entre os dias 18 e 20 de abril, quinta etapa da <strong>temporada 2025<\/strong>. O\u00a0<strong>GRANDE PR\u00caMIO<\/strong>\u00a0acompanha todas as atividades\u00a0<strong><a href=\"https:\/\/www.grandepremio.com\/br\/f1\/ao-vivo\" target=\"_blank\" rel=\"noreferrer noopener\">AO VIVO E EM\u00a0<\/a><a href=\"https:\/\/www.grandepremio.com\/br\/ao-vivo\/\" target=\"_blank\" rel=\"noreferrer noopener\">TEMPO REAL<\/a><\/strong>, al\u00e9m de classifica\u00e7\u00e3o e corrida em\u00a0<strong><a href=\"https:\/\/www.youtube.com\/@GrandePremio1\/streams\" target=\"_blank\" rel=\"noreferrer noopener\">SEGUNDA TELA no YouTube<\/a><\/strong>, em parceria com a Voz do Esporte. No\u00a0<strong>domingo\u00a0<\/strong>(20), os pilotos disputam o GP da Ar\u00e1bia Saudita\u00a0<strong>\u00e0s 14h<\/strong>\u00a0(de Bras\u00edlia, GMT-3). O\u00a0<strong>Briefing\u00a0<\/strong>chega para comentar na GPTV ap\u00f3s o fim de cada dia de atividades.<\/p>\n\n\n\n<figure class=\"wp-block-embed is-type-video is-provider-youtube wp-block-embed-youtube wp-embed-aspect-16-9 wp-has-aspect-ratio\"><div class=\"wp-block-embed__wrapper\">\n<iframe loading=\"lazy\" title=\"VERSTAPPEN POLE POR 0.010. NORRIS BATE, BORTOLETO EM 20\u00ba: A CLASSIFICA\u00c7\u00c3O DA F1 NA AR\u00c1BIA | BRIEFING\" width=\"500\" height=\"281\" src=\"https:\/\/www.youtube.com\/embed\/lAfjIn_QZHk?feature=oembed\" frameborder=\"0\" allow=\"accelerometer; autoplay; clipboard-write; encrypted-media; gyroscope; picture-in-picture; web-share\" referrerpolicy=\"strict-origin-when-cross-origin\" allowfullscreen><\/iframe>\n<\/div><\/figure>\n","protected":false},"excerpt":{"rendered":"<p>Chefe da Mercedes, Toto Wolff exaltou &#8220;\u00f3timo trabalho&#8221; de George Russell e Andrea Kimi Antonelli durante classifica\u00e7\u00e3o do GP da Ar\u00e1bia Saudita e disse que espera brigar pelo p\u00f3dio mais uma vez<\/p>\n","protected":false},"author":0,"featured_media":1000956497,"comment_status":"closed","ping_status":"closed","sticky":false,"template":"","format":"standard","meta":{"42wp_featured_image_caption":"","42wp_featured_image_credits":"","42wp_featured_video":"","42wp_featured_image_hidden":false,"42wp_authors_list":[],"footnotes":""},"categories":[2],"tags":[27861,1242,43334,30205,26271,5273,147,3630,180,3628,800,26266,34092,1491,28285,30840,26627,42644,31217,82,35129,42001,150],"42wp_author":[47160],"class_list":["post-23846","post","type-post","status-publish","format-standard","has-post-thumbnail","hentry","category-f1","tag-andrea-kimi-antonelli","tag-arabia-saudita","tag-arabia-saudita-2025","tag-arabia-saudita-f1","tag-calendario-f1","tag-classificacao-f1","tag-f1","tag-f1-2025","tag-formula-1","tag-formula-1-2025","tag-george-russell","tag-gp-da-arabia-saudita","tag-gp-da-arabia-saudita-f1","tag-grande-premio","tag-grandepremio","tag-horarios-f1","tag-jeda","tag-jeda-2025","tag-jeda-f1","tag-mercedes","tag-onde-assistir-f1","tag-temporada-2025-f1","tag-toto-wolff","42wp_author-vicente-soella"],"_links":{"self":[{"href":"https:\/\/grandepremio.com\/br\/wp-json\/wp\/v2\/posts\/23846","targetHints":{"allow":["GET"]}}],"collection":[{"href":"https:\/\/grandepremio.com\/br\/wp-json\/wp\/v2\/posts"}],"about":[{"href":"https:\/\/grandepremio.com\/br\/wp-json\/wp\/v2\/types\/post"}],"replies":[{"embeddable":true,"href":"https:\/\/grandepremio.com\/br\/wp-json\/wp\/v2\/comments?post=23846"}],"version-history":[{"count":0,"href":"https:\/\/grandepremio.com\/br\/wp-json\/wp\/v2\/posts\/23846\/revisions"}],"wp:featuredmedia":[{"embeddable":true,"href":"https:\/\/grandepremio.com\/br\/wp-json\/wp\/v2\/media\/1000956497"}],"wp:attachment":[{"href":"https:\/\/grandepremio.com\/br\/wp-json\/wp\/v2\/media?parent=23846"}],"wp:term":[{"taxonomy":"category","embeddable":true,"href":"https:\/\/grandepremio.com\/br\/wp-json\/wp\/v2\/categories?post=23846"},{"taxonomy":"post_tag","embeddable":true,"href":"https:\/\/grandepremio.com\/br\/wp-json\/wp\/v2\/tags?post=23846"},{"taxonomy":"42wp_author","embeddable":true,"href":"https:\/\/grandepremio.com\/br\/wp-json\/wp\/v2\/42wp_author?post=23846"}],"curies":[{"name":"wp","href":"https:\/\/api.w.org\/{rel}","templated":true}]}}