{"id":23868,"date":"2025-04-19T15:43:49","date_gmt":"2025-04-19T18:43:49","guid":{"rendered":"https:\/\/grandepremio.com\/br\/noticias\/gabriel-bortoleto-comete-erro-fica-pelo-q1-classificacao-gp-arabia-saudita\/"},"modified":"2025-04-19T16:05:44","modified_gmt":"2025-04-19T19:05:44","slug":"gabriel-bortoleto-comete-erro-fica-pelo-q1-classificacao-gp-arabia-saudita","status":"publish","type":"post","link":"https:\/\/grandepremio.com\/br\/f1\/gabriel-bortoleto-comete-erro-fica-pelo-q1-classificacao-gp-arabia-saudita\/","title":{"rendered":"Bortoleto comete erro e fica pelo Q1 na classifica\u00e7\u00e3o do GP da Ar\u00e1bia Saudita"},"content":{"rendered":"\n<p class=\"wp-block-paragraph\">O fim de semana de <strong>Gabriel Bortoleto<\/strong> no <strong>GP da Ar\u00e1bia Saudita<\/strong>, quinta etapa da temporada 2025 da <strong>F\u00f3rmula 1<\/strong>, realmente n\u00e3o tem sido dos mais f\u00e1ceis. Depois de perder um tempo valioso de pista na sexta-feira (18), o brasileiro teve dificuldades para lidar com o carro da <strong>Sauber<\/strong> na classifica\u00e7\u00e3o e s\u00f3 ficou com o 20\u00ba e \u00faltimo lugar no grid de largada.<\/p>\n\n\n\n<p class=\"wp-block-paragraph\">Na \u00faltima tentativa de marcar um bom tempo no Q1 deste s\u00e1bado, o dono do <strong>#5<\/strong> acabou cometendo um erro logo no trecho entre as curvas 1 e 2 e rodou na pista, jogando fora qualquer possibilidade de, pelo menos, escalar alguns degraus para o in\u00edcio da prova de amanh\u00e3 no circuito de <strong>Jed\u00e1<\/strong>. O incidente chegou a causar uma r\u00e1pida bandeira amarela no setor 1, embora o novato rapidamente tenha sido capaz de retomar o caminho normalmente.<\/p>\n\n\n\n<p class=\"wp-block-paragraph\">Durante o primeiro dia de atividades na pista saudita, Gabriel ficou na 20\u00aa coloca\u00e7\u00e3o no TL1, com o melhor tempo em 1min31s038, 1s799 mais lento que o l\u00edder\u00a0<strong><a href=\"https:\/\/www.grandepremio.com\/br\/piloto\/pierre-gasly\/\" target=\"_blank\" rel=\"noreferrer noopener\">Pierre Gasly<\/a><\/strong>, da\u00a0<strong>Alpine<\/strong>. Ao total, foram 22 giros completados. Horas depois, n\u00e3o teve condi\u00e7\u00f5es de participar do TL2, j\u00e1 que a Sauber encontrou um vazamento de combust\u00edvel no carro.<\/p>\n\n\n\n<p class=\"wp-block-paragraph\">\u25b6\ufe0f <strong><strong>OU\u00c7A AGORA:\u00a0<\/strong><a href=\"https:\/\/www.grandepremio.com\/br\/f1\/noticias\/assim-acaba-que-historia-f1-revela-sobre-crise-red-bull-paddockast-188\/\"><strong>\u00c9 assim que acaba? O que hist\u00f3ria da F1 revela sobre a crise da Red Bull | Paddockast #188<\/strong><\/a><\/strong><br>\u25b6\ufe0f <strong>Inscreva-se nos dois canais do GRANDE PR\u00caMIO no YouTube:\u00a0<a href=\"https:\/\/www.youtube.com\/channel\/UC9OlHEgxoaY6QY6nWPoiqQg?sub_confirmation=1\" target=\"_blank\" rel=\"noreferrer noopener\">GP<\/a>\u00a0|\u00a0<a href=\"https:\/\/www.youtube.com\/channel\/UC9csiS6q_C3C0FYhyr1rnFA?sub_confirmation=1\" target=\"_blank\" rel=\"noreferrer noopener\">GP2<\/a><\/strong><\/p>\n\n\n\n\n\n\n\n<p class=\"wp-block-paragraph\">Bortoleto rodou em \u00faltima tentativa no Q1 da classifica\u00e7\u00e3o (V\u00eddeo: Reprodu\u00e7\u00e3o\/DAZN\/F1TV)<\/p>\n\n\n\n<p class=\"wp-block-paragraph\">Antes do TL3, a <strong>Federa\u00e7\u00e3o Internacional de Automobilismo<\/strong> (<strong>FIA<\/strong>) divulgou um documento informando que <a href=\"https:\/\/www.grandepremio.com\/br\/f1\/noticias\/sauber-muda-chassi-carro-gabriel-bortoleto-classificacao-jeda-vazamento\/\">a equipe su\u00ed\u00e7a havia substitu\u00eddo o chassi do carro de Bortoleto<\/a>. No entanto, o desempenho do carro n\u00e3o melhorou e o brasileiro acabou ficando pelo caminho no Q1 mais uma vez em 2025.<\/p>\n\n\n\n<p class=\"wp-block-paragraph\">A\u00a0<strong><a href=\"https:\/\/www.grandepremio.com\/br\/f1\/\" target=\"_blank\" rel=\"noreferrer noopener\">F\u00f3rmula 1<\/a><\/strong>\u00a0realiza o\u00a0<strong>GP da Ar\u00e1bia Saudita<\/strong>, em\u00a0<strong>Jed\u00e1<\/strong>, entre os dias 18 e 20 de abril, quinta etapa da\u00a0<strong>temporada 2025<\/strong>. O\u00a0<strong>GRANDE PR\u00caMIO<\/strong>\u00a0acompanha todas as atividades\u00a0<strong><a href=\"https:\/\/www.grandepremio.com\/br\/f1\/ao-vivo\" target=\"_blank\" rel=\"noreferrer noopener\">AO VIVO E EM\u00a0<\/a><a href=\"https:\/\/www.grandepremio.com\/br\/ao-vivo\/\" target=\"_blank\" rel=\"noreferrer noopener\">TEMPO REAL<\/a><\/strong>, al\u00e9m de classifica\u00e7\u00e3o e corrida em\u00a0<strong><a href=\"https:\/\/www.youtube.com\/@GrandePremio1\/streams\" target=\"_blank\" rel=\"noreferrer noopener\">SEGUNDA TELA no YouTube<\/a><\/strong>, em parceria com a Voz do Esporte. No\u00a0<strong>domingo\u00a0<\/strong>(20), os pilotos disputam o GP da Ar\u00e1bia Saudita \u00e0s 14h (de Bras\u00edlia, GMT-3). O\u00a0<strong>Briefing\u00a0<\/strong>chega para comentar na GPTV ap\u00f3s o fim de cada dia de atividades.<\/p>\n\n\n\n<figure class=\"wp-block-embed is-type-video is-provider-youtube wp-block-embed-youtube wp-embed-aspect-16-9 wp-has-aspect-ratio\"><div class=\"wp-block-embed__wrapper\">\n<iframe loading=\"lazy\" title=\"VERSTAPPEN POLE POR 0.010. NORRIS BATE, BORTOLETO EM 20\u00ba: A CLASSIFICA\u00c7\u00c3O DA F1 NA AR\u00c1BIA | BRIEFING\" width=\"500\" height=\"281\" src=\"https:\/\/www.youtube.com\/embed\/lAfjIn_QZHk?feature=oembed\" frameborder=\"0\" allow=\"accelerometer; autoplay; clipboard-write; encrypted-media; gyroscope; picture-in-picture; web-share\" referrerpolicy=\"strict-origin-when-cross-origin\" allowfullscreen><\/iframe>\n<\/div><\/figure>\n","protected":false},"excerpt":{"rendered":"<p>Gabriel Bortoleto rodou sozinho logo na abertura da tentativa final de volta r\u00e1pida na classifica\u00e7\u00e3o e acabou ficando com a \u00faltima posi\u00e7\u00e3o no grid de largada<\/p>\n","protected":false},"author":0,"featured_media":1000956940,"comment_status":"closed","ping_status":"closed","sticky":false,"template":"","format":"standard","meta":{"42wp_featured_image_caption":"","42wp_featured_image_credits":"","42wp_featured_video":"","42wp_featured_image_hidden":false,"42wp_authors_list":[],"footnotes":""},"categories":[2],"tags":[26271,5273,147,3630,180,3628,350,26266,34092,1491,28285,30840,26627,42644,31217,35129,1197,42001],"42wp_author":[47160],"class_list":["post-23868","post","type-post","status-publish","format-standard","has-post-thumbnail","hentry","category-f1","tag-calendario-f1","tag-classificacao-f1","tag-f1","tag-f1-2025","tag-formula-1","tag-formula-1-2025","tag-gabriel-bortoleto","tag-gp-da-arabia-saudita","tag-gp-da-arabia-saudita-f1","tag-grande-premio","tag-grandepremio","tag-horarios-f1","tag-jeda","tag-jeda-2025","tag-jeda-f1","tag-onde-assistir-f1","tag-sauber","tag-temporada-2025-f1","42wp_author-vicente-soella"],"_links":{"self":[{"href":"https:\/\/grandepremio.com\/br\/wp-json\/wp\/v2\/posts\/23868","targetHints":{"allow":["GET"]}}],"collection":[{"href":"https:\/\/grandepremio.com\/br\/wp-json\/wp\/v2\/posts"}],"about":[{"href":"https:\/\/grandepremio.com\/br\/wp-json\/wp\/v2\/types\/post"}],"replies":[{"embeddable":true,"href":"https:\/\/grandepremio.com\/br\/wp-json\/wp\/v2\/comments?post=23868"}],"version-history":[{"count":0,"href":"https:\/\/grandepremio.com\/br\/wp-json\/wp\/v2\/posts\/23868\/revisions"}],"wp:featuredmedia":[{"embeddable":true,"href":"https:\/\/grandepremio.com\/br\/wp-json\/wp\/v2\/media\/1000956940"}],"wp:attachment":[{"href":"https:\/\/grandepremio.com\/br\/wp-json\/wp\/v2\/media?parent=23868"}],"wp:term":[{"taxonomy":"category","embeddable":true,"href":"https:\/\/grandepremio.com\/br\/wp-json\/wp\/v2\/categories?post=23868"},{"taxonomy":"post_tag","embeddable":true,"href":"https:\/\/grandepremio.com\/br\/wp-json\/wp\/v2\/tags?post=23868"},{"taxonomy":"42wp_author","embeddable":true,"href":"https:\/\/grandepremio.com\/br\/wp-json\/wp\/v2\/42wp_author?post=23868"}],"curies":[{"name":"wp","href":"https:\/\/api.w.org\/{rel}","templated":true}]}}