{"id":23909,"date":"2025-04-18T17:20:52","date_gmt":"2025-04-18T20:20:52","guid":{"rendered":"https:\/\/grandepremio.com\/br\/noticias\/lewis-hamilton-assume-dificuldade-pneus-diz-meta-ficar-10-primeiros-jeda\/"},"modified":"2025-04-18T17:25:52","modified_gmt":"2025-04-18T20:25:52","slug":"lewis-hamilton-assume-dificuldade-pneus-diz-meta-ficar-10-primeiros-jeda","status":"publish","type":"post","link":"https:\/\/grandepremio.com\/br\/f1\/lewis-hamilton-assume-dificuldade-pneus-diz-meta-ficar-10-primeiros-jeda\/","title":{"rendered":"Hamilton assume dificuldade com pneus e diz que meta &#8220;\u00e9 ficar entre 10 primeiros&#8221; em Jed\u00e1"},"content":{"rendered":"\n<p class=\"wp-block-paragraph\"><strong>Lewis Hamilton<\/strong> n\u00e3o conseguiu esconder a frustra\u00e7\u00e3o <a href=\"https:\/\/www.grandepremio.com\/br\/f1\/noticias\/lando-norris-puxa-1-2-mclaren-tl2-arabia-saudita-gabriel-bortoleto-sofre-vazamento-fica-fora\/\">pela sexta-feira (18)<\/a> de <strong>treinos livres<\/strong> complicada na <strong>Ar\u00e1bia Saudita<\/strong>. O piloto da <strong>Ferrari <\/strong>explicou que teve dificuldades para atingir a janela de performance com os pneus macios e afirmou que, no momento, a meta \u00e9 &#8220;conseguir ficar entre os dez primeiros&#8221; na classifica\u00e7\u00e3o de s\u00e1bado.<\/p>\n\n\n\n<p class=\"wp-block-paragraph\">Na segunda sess\u00e3o do dia, realizada no mesmo hor\u00e1rio em que acontecer\u00e3o classifica\u00e7\u00e3o e corrida, Hamilton n\u00e3o passou do 13\u00ba lugar, enquanto o companheiro de equipe, <strong>Charles Leclerc<\/strong>, ficou em quarto e saiu bem mais otimista, esperando uma briga apertada pela pole-position.<\/p>\n\n\n\n<p class=\"wp-block-paragraph\">\u00c0 <em>Sky Sports<\/em>, Hamilton disse que se sentiu &#8220;melhor com o carro&#8221; e atribuiu o resultado ruim ao gerenciamento da borracha. &#8220;Acho que fazer os pneus funcionarem foi o problema para mim.&#8221;<\/p>\n\n\n\n<p class=\"wp-block-paragraph\">&#8220;N\u00e3o \u00e9 a equipe\u2026 \u00e9 que\u2026 est\u00e1vamos com dificuldade para fazer os pneus funcionarem&#8221;, continuou um desanimado Lewis, que foi perguntado na sequ\u00eancia o que esperava para o s\u00e1bado a partir dos dados de sexta-feira. O abatimento seguiu.<\/p>\n\n\n\n<figure class=\"wp-block-image size-large\"><img decoding=\"async\" src=\"https:\/\/www.grandepremio.com\/br\/wp-content\/uploads\/2025\/04\/arabia-saudita-2025-f1-treinos-livres-ferrari-lewis-hamilton-afp-01-1-1200x800.jpg\" alt=\"\" class=\"wp-image-956368\"\/><figcaption class=\"wp-element-caption\">Lewis Hamilton deixou a sexta-feira nada otimista (Foto: AFP) <\/figcaption><\/figure>\n\n\n\n<p class=\"wp-block-paragraph\">&#8220;Normalmente o s\u00e1bado anda para tr\u00e1s, mas n\u00e3o h\u00e1 muito o que fazer a partir de onde estou, ent\u00e3o espero que durante a noite fa\u00e7amos algumas melhorias no carro. Houve algumas coisas ao longo da sess\u00e3o que pareceram boas, mas quando colocamos os macios, n\u00e3o deu certo, ent\u00e3o faremos algumas mudan\u00e7as durante a noite, e espero que estejamos um pouco mais fortes amanh\u00e3&#8221;, disse.<\/p>\n\n\n\n<p class=\"wp-block-paragraph\">Depois, sobre a chance de usar a mesma configura\u00e7\u00e3o de Leclerc, Hamilton disse que &#8220;possivelmente trabalharemos juntos para ver&#8221; e detalhou que os dois usaram acertos diferentes nos treinos livres.<\/p>\n\n\n\n<p class=\"wp-block-paragraph\">&#8220;Estamos tentando coisas diferentes nos dois carros para convergir configura\u00e7\u00f5es e todo tipo de coisa. Ent\u00e3o espero que tenhamos um entendimento melhor depois de analisarmos esta noite e tor\u00e7o para que seja um dia melhor&#8221;, seguiu.<\/p>\n\n\n\n<p class=\"wp-block-paragraph\">Por fim, o rep\u00f3rter da Sky foi direto: do que voc\u00ea acha que o carro \u00e9 capaz? Hamilton balan\u00e7ou a cabe\u00e7a e, no mesmo tom de desalento, declarou: &#8220;N\u00e3o sei, cara. S\u00f3 estou tentando ver se consigo ficar entre os 10 primeiros no momento.&#8221;<\/p>\n\n\n\n<p class=\"wp-block-paragraph\">A\u00a0<strong><a href=\"https:\/\/www.grandepremio.com\/br\/f1\/\" target=\"_blank\" rel=\"noreferrer noopener\"><\/a><a href=\"https:\/\/www.grandepremio.com\/br\/f1\/\" target=\"_blank\" rel=\"noreferrer noopener\">F\u00f3rmula 1<\/a><\/strong>\u00a0realiza o\u00a0<strong>GP da Ar\u00e1bia Saudita<\/strong>, em\u00a0<strong>Jed\u00e1<\/strong>, entre os dias 18 e 20 de abril, quinta etapa da\u00a0<strong>temporada 2025<\/strong>. O\u00a0<strong>GRANDE PR\u00caMIO<\/strong>\u00a0acompanha todas as atividades\u00a0<strong><a href=\"https:\/\/www.grandepremio.com\/br\/f1\/ao-vivo\" target=\"_blank\" rel=\"noreferrer noopener\">AO VIVO E EM\u00a0<\/a><a href=\"https:\/\/www.grandepremio.com\/br\/ao-vivo\/\" target=\"_blank\" rel=\"noreferrer noopener\">TEMPO REAL<\/a><\/strong>, al\u00e9m de classifica\u00e7\u00e3o e corrida em\u00a0<strong><a href=\"https:\/\/www.youtube.com\/@GrandePremio1\/streams\" target=\"_blank\" rel=\"noreferrer noopener\">SEGUNDA TELA no YouTube<\/a><\/strong>, em parceria com a Voz do Esporte.\u00a0No s\u00e1bado (19), o\u00a0<strong>TL3\u00a0<\/strong>acontece \u00e0s\u00a0<strong>10h30<\/strong>\u00a0(de Bras\u00edlia, GMT-3), ao passo que a\u00a0<strong>classifica\u00e7\u00e3o\u00a0<\/strong>ser\u00e1 \u00e0s\u00a0<strong>14h<\/strong>. Por fim, no\u00a0<strong>domingo\u00a0<\/strong>(20), os pilotos disputam o GP da Ar\u00e1bia Saudita\u00a0<strong>\u00e0s 14h<\/strong>. O\u00a0<strong>Briefing\u00a0<\/strong>chega para comentar na GPTV ap\u00f3s o fim de cada dia de atividades.<\/p>\n\n\n\n<figure class=\"wp-block-embed is-type-video is-provider-youtube wp-block-embed-youtube wp-embed-aspect-16-9 wp-has-aspect-ratio\"><div class=\"wp-block-embed__wrapper\">\n<iframe loading=\"lazy\" title=\"McLAREN DOMINA, VERSTAPPEN VOLTA, BORTOLETO EM 20\u00ba: TREINOS DA F1 NA AR\u00c1BIA SAUDITA | BRIEFING\" width=\"500\" height=\"281\" src=\"https:\/\/www.youtube.com\/embed\/hHVdMMO7dzU?feature=oembed\" frameborder=\"0\" allow=\"accelerometer; autoplay; clipboard-write; encrypted-media; gyroscope; picture-in-picture; web-share\" referrerpolicy=\"strict-origin-when-cross-origin\" allowfullscreen><\/iframe>\n<\/div><\/figure>\n","protected":false},"excerpt":{"rendered":"<p>A expectativa de Lewis Hamilton para a classifica\u00e7\u00e3o do GP da Ar\u00e1bia Saudita n\u00e3o \u00e9 das melhores depois de uma sexta-feira em que teve dificuldades para gerir os pneus<\/p>\n","protected":false},"author":0,"featured_media":1000956495,"comment_status":"closed","ping_status":"closed","sticky":false,"template":"","format":"standard","meta":{"42wp_featured_image_caption":"","42wp_featured_image_credits":"","42wp_featured_video":"","42wp_featured_image_hidden":false,"42wp_authors_list":[],"footnotes":""},"categories":[2],"tags":[26271,5273,147,3630,207,180,3628,26266,34092,1491,28285,30840,26627,42644,31217,87,35129,42001,1708],"42wp_author":[47147],"class_list":["post-23909","post","type-post","status-publish","format-standard","has-post-thumbnail","hentry","category-f1","tag-calendario-f1","tag-classificacao-f1","tag-f1","tag-f1-2025","tag-ferrari","tag-formula-1","tag-formula-1-2025","tag-gp-da-arabia-saudita","tag-gp-da-arabia-saudita-f1","tag-grande-premio","tag-grandepremio","tag-horarios-f1","tag-jeda","tag-jeda-2025","tag-jeda-f1","tag-lewis-hamilton","tag-onde-assistir-f1","tag-temporada-2025-f1","tag-tl2","42wp_author-luana-marino"],"_links":{"self":[{"href":"https:\/\/grandepremio.com\/br\/wp-json\/wp\/v2\/posts\/23909","targetHints":{"allow":["GET"]}}],"collection":[{"href":"https:\/\/grandepremio.com\/br\/wp-json\/wp\/v2\/posts"}],"about":[{"href":"https:\/\/grandepremio.com\/br\/wp-json\/wp\/v2\/types\/post"}],"replies":[{"embeddable":true,"href":"https:\/\/grandepremio.com\/br\/wp-json\/wp\/v2\/comments?post=23909"}],"version-history":[{"count":0,"href":"https:\/\/grandepremio.com\/br\/wp-json\/wp\/v2\/posts\/23909\/revisions"}],"wp:featuredmedia":[{"embeddable":true,"href":"https:\/\/grandepremio.com\/br\/wp-json\/wp\/v2\/media\/1000956495"}],"wp:attachment":[{"href":"https:\/\/grandepremio.com\/br\/wp-json\/wp\/v2\/media?parent=23909"}],"wp:term":[{"taxonomy":"category","embeddable":true,"href":"https:\/\/grandepremio.com\/br\/wp-json\/wp\/v2\/categories?post=23909"},{"taxonomy":"post_tag","embeddable":true,"href":"https:\/\/grandepremio.com\/br\/wp-json\/wp\/v2\/tags?post=23909"},{"taxonomy":"42wp_author","embeddable":true,"href":"https:\/\/grandepremio.com\/br\/wp-json\/wp\/v2\/42wp_author?post=23909"}],"curies":[{"name":"wp","href":"https:\/\/api.w.org\/{rel}","templated":true}]}}