{"id":23910,"date":"2025-04-18T17:20:50","date_gmt":"2025-04-18T20:20:50","guid":{"rendered":"https:\/\/grandepremio.com\/br\/noticias\/nico-hulkenberg-valoriza-sexta-feira-ve-sauber-meio-pelotao-arabia-saudita\/"},"modified":"2025-04-18T17:22:45","modified_gmt":"2025-04-18T20:22:45","slug":"nico-hulkenberg-valoriza-sexta-feira-ve-sauber-meio-pelotao-arabia-saudita","status":"publish","type":"post","link":"https:\/\/grandepremio.com\/br\/f1\/nico-hulkenberg-valoriza-sexta-feira-ve-sauber-meio-pelotao-arabia-saudita\/","title":{"rendered":"H\u00fclkenberg valoriza sexta-feira e v\u00ea Sauber \u201cno meio do pelot\u00e3o\u201d na Ar\u00e1bia Saudita"},"content":{"rendered":"\n<p class=\"wp-block-paragraph\"><strong>Nico H\u00fclkenberg <\/strong>saiu otimista do <a href=\"https:\/\/www.grandepremio.com\/br\/f1\/noticias\/lando-norris-puxa-1-2-mclaren-tl2-arabia-saudita-gabriel-bortoleto-sofre-vazamento-fica-fora\/\">primeiro dia de atividades da <strong>F\u00f3rmula 1<\/strong> na <strong>Ar\u00e1bia Saudita<\/strong><\/a>. Com bons tempos de volta tanto no TL1 quanto no TL2, o alem\u00e3o acredita que a <strong>Sauber <\/strong>teve uma sexta-feira positiva em <strong>Jed\u00e1<\/strong>, o que indica a possibilidade de brigar por um bom resultado ao longo do fim de semana.<\/p>\n\n\n\n<p class=\"wp-block-paragraph\">A <strong>Sauber <\/strong>tem o pior carro do grid atualmente, e com o crescimento da <strong>Alpine <\/strong>e da <strong>Racing Bulls<\/strong> nas \u00faltimas etapas, o time caiu para a lanterna no <strong>Mundial de Construtores<\/strong>. Para o fim de semana em <strong>Jed\u00e1<\/strong>, no entanto, a equipe liderada por<strong> Jonathan Wheatley<\/strong> levou um pacote de atualiza\u00e7\u00f5es que conta<a href=\"https:\/\/www.grandepremio.com\/br\/f1\/noticias\/sauber-aposta-recauchutada-atualizacoes-equipes-gp-arabia-saudita\/\"> com mudan\u00e7as no assoalho e na asa traseira.<\/a><\/p>\n\n\n\n<p class=\"wp-block-paragraph\">E <strong>H\u00fclkenberg <\/strong>parece ter sentido o efeito positivo das novas pe\u00e7as, uma vez que <a href=\"https:\/\/www.grandepremio.com\/br\/f1\/noticias\/pierre-gasly-rouba-cena-0s007-lidera-treino-livre-1-gp-arabia-saudita-gabriel-bortoleto-20o\/\">terminou o TL1 em 12\u00ba<\/a> e foi<a href=\"https:\/\/www.grandepremio.com\/br\/f1\/noticias\/lando-norris-puxa-1-2-mclaren-tl2-arabia-saudita-gabriel-bortoleto-sofre-vazamento-fica-fora\/\"> nono no TL2<\/a>. Al\u00e9m do bom resultado, elogiou o comportamento do <strong>C45 <\/strong>em <strong>Jed\u00e1 <\/strong>e disse que a <strong>Sauber <\/strong>conseguiu cumprir o programa de testes de forma satisfat\u00f3ria nesta sexta-feira (18).<\/p>\n\n\n\n<p class=\"wp-block-paragraph\">\u201cJed\u00e1 \u00e9 uma pista impressionante de guiar, com setores de alta velocidade, mudan\u00e7as r\u00e1pidas de dire\u00e7\u00e3o e um layout din\u00e2mico. \u00c9 um circuito exigente. Estou satisfeito por termos conseguido colocar o carro em uma boa janela no TL1 e conseguimos completar nosso programa padr\u00e3o de sexta-feira no TL2\u201d, disse <strong>H\u00fclkenberg<\/strong>.<\/p>\n\n\n\n<figure class=\"wp-block-image size-large\"><img decoding=\"async\" src=\"https:\/\/www.grandepremio.com\/br\/wp-content\/uploads\/2025\/04\/arabia-saudita-2025-f1-treinos-livres-sauber-nico-hulkenberg-06-1200x800.jpg\" alt=\"\" class=\"wp-image-956474\"\/><figcaption class=\"wp-element-caption\">A Sauber levou atualiza\u00e7\u00f5es para o GP da Ar\u00e1bia Saudita (Foto: Sauber)<\/figcaption><\/figure>\n\n\n\n<p class=\"wp-block-paragraph\">\u201cReunimos informa\u00e7\u00f5es valiosas sobre os pneus e fizemos alguns ajustes estruturais no acerto entre as sess\u00f5es. Ainda temos trabalho a fazer essa noite para refinar detalhes, mas \u00e9 animador ver que estamos na briga no meio do pelot\u00e3o\u201d, finalizou <strong>H\u00fclkenberg<\/strong>.<\/p>\n\n\n\n<p class=\"wp-block-paragraph\">A\u00a0<strong><a href=\"https:\/\/www.grandepremio.com\/br\/f1\/\" target=\"_blank\" rel=\"noreferrer noopener\"><\/a><a href=\"https:\/\/www.grandepremio.com\/br\/f1\/\" target=\"_blank\" rel=\"noreferrer noopener\">F\u00f3rmula 1<\/a><\/strong>\u00a0realiza o\u00a0<strong>GP da Ar\u00e1bia Saudita<\/strong>, em\u00a0<strong>Jed\u00e1<\/strong>, entre os dias 18 e 20 de abril, quinta etapa da\u00a0<strong>temporada 2025<\/strong>. O\u00a0<strong>GRANDE PR\u00caMIO<\/strong>\u00a0acompanha todas as atividades\u00a0<strong><a href=\"https:\/\/www.grandepremio.com\/br\/f1\/ao-vivo\" target=\"_blank\" rel=\"noreferrer noopener\">AO VIVO E EM\u00a0<\/a><a href=\"https:\/\/www.grandepremio.com\/br\/ao-vivo\/\" target=\"_blank\" rel=\"noreferrer noopener\">TEMPO REAL<\/a><\/strong>, al\u00e9m de classifica\u00e7\u00e3o e corrida em\u00a0<strong><a href=\"https:\/\/www.youtube.com\/@GrandePremio1\/streams\" target=\"_blank\" rel=\"noreferrer noopener\">SEGUNDA TELA no YouTube<\/a><\/strong>, em parceria com a Voz do Esporte.\u00a0No s\u00e1bado (19), o\u00a0<strong>TL3\u00a0<\/strong>acontece \u00e0s\u00a0<strong>10h30<\/strong>\u00a0(de Bras\u00edlia, GMT-3), ao passo que a\u00a0<strong>classifica\u00e7\u00e3o\u00a0<\/strong>ser\u00e1 \u00e0s\u00a0<strong>14h<\/strong>. Por fim, no\u00a0<strong>domingo\u00a0<\/strong>(20), os pilotos disputam o GP da Ar\u00e1bia Saudita\u00a0<strong>\u00e0s 14h<\/strong>. O\u00a0<strong>Briefing\u00a0<\/strong>chega para comentar na GPTV ap\u00f3s o fim de cada dia de atividades.<\/p>\n\n\n\n<p class=\"wp-block-paragraph\">\u25b6\ufe0f\u00a0<strong><strong>OU\u00c7A AGORA:\u00a0<\/strong><a href=\"https:\/\/www.grandepremio.com\/br\/f1\/noticias\/assim-acaba-que-historia-f1-revela-sobre-crise-red-bull-paddockast-188\/\"><strong>\u00c9 assim que acaba? O que hist\u00f3ria da F1 revela sobre a crise da Red Bull | Paddockast #188<\/strong><\/a><\/strong><br>\u25b6\ufe0f\u00a0<strong>Inscreva-se nos dois canais do GRANDE PR\u00caMIO no YouTube:\u00a0<a href=\"https:\/\/www.youtube.com\/channel\/UC9OlHEgxoaY6QY6nWPoiqQg?sub_confirmation=1\" target=\"_blank\" rel=\"noreferrer noopener\">GP<\/a>\u00a0|\u00a0<a href=\"https:\/\/www.youtube.com\/channel\/UC9csiS6q_C3C0FYhyr1rnFA?sub_confirmation=1\" target=\"_blank\" rel=\"noreferrer noopener\">GP2<\/a><\/strong><\/p>\n\n\n\n<figure class=\"wp-block-embed is-type-video is-provider-youtube wp-block-embed-youtube wp-embed-aspect-16-9 wp-has-aspect-ratio\"><div class=\"wp-block-embed__wrapper\">\n<iframe loading=\"lazy\" title=\"McLAREN DOMINA, VERSTAPPEN VOLTA, BORTOLETO EM 20\u00ba: TREINOS DA F1 NA AR\u00c1BIA SAUDITA | BRIEFING\" width=\"500\" height=\"281\" src=\"https:\/\/www.youtube.com\/embed\/hHVdMMO7dzU?feature=oembed\" frameborder=\"0\" allow=\"accelerometer; autoplay; clipboard-write; encrypted-media; gyroscope; picture-in-picture; web-share\" referrerpolicy=\"strict-origin-when-cross-origin\" allowfullscreen><\/iframe>\n<\/div><\/figure>\n","protected":false},"excerpt":{"rendered":"<p>Gra\u00e7as \u00e0 atualiza\u00e7\u00e3o da Sauber, Nico H\u00fclkenberg conseguiu marcar bons tempos nos treinos livres e espera repetir o ritmo positivo na classifica\u00e7\u00e3o e na corrida<\/p>\n","protected":false},"author":0,"featured_media":1000955929,"comment_status":"closed","ping_status":"closed","sticky":false,"template":"","format":"standard","meta":{"42wp_featured_image_caption":"","42wp_featured_image_credits":"","42wp_featured_video":"","42wp_featured_image_hidden":false,"42wp_authors_list":[],"footnotes":""},"categories":[2],"tags":[1242,147,3630,31269,26266,1491,28285,13814,40088,1521,1197,16330,37695],"42wp_author":[47149],"class_list":["post-23910","post","type-post","status-publish","format-standard","has-post-thumbnail","hentry","category-f1","tag-arabia-saudita","tag-f1","tag-f1-2025","tag-f1-na-arabia-saudita","tag-gp-da-arabia-saudita","tag-grande-premio","tag-grandepremio","tag-hulkenberg","tag-hulkenberg-f1","tag-nico-hulkenberg","tag-sauber","tag-sauber-f1","tag-sauber-formula-1","42wp_author-bernardo-castro"],"_links":{"self":[{"href":"https:\/\/grandepremio.com\/br\/wp-json\/wp\/v2\/posts\/23910","targetHints":{"allow":["GET"]}}],"collection":[{"href":"https:\/\/grandepremio.com\/br\/wp-json\/wp\/v2\/posts"}],"about":[{"href":"https:\/\/grandepremio.com\/br\/wp-json\/wp\/v2\/types\/post"}],"replies":[{"embeddable":true,"href":"https:\/\/grandepremio.com\/br\/wp-json\/wp\/v2\/comments?post=23910"}],"version-history":[{"count":0,"href":"https:\/\/grandepremio.com\/br\/wp-json\/wp\/v2\/posts\/23910\/revisions"}],"wp:featuredmedia":[{"embeddable":true,"href":"https:\/\/grandepremio.com\/br\/wp-json\/wp\/v2\/media\/1000955929"}],"wp:attachment":[{"href":"https:\/\/grandepremio.com\/br\/wp-json\/wp\/v2\/media?parent=23910"}],"wp:term":[{"taxonomy":"category","embeddable":true,"href":"https:\/\/grandepremio.com\/br\/wp-json\/wp\/v2\/categories?post=23910"},{"taxonomy":"post_tag","embeddable":true,"href":"https:\/\/grandepremio.com\/br\/wp-json\/wp\/v2\/tags?post=23910"},{"taxonomy":"42wp_author","embeddable":true,"href":"https:\/\/grandepremio.com\/br\/wp-json\/wp\/v2\/42wp_author?post=23910"}],"curies":[{"name":"wp","href":"https:\/\/api.w.org\/{rel}","templated":true}]}}