{"id":23917,"date":"2025-04-18T16:37:32","date_gmt":"2025-04-18T19:37:32","guid":{"rendered":"https:\/\/grandepremio.com\/br\/noticias\/lando-norris-celebra-ritmo-mclaren-apos-lideranca-jeda-ganhando-confianca\/"},"modified":"2025-04-18T16:59:04","modified_gmt":"2025-04-18T19:59:04","slug":"lando-norris-celebra-ritmo-mclaren-apos-lideranca-jeda-ganhando-confianca","status":"publish","type":"post","link":"https:\/\/grandepremio.com\/br\/f1\/lando-norris-celebra-ritmo-mclaren-apos-lideranca-jeda-ganhando-confianca\/","title":{"rendered":"Norris celebra ritmo da McLaren ap\u00f3s lideran\u00e7a em Jed\u00e1: &#8220;Ganhando confian\u00e7a&#8221;"},"content":{"rendered":"\n<p class=\"wp-block-paragraph\"><strong>Lando Norris<\/strong> dominou a sexta-feira (18) em <strong>Jed\u00e1<\/strong>. Ao fazer o tempo de 1min28s267 e<a href=\"https:\/\/www.grandepremio.com\/br\/f1\/noticias\/lando-norris-puxa-1-2-mclaren-tl2-arabia-saudita-gabriel-bortoleto-sofre-vazamento-fica-fora\/\"> bater seu companheiro de equipe<\/a>, <strong>Oscar Piastri<\/strong>, o brit\u00e2nico deu as cartas neste primeiro dia de pista na<strong> Ar\u00e1bia Saudita<\/strong>.<\/p>\n\n\n\n<p class=\"wp-block-paragraph\">At\u00e9 ent\u00e3o, os carros da <strong>McLaren<\/strong> se revezavam na ponta, em mais uma disputa particular entre Norris e Piastri. Houve um instante em que a diferen\u00e7a entre eles foi de somente 0s001, mas o brit\u00e2nico ainda l\u00edder do campeonato ficou com o primeiro posto.<\/p>\n\n\n\n<p class=\"wp-block-paragraph\">&#8220;Um bom come\u00e7o de fim de semana e um primeiro dia produtivo na pista, me sentindo confort\u00e1vel no carro e ganhando confian\u00e7a&#8221;, disse em entrevista ap\u00f3s os treinos livres.<\/p>\n\n\n\n<p class=\"wp-block-paragraph\">Lando quer apagar a m\u00e1 impress\u00e3o deixada nas corridas anteriores, por falta de competitividade mesmo tendo o melhor carro do grid. Assim, o piloto da McLaren vai para a classifica\u00e7\u00e3o com a confian\u00e7a no talo, querendo cravar a segunda pole da temporada 2025.<\/p>\n\n\n\n<figure class=\"wp-block-image size-large\"><img decoding=\"async\" src=\"https:\/\/www.grandepremio.com\/br\/wp-content\/uploads\/2025\/04\/arabia-saudita-2025-f1-treinos-livres-mclaren-lando-norris-afp-09-1200x800.jpg\" alt=\"\" class=\"wp-image-956496\"\/><figcaption class=\"wp-element-caption\">Lando Norris foi o mais r\u00e1pido da sexta-feira em Jed\u00e1 (Foto: AFP) <\/figcaption><\/figure>\n\n\n\n<p class=\"wp-block-paragraph\">&#8220;Temos bons dados dispon\u00edveis com muitas voltas registradas, ent\u00e3o continuarei trabalhando duro durante a noite com a equipe, focando nas diferentes \u00e1reas que identificamos em prepara\u00e7\u00e3o para a classifica\u00e7\u00e3o de amanh\u00e3&#8221;, completou Norris.<\/p>\n\n\n\n<p class=\"wp-block-paragraph\">A\u00a0<strong><a href=\"https:\/\/www.grandepremio.com\/br\/f1\/\" target=\"_blank\" rel=\"noreferrer noopener\"><\/a><a href=\"https:\/\/www.grandepremio.com\/br\/f1\/\" target=\"_blank\" rel=\"noreferrer noopener\">F\u00f3rmula 1<\/a><\/strong>\u00a0realiza o\u00a0<strong>GP da Ar\u00e1bia Saudita<\/strong>, em\u00a0<strong>Jed\u00e1<\/strong>, entre os dias 18 e 20 de abril, quinta etapa da\u00a0<strong>temporada 2025<\/strong>. O\u00a0<strong>GRANDE PR\u00caMIO<\/strong>\u00a0acompanha todas as atividades\u00a0<strong><a href=\"https:\/\/www.grandepremio.com\/br\/f1\/ao-vivo\" target=\"_blank\" rel=\"noreferrer noopener\">AO VIVO E EM\u00a0<\/a><a href=\"https:\/\/www.grandepremio.com\/br\/ao-vivo\/\" target=\"_blank\" rel=\"noreferrer noopener\">TEMPO REAL<\/a><\/strong>, al\u00e9m de classifica\u00e7\u00e3o e corrida em\u00a0<strong><a href=\"https:\/\/www.youtube.com\/@GrandePremio1\/streams\" target=\"_blank\" rel=\"noreferrer noopener\">SEGUNDA TELA no YouTube<\/a><\/strong>, em parceria com a Voz do Esporte.\u00a0<\/p>\n\n\n\n<p class=\"wp-block-paragraph\">No s\u00e1bado (19), o\u00a0<strong>TL3\u00a0<\/strong>acontece \u00e0s\u00a0<strong>10h30<\/strong>\u00a0(de Bras\u00edlia, GMT-3), ao passo que a\u00a0<strong>classifica\u00e7\u00e3o\u00a0<\/strong>ser\u00e1 \u00e0s\u00a0<strong>14h<\/strong>. Por fim, no\u00a0<strong>domingo\u00a0<\/strong>(20), os pilotos disputam o GP da Ar\u00e1bia Saudita\u00a0<strong>\u00e0s 14h<\/strong>. O\u00a0<strong>Briefing\u00a0<\/strong>chega para comentar na GPTV ap\u00f3s o fim de cada dia de atividades.<\/p>\n\n\n\n<p class=\"wp-block-paragraph\"><strong>\u25b6\ufe0f<\/strong>\u00a0<strong>Inscreva-se nos dois canais do GRANDE PR\u00caMIO no YouTube:\u00a0<a href=\"https:\/\/www.youtube.com\/channel\/UC9OlHEgxoaY6QY6nWPoiqQg?sub_confirmation=1\" target=\"_blank\" rel=\"noreferrer noopener\">GP<\/a>\u00a0|\u00a0<a href=\"https:\/\/www.youtube.com\/channel\/UC9csiS6q_C3C0FYhyr1rnFA?sub_confirmation=1\" target=\"_blank\" rel=\"noreferrer noopener\">GP2<\/a><\/strong><br>\u25b6\ufe0f\u00a0<strong><strong>OU\u00c7A TAMB\u00c9M:\u00a0Paddockast |\u00a0<\/strong><a href=\"https:\/\/www.grandepremio.com\/br\/f1\/noticias\/assim-acaba-que-historia-f1-revela-sobre-crise-red-bull-paddockast-188\/\"><strong>\u00c9 assim que acaba? O que hist\u00f3ria da F1 revela sobre crise da Red Bull<\/strong><\/a><\/strong><\/p>\n\n\n\n<figure class=\"wp-block-embed is-type-video is-provider-youtube wp-block-embed-youtube wp-embed-aspect-16-9 wp-has-aspect-ratio\"><div class=\"wp-block-embed__wrapper\">\n<iframe loading=\"lazy\" title=\"McLAREN DOMINA, VERSTAPPEN VOLTA, BORTOLETO EM 20\u00ba: TREINOS DA F1 NA AR\u00c1BIA SAUDITA | BRIEFING\" width=\"500\" height=\"281\" src=\"https:\/\/www.youtube.com\/embed\/hHVdMMO7dzU?feature=oembed\" frameborder=\"0\" allow=\"accelerometer; autoplay; clipboard-write; encrypted-media; gyroscope; picture-in-picture; web-share\" referrerpolicy=\"strict-origin-when-cross-origin\" allowfullscreen><\/iframe>\n<\/div><\/figure>\n","protected":false},"excerpt":{"rendered":"<p>Lando Norris quer apagar m\u00e1 impress\u00e3o das \u00faltimas corridas por n\u00e3o ser competitivo mesmo com o melhor carro do grid e, por isso, gostou do que viu com a McLaren na Ar\u00e1bia Saudita<\/p>\n","protected":false},"author":0,"featured_media":1000956374,"comment_status":"closed","ping_status":"closed","sticky":false,"template":"","format":"standard","meta":{"42wp_featured_image_caption":"","42wp_featured_image_credits":"","42wp_featured_video":"","42wp_featured_image_hidden":false,"42wp_authors_list":[],"footnotes":""},"categories":[2],"tags":[26271,5273,147,3630,180,3628,26266,34092,1491,28285,30840,26627,42644,31217,547,90,35129,2916,42001],"42wp_author":[47128],"class_list":["post-23917","post","type-post","status-publish","format-standard","has-post-thumbnail","hentry","category-f1","tag-calendario-f1","tag-classificacao-f1","tag-f1","tag-f1-2025","tag-formula-1","tag-formula-1-2025","tag-gp-da-arabia-saudita","tag-gp-da-arabia-saudita-f1","tag-grande-premio","tag-grandepremio","tag-horarios-f1","tag-jeda","tag-jeda-2025","tag-jeda-f1","tag-lando-norris","tag-mclaren","tag-onde-assistir-f1","tag-oscar-piastri","tag-temporada-2025-f1","42wp_author-guilherme-bloisi"],"_links":{"self":[{"href":"https:\/\/grandepremio.com\/br\/wp-json\/wp\/v2\/posts\/23917","targetHints":{"allow":["GET"]}}],"collection":[{"href":"https:\/\/grandepremio.com\/br\/wp-json\/wp\/v2\/posts"}],"about":[{"href":"https:\/\/grandepremio.com\/br\/wp-json\/wp\/v2\/types\/post"}],"replies":[{"embeddable":true,"href":"https:\/\/grandepremio.com\/br\/wp-json\/wp\/v2\/comments?post=23917"}],"version-history":[{"count":0,"href":"https:\/\/grandepremio.com\/br\/wp-json\/wp\/v2\/posts\/23917\/revisions"}],"wp:featuredmedia":[{"embeddable":true,"href":"https:\/\/grandepremio.com\/br\/wp-json\/wp\/v2\/media\/1000956374"}],"wp:attachment":[{"href":"https:\/\/grandepremio.com\/br\/wp-json\/wp\/v2\/media?parent=23917"}],"wp:term":[{"taxonomy":"category","embeddable":true,"href":"https:\/\/grandepremio.com\/br\/wp-json\/wp\/v2\/categories?post=23917"},{"taxonomy":"post_tag","embeddable":true,"href":"https:\/\/grandepremio.com\/br\/wp-json\/wp\/v2\/tags?post=23917"},{"taxonomy":"42wp_author","embeddable":true,"href":"https:\/\/grandepremio.com\/br\/wp-json\/wp\/v2\/42wp_author?post=23917"}],"curies":[{"name":"wp","href":"https:\/\/api.w.org\/{rel}","templated":true}]}}