{"id":23950,"date":"2025-04-17T17:48:50","date_gmt":"2025-04-17T20:48:50","guid":{"rendered":"https:\/\/grandepremio.com\/br\/noticias\/opel-surge-como-favorita-representar-stellantis-era-gen4-formula-e\/"},"modified":"2025-04-17T17:58:08","modified_gmt":"2025-04-17T20:58:08","slug":"opel-surge-como-favorita-representar-stellantis-era-gen4-formula-e","status":"publish","type":"post","link":"https:\/\/grandepremio.com\/br\/formula-e\/opel-surge-como-favorita-representar-stellantis-era-gen4-formula-e\/","title":{"rendered":"Opel surge como favorita para representar Stellantis na era Gen4 da F\u00f3rmula E"},"content":{"rendered":"\n<p class=\"wp-block-paragraph\">A <strong>F\u00f3rmula E<\/strong> pode ter mais uma marca forte no grid a partir da era <strong>Gen4<\/strong>. A <strong>Opel<\/strong>, antiga marca da <strong>General Motors<\/strong>, foi comprada pela <strong>Stellantis<\/strong> em 2021 e, de acordo com o portal ingl\u00eas <em>The Race<\/em>, est\u00e1 emergindo como favorita para representar o grupo no novo ciclo da categoria el\u00e9trica.<\/p>\n\n\n\n<p class=\"wp-block-paragraph\">Segundo o <em>The Race<\/em>, a Opel pode pode ser uma das pelo menos duas marcas do grupo a entrar na era Gen4, embora a <strong>Maserati<\/strong> \u2014 que foi anunciada em novembro de 2024 como parte do projeto para o novo conjunto de regras \u2014 n\u00e3o deva ser uma delas.<\/p>\n\n\n\n<p class=\"wp-block-paragraph\">A Opel possui uma hist\u00f3ria rica no automobilismo, sobretudo no rali. A marca venceu o t\u00edtulo de pilotos do <strong>Mundial de Rali<\/strong> de 1982 com o <strong>Ascona 400<\/strong> pilotado por <strong>Walter R\u00f6hrl<\/strong>.<\/p>\n\n\n\n<p class=\"wp-block-paragraph\">A d\u00e9cada de 1980 tamb\u00e9m foi quando a Opel se fortaleceu ao investir nos monopostos, atrav\u00e9s da <strong>Opel Euroseries<\/strong>, na qual pilotos como <strong>Mika Hakkinen<\/strong>, <strong>Allan McNish<\/strong>, <strong>Rubens Barrichello<\/strong> e <strong>Heinz-Harald Frentzen<\/strong> deram os primeiros passos nas pistas, al\u00e9m do<strong> DTM<\/strong> e, mais recentemente, na <strong>ADAC Opel Electric Rally Cup<\/strong> e o <strong>Opel Corsa Rally Electric<\/strong>.<\/p>\n\n\n\n<figure class=\"wp-block-image size-large\"><img decoding=\"async\" src=\"https:\/\/www.grandepremio.com\/br\/wp-content\/uploads\/2025\/04\/EP-MIAMIS-1200x675.webp\" alt=\"\" class=\"wp-image-956072\"\/><figcaption class=\"wp-element-caption\">Era Gen4 promete mudan\u00e7as no grid (Foto: F\u00f3rmula E)<\/figcaption><\/figure>\n\n\n\n<p class=\"wp-block-paragraph\"><strong>\u25b6\ufe0f Inscreva-se nos dois canais do GRANDE PR\u00caMIO no YouTube:\u00a0<a href=\"https:\/\/www.youtube.com\/channel\/UC9OlHEgxoaY6QY6nWPoiqQg?sub_confirmation=1\" target=\"_blank\" rel=\"noreferrer noopener\">GP<\/a>\u00a0|\u00a0<a href=\"https:\/\/www.youtube.com\/channel\/UC9csiS6q_C3C0FYhyr1rnFA?sub_confirmation=1\" target=\"_blank\" rel=\"noreferrer noopener\">GP2<\/a><\/strong><\/p>\n\n\n\n<p class=\"wp-block-paragraph\"><strong>Jean-Marc Finot<\/strong>, vice-presidente da Stellantis, foi questionado pelo site durante o <strong>eP de Miami<\/strong>, em <strong>Homestead<\/strong>, mas despistou. &#8220;At\u00e9 o momento, estamos discutindo com muitas marcas, ent\u00e3o n\u00e3o posso revelar nossa discuss\u00e3o interna&#8221;, disse o dirigente.<\/p>\n\n\n\n<p class=\"wp-block-paragraph\">&#8220;O&nbsp;programa em que estamos envolvidos com a Opel est\u00e1 muito bem adaptado \u00e0 marca. Estamos muito orgulhosos de termos trazido uma nova maneira de correr com um carro el\u00e9trico de rali. \u00c9 bom porque torna a Opel, como marca, muito acess\u00edvel aos clientes e ao p\u00fablico. Tamb\u00e9m \u00e9 bom para o futuro do rali, pois, quando corremos com carros el\u00e9tricos, somos bem recebidos por todos&#8221;, afirmou Finot.<\/p>\n\n\n\n<p class=\"wp-block-paragraph\">CEO da F\u00f3rmula E, <strong>Jeff Dodds<\/strong> tamb\u00e9m foi questionado sobre a possibilidade abriu as portas para a escolha da Stellantis. &#8220;Estou aguardando eles acharem que s\u00e3o as marcas certas e mais adequadas para a F\u00f3rmula E na pr\u00f3xima fase de sua jornada. Adoramos trabalhar com eles.\u00a0S\u00e3o muito transparentes conosco&#8221;, acrescentou.<\/p>\n\n\n\n<figure class=\"wp-block-image size-large\"><img decoding=\"async\" src=\"https:\/\/www.grandepremio.com\/br\/wp-content\/uploads\/2024\/12\/S0G_5171_u8JK9fcf_20241207123735-2048x2048-1-1200x800.jpg\" alt=\"\" class=\"wp-image-907263\"\/><figcaption class=\"wp-element-caption\">Jean-\u00c9ric Vergne (Foto: Simon Galloway\/LAT Images\/F\u00f3rmula E)<\/figcaption><\/figure>\n\n\n\n<p class=\"wp-block-paragraph\">A&nbsp;<a href=\"https:\/\/www.grandepremio.com\/br\/formula-e\/\" target=\"_blank\" rel=\"noreferrer noopener\">F\u00f3rmula E<\/a>&nbsp;volta a acelerar entre os dias 3 e 4 de maio com a rodada dupla do&nbsp;<strong>eP de&nbsp;<a href=\"https:\/\/www.grandepremio.com\/br\/circuito\/monaco\/\" target=\"_blank\" rel=\"noreferrer noopener\">M\u00f4naco<\/a><\/strong>. O&nbsp;<strong>GRANDE PR\u00caMIO<\/strong>&nbsp;faz cobertura completa do evento e transmite todas as atividades&nbsp;<strong>AO VIVO e COM IMAGENS<\/strong>&nbsp;pelo YouTube.<\/p>\n\n\n\n<p class=\"wp-block-paragraph\"><strong>\u25b6\ufe0f Inscreva-se nos dois canais do GRANDE PR\u00caMIO no YouTube:&nbsp;<a href=\"https:\/\/www.youtube.com\/channel\/UC9OlHEgxoaY6QY6nWPoiqQg?sub_confirmation=1\" target=\"_blank\" rel=\"noreferrer noopener\">GP<\/a>&nbsp;|&nbsp;<a href=\"https:\/\/www.youtube.com\/channel\/UC9csiS6q_C3C0FYhyr1rnFA?sub_confirmation=1\" target=\"_blank\" rel=\"noreferrer noopener\">GP2<\/a><\/strong><\/p>\n\n\n\n<figure class=\"wp-block-embed is-type-video is-provider-youtube wp-block-embed-youtube wp-embed-aspect-16-9 wp-has-aspect-ratio\"><div class=\"wp-block-embed__wrapper\">\n<iframe loading=\"lazy\" title=\"F\u00d3RMULA E 2024\/2025 COM IMAGENS | eP DE MIAMI | 5\u00aa ETAPA | CORRIDA\" width=\"500\" height=\"281\" src=\"https:\/\/www.youtube.com\/embed\/fApr6rjmlxk?feature=oembed\" frameborder=\"0\" allow=\"accelerometer; autoplay; clipboard-write; encrypted-media; gyroscope; picture-in-picture; web-share\" referrerpolicy=\"strict-origin-when-cross-origin\" allowfullscreen><\/iframe>\n<\/div><\/figure>\n","protected":false},"excerpt":{"rendered":"<p>De acordo com o portal ingl\u00eas The Race, a Opel, que foi comprada pela Stellantis em 2021, emergiu como uma das prov\u00e1veis equipes a fazer parte da F\u00f3rmula E na pr\u00f3xima gera\u00e7\u00e3o de monopostos<\/p>\n","protected":false},"author":0,"featured_media":1000956071,"comment_status":"closed","ping_status":"closed","sticky":false,"template":"","format":"standard","meta":{"42wp_featured_image_caption":"","42wp_featured_image_credits":"","42wp_featured_video":"","42wp_featured_image_hidden":false,"42wp_authors_list":[],"footnotes":""},"categories":[19],"tags":[28679,6853,31465,24173,840,38802,1491,28285,2229,35442,34875,8870,36219,43337,31378,41542],"42wp_author":[47161],"class_list":["post-23950","post","type-post","status-publish","format-standard","has-post-thumbnail","hentry","category-formula-e","tag-calendario-formula-e","tag-classificacao-formula-e","tag-ds-penske","tag-ep-de-miami","tag-formula-e","tag-formula-e-2025","tag-grande-premio","tag-grandepremio","tag-homestead","tag-horarios-formula-e","tag-jeff-dodds","tag-maserati","tag-onde-assistir-formula-e","tag-opel","tag-stellantis","tag-temporada-2025-da-formula-e","42wp_author-kaio-esteves"],"_links":{"self":[{"href":"https:\/\/grandepremio.com\/br\/wp-json\/wp\/v2\/posts\/23950","targetHints":{"allow":["GET"]}}],"collection":[{"href":"https:\/\/grandepremio.com\/br\/wp-json\/wp\/v2\/posts"}],"about":[{"href":"https:\/\/grandepremio.com\/br\/wp-json\/wp\/v2\/types\/post"}],"replies":[{"embeddable":true,"href":"https:\/\/grandepremio.com\/br\/wp-json\/wp\/v2\/comments?post=23950"}],"version-history":[{"count":0,"href":"https:\/\/grandepremio.com\/br\/wp-json\/wp\/v2\/posts\/23950\/revisions"}],"wp:featuredmedia":[{"embeddable":true,"href":"https:\/\/grandepremio.com\/br\/wp-json\/wp\/v2\/media\/1000956071"}],"wp:attachment":[{"href":"https:\/\/grandepremio.com\/br\/wp-json\/wp\/v2\/media?parent=23950"}],"wp:term":[{"taxonomy":"category","embeddable":true,"href":"https:\/\/grandepremio.com\/br\/wp-json\/wp\/v2\/categories?post=23950"},{"taxonomy":"post_tag","embeddable":true,"href":"https:\/\/grandepremio.com\/br\/wp-json\/wp\/v2\/tags?post=23950"},{"taxonomy":"42wp_author","embeddable":true,"href":"https:\/\/grandepremio.com\/br\/wp-json\/wp\/v2\/42wp_author?post=23950"}],"curies":[{"name":"wp","href":"https:\/\/api.w.org\/{rel}","templated":true}]}}