{"id":23952,"date":"2025-04-17T17:24:40","date_gmt":"2025-04-17T20:24:40","guid":{"rendered":"https:\/\/grandepremio.com\/br\/noticias\/indy-prepara-para-kyle-larson-esclarece-regras-substituicao-500-milhas-indianapolis\/"},"modified":"2025-04-17T17:59:37","modified_gmt":"2025-04-17T20:59:37","slug":"indy-prepara-para-kyle-larson-esclarece-regras-substituicao-500-milhas-indianapolis","status":"publish","type":"post","link":"https:\/\/grandepremio.com\/br\/indy\/indy-prepara-para-kyle-larson-esclarece-regras-substituicao-500-milhas-indianapolis\/","title":{"rendered":"Indy se prepara para Larson e esclarece regras de substitui\u00e7\u00e3o nas 500 Milhas de Indian\u00e1polis"},"content":{"rendered":"\n<p class=\"wp-block-paragraph\">A Indy anunciou nesta <strong>quinta-feira (17<\/strong>) altera\u00e7\u00f5es no regulamento para as <strong>500 Milhas de Indian\u00e1polis<\/strong>, marcado para o dia 25 de maio. Ap\u00f3s reuni\u00e3o com os chefes de equipe, a categoria listou uma s\u00e9rie de crit\u00e9rios para permitir a participa\u00e7\u00e3o de pilotos substitutos em claro sinal para avalizar a participa\u00e7\u00e3o de <strong>Kyle Larson<\/strong>, que vai tentar mais uma vez participar da <strong>Indy 500<\/strong> e a <strong>Charlotte 600<\/strong> no mesmo dia.<\/p>\n\n\n\n<p class=\"wp-block-paragraph\">Em 2024, Larson tentou a &#8220;Double-Duty&#8221;, como \u00e9 chamada a jornada dupla de Indy 500 e Charlotte 600 nos <strong>Estados Unidos<\/strong>. O campe\u00e3o da Nascar de 2021 priorizou a participa\u00e7\u00e3o na prova da Indy, que atrasou a largada em quase 4h por conta da chuva.<\/p>\n\n\n\n<p class=\"wp-block-paragraph\">Larson deixou o palco da Indy voando e chegou em Charlotte com a prova da Nascar em andamento. Uma bandeira vermelha \u2014 por causa da chuva \u2014 permitiu que o norte-americano entrasse no carro, mas o aguaceiro impediu o retorno da corrida. Por n\u00e3o ter competido nas 600 Milhas, o norte-americano precisou de uma autoriza\u00e7\u00e3o para continuar eleg\u00edvel para os play-offs.<\/p>\n\n\n\n<p class=\"wp-block-paragraph\">Para afastar qualquer possibilidade desse drama se repetir em 2025, Larson j\u00e1 anunciou que a prioridade neste ano ser\u00e1 a Nascar. Com isso, est\u00e1 estabelecido que <strong>Tony Kanaan<\/strong>, chefe da McLaren na Indy, assumir\u00e1 o <strong>#17<\/strong> em qualquer eventualidade. E as regras reveladas pela categoria endossam a possibilidade.<\/p>\n\n\n\n<figure class=\"wp-block-image size-large\"><img decoding=\"async\" src=\"https:\/\/www.grandepremio.com\/br\/wp-content\/uploads\/2024\/05\/Kyle-Larson-Indianapolis-500-Qualifying-By_-Karl-Zemlin_Large-Image-Without-Watermark_m104642-1200x800.jpg\" alt=\"\" class=\"wp-image-814996\"\/><figcaption class=\"wp-element-caption\">Kyle Larson disputou a Indy 500 pela primeira vez em 2024 (Foto: IndyCar)<\/figcaption><\/figure>\n\n\n\n<p class=\"wp-block-paragraph\">Em comunicado, a Indy sugeriu que s\u00f3 poder\u00e1 ter piloto substituto pilotos que forem participar &#8220;de outro evento relevante no mesmo dia&#8221; das 500 Milhas de Indian\u00e1polis, que s\u00f3 poder\u00e1 ser substitu\u00eddo por algum veterano que far\u00e1 o &#8220;refresher&#8221; [programa de pilotos com experi\u00eancia que n\u00e3o disputam a temporada completa] no primeiro dia de treinos livres para a prova. O reserva vai utilizar um dos 32 compostos de pneus separados para cada carro.<\/p>\n\n\n\n<p class=\"wp-block-paragraph\">No entanto, n\u00e3o estar\u00e1 permitido que o piloto substituto participe de outras sess\u00f5es da corrida \u2014 lembrando que a Indy 500 tem treinos livres nos dias 13, 14, 15, 16, 17, 19 e 23 de maio.<\/p>\n\n\n\n<p class=\"wp-block-paragraph\">A Indy n\u00e3o deixa claro se ser\u00e1 permitido realizar a troca durante a corrida, como aconteceu em 2004, quando Robby Gordon, que planejou fazer as duas provas, deixou o carro para Jaques Lazier assumir. Usando o artigo 8.1.8.6., a categoria menciona que o carro vai largar na \u00faltima posi\u00e7\u00e3o assim que for notificada a troca \u2014 mesmo que o time resolva chamar o titular de volta, o que est\u00e1 permitido.<\/p>\n\n\n\n<p class=\"wp-block-paragraph\">A\u00a0<strong><a href=\"https:\/\/www.grandepremio.com\/formula-indy\/\" target=\"_blank\" rel=\"noreferrer noopener\">Indy<\/a><\/strong>\u00a0retorna entre os dias 2 e 4 de maio com o\u00a0<strong>GP do Alabama<\/strong>, que ser\u00e1 realizado no\u00a0<strong><a href=\"https:\/\/www.grandepremio.com\/br\/circuito\/barber\/\" target=\"_blank\" rel=\"noreferrer noopener\">Barber<\/a>\u00a0Motorsports Park<\/strong>, e com cobertura completa do\u00a0<strong>GRANDE PR\u00caMIO<\/strong>.<\/p>\n\n\n\n<p class=\"wp-block-paragraph\">\u25b6\ufe0f\u00a0<strong>Inscreva-se nos dois canais do GRANDE PR\u00caMIO no YouTube:\u00a0<a href=\"https:\/\/www.youtube.com\/channel\/UC9OlHEgxoaY6QY6nWPoiqQg?sub_confirmation=1\" target=\"_blank\" rel=\"noreferrer noopener\">GP<\/a>\u00a0|\u00a0<a href=\"https:\/\/www.youtube.com\/channel\/UC9csiS6q_C3C0FYhyr1rnFA?sub_confirmation=1\" target=\"_blank\" rel=\"noreferrer noopener\">GP2<\/a><\/strong><\/p>\n\n\n\n\n\n\n\n<p class=\"wp-block-paragraph\"><\/p>\n","protected":false},"excerpt":{"rendered":"<p>Apesar de permitir piloto substituto, Indy n\u00e3o deixa claro se troca entre competidores vai ser poss\u00edvel ap\u00f3s in\u00edcio da 109\u00aa edi\u00e7\u00e3o da prova<\/p>\n","protected":false},"author":0,"featured_media":1000819761,"comment_status":"closed","ping_status":"closed","sticky":false,"template":"","format":"standard","meta":{"42wp_featured_image_caption":"","42wp_featured_image_credits":"","42wp_featured_video":"","42wp_featured_image_hidden":false,"42wp_authors_list":[],"footnotes":""},"categories":[3],"tags":[2980,28552,3311,6133,1491,28285,35361,93,39054,232,3201,90,411,29784,5021,986,321],"42wp_author":[47155],"class_list":["post-23952","post","type-post","status-publish","format-standard","has-post-thumbnail","hentry","category-indy","tag-500-milhas-indianapolis","tag-calendario-indy","tag-charlotte","tag-classificacao-indy","tag-grande-premio","tag-grandepremio","tag-horarios-indy","tag-indy","tag-indy-2025","tag-indy-500","tag-kyle-larson","tag-mclaren","tag-nascar","tag-onde-assistir-indy","tag-piloto","tag-reserva","tag-tony-kanaan","42wp_author-daniel-balsa"],"_links":{"self":[{"href":"https:\/\/grandepremio.com\/br\/wp-json\/wp\/v2\/posts\/23952","targetHints":{"allow":["GET"]}}],"collection":[{"href":"https:\/\/grandepremio.com\/br\/wp-json\/wp\/v2\/posts"}],"about":[{"href":"https:\/\/grandepremio.com\/br\/wp-json\/wp\/v2\/types\/post"}],"replies":[{"embeddable":true,"href":"https:\/\/grandepremio.com\/br\/wp-json\/wp\/v2\/comments?post=23952"}],"version-history":[{"count":0,"href":"https:\/\/grandepremio.com\/br\/wp-json\/wp\/v2\/posts\/23952\/revisions"}],"wp:featuredmedia":[{"embeddable":true,"href":"https:\/\/grandepremio.com\/br\/wp-json\/wp\/v2\/media\/1000819761"}],"wp:attachment":[{"href":"https:\/\/grandepremio.com\/br\/wp-json\/wp\/v2\/media?parent=23952"}],"wp:term":[{"taxonomy":"category","embeddable":true,"href":"https:\/\/grandepremio.com\/br\/wp-json\/wp\/v2\/categories?post=23952"},{"taxonomy":"post_tag","embeddable":true,"href":"https:\/\/grandepremio.com\/br\/wp-json\/wp\/v2\/tags?post=23952"},{"taxonomy":"42wp_author","embeddable":true,"href":"https:\/\/grandepremio.com\/br\/wp-json\/wp\/v2\/42wp_author?post=23952"}],"curies":[{"name":"wp","href":"https:\/\/api.w.org\/{rel}","templated":true}]}}