{"id":23979,"date":"2025-04-17T10:19:39","date_gmt":"2025-04-17T13:19:39","guid":{"rendered":"https:\/\/grandepremio.com\/br\/noticias\/mark-webber-exalta-inteligencia-oscar-piastri-destaca-grande-trabalho-f1-2025\/"},"modified":"2025-04-17T10:22:36","modified_gmt":"2025-04-17T13:22:36","slug":"mark-webber-exalta-inteligencia-oscar-piastri-destaca-grande-trabalho-f1-2025","status":"publish","type":"post","link":"https:\/\/grandepremio.com\/br\/f1\/mark-webber-exalta-inteligencia-oscar-piastri-destaca-grande-trabalho-f1-2025\/","title":{"rendered":"Webber exalta &#8220;intelig\u00eancia&#8221; de Piastri e destaca &#8220;grande trabalho&#8221; no in\u00edcio da F1 2025"},"content":{"rendered":"\n<p class=\"wp-block-paragraph\">A temporada 2025 da<strong> F\u00f3rmula 1<\/strong> come\u00e7ou positiva para <strong>Oscar Piastri<\/strong>, com duas vit\u00f3rias em quatro etapas, entrando de vez na luta pelo t\u00edtulo contra o companheiro <strong>Lando Norris<\/strong>. E o australiano possui apenas 50 provas na categoria, por isso os bons resultados renderam elogios do empres\u00e1rio e ex-piloto <strong>Mark Webber<\/strong>.<\/p>\n\n\n\n<p class=\"wp-block-paragraph\">Para o ex-<strong>Red Bull<\/strong>, que venceu em nove oportunidades na F1, Piastri tem se colocado como forte candidato ao t\u00edtulo, mas destacou que n\u00e3o \u00e9 f\u00e1cil vencer mesmo com o melhor carro do ano, com exemplos no passado, inclusive na pr\u00f3pria <strong>McLaren<\/strong>.<\/p>\n\n\n\n<p class=\"wp-block-paragraph\">&#8220;Quatro vit\u00f3rias e 13 p\u00f3dios em sua breve carreira. Deve ser um grande peso para ele. Como sabemos, voc\u00ea pode ter o melhor carro, mas n\u00e3o \u00e9 f\u00e1cil converter oportunidades. Ele [Piastri] transformou duas poles em vit\u00f3rias, ent\u00e3o vemos rapidamente na carreira que est\u00e1 fazendo um grande trabalho&#8221;, afirmou.<\/p>\n\n\n\n<p class=\"wp-block-paragraph\"><strong>\u25b6\ufe0f\u00a0Inscreva-se nos dois canais do GRANDE PR\u00caMIO no YouTube:\u00a0<a href=\"https:\/\/www.youtube.com\/channel\/UC9OlHEgxoaY6QY6nWPoiqQg?sub_confirmation=1\" target=\"_blank\" rel=\"noreferrer noopener\">GP<\/a>\u00a0|\u00a0<a href=\"https:\/\/www.youtube.com\/channel\/UC9csiS6q_C3C0FYhyr1rnFA?sub_confirmation=1\" target=\"_blank\" rel=\"noreferrer noopener\">GP2<\/a><\/strong><\/p>\n\n\n\n<figure class=\"wp-block-image size-large\"><img decoding=\"async\" src=\"https:\/\/www.grandepremio.com\/br\/wp-content\/uploads\/2025\/04\/bahrein-2025-f1-corrida-mclaren-oscar-piastri-afp-03-1200x800.jpg\" alt=\"\" class=\"wp-image-954225\"\/><figcaption class=\"wp-element-caption\">Oscar Piastri dominou no Bahrein: pole e vit\u00f3ria incontest\u00e1veis (Foto: AFP) <\/figcaption><\/figure>\n\n\n\n<p class=\"wp-block-paragraph\">&#8220;J\u00e1 \u00e9 uma grande sorte quando vence algumas poucas [corridas], como ele fez. Todas podem ser diferentes e esta [no Bahrein] foi a mais tranquila de todas elas, mas v\u00e3o existir outras estressantes no futuro. Foi bem em todo o fim de semana, pois \u00e9 um circuito que necessitava trabalhar, como Xangai, e venceu ambas&#8221;, acrescentou Webber.<\/p>\n\n\n\n<p class=\"wp-block-paragraph\">&#8220;Sabemos como os carros atuais s\u00e3o sens\u00edveis, mas o garoto mostra intelig\u00eancia e entendimento de onde precisa melhorar&#8221;, finalizou o ex-piloto.<\/p>\n\n\n\n<p class=\"wp-block-paragraph\">A\u00a0<strong><a href=\"https:\/\/www.grandepremio.com\/br\/f1\/\" target=\"_blank\" rel=\"noreferrer noopener\"><\/a><a href=\"https:\/\/www.grandepremio.com\/br\/f1\/\" target=\"_blank\" rel=\"noreferrer noopener\">F\u00f3rmula 1<\/a><\/strong>\u00a0realiza o\u00a0<strong>GP da Ar\u00e1bia Saudita<\/strong>, em\u00a0<strong>Jed\u00e1<\/strong>, entre os dias 18 e 20 de abril, quinta etapa da\u00a0<strong>temporada 2025<\/strong>. O\u00a0<strong>GRANDE PR\u00caMIO<\/strong>\u00a0acompanha todas as atividades\u00a0<strong><a href=\"https:\/\/www.grandepremio.com\/br\/f1\/ao-vivo\" target=\"_blank\" rel=\"noreferrer noopener\">AO VIVO E EM\u00a0<\/a><a href=\"https:\/\/www.grandepremio.com\/br\/ao-vivo\/\" target=\"_blank\" rel=\"noreferrer noopener\">TEMPO REAL<\/a><\/strong>, al\u00e9m de classifica\u00e7\u00e3o e corrida em\u00a0<strong><a href=\"https:\/\/www.youtube.com\/@GrandePremio1\/streams\" target=\"_blank\" rel=\"noreferrer noopener\">SEGUNDA TELA no YouTube<\/a><\/strong>, em parceria com a Voz do Esporte. \u00c0s\u00a0<strong>10h30 (de Bras\u00edlia, GMT-3)\u00a0<\/strong>de\u00a0<strong>sexta-feira<\/strong>\u00a0(18), os pilotos realizam o<strong>\u00a0treino livre 1<\/strong>. Depois,\u00a0<strong>\u00e0s 14h<\/strong>, retornam para o\u00a0<strong>segundo treino livre<\/strong>. No s\u00e1bado (19), o\u00a0<strong>TL3\u00a0<\/strong>acontece \u00e0s\u00a0<strong>10h30<\/strong>, ao passo que a\u00a0<strong>classifica\u00e7\u00e3o\u00a0<\/strong>ser\u00e1 \u00e0s\u00a0<strong>14h<\/strong>. Por fim, no\u00a0<strong>domingo\u00a0<\/strong>(20), os pilotos disputam o GP da Ar\u00e1bia Saudita\u00a0<strong>\u00e0s 14h<\/strong>. O\u00a0<strong>Briefing\u00a0<\/strong>chega para comentar na GPTV ap\u00f3s o fim de cada dia de atividades.<\/p>\n\n\n\n<p class=\"wp-block-paragraph\">\u25b6\ufe0f\u00a0<strong>OU\u00c7A TAMB\u00c9M:\u00a0<\/strong><a href=\"https:\/\/www.grandepremio.com\/br\/f1\/noticias\/assim-acaba-que-historia-f1-revela-sobre-crise-red-bull-paddockast-188\/\"><strong>\u00c9 assim que acaba? O que hist\u00f3ria da F1 revela sobre a crise da Red Bull | Paddockast #188<\/strong><\/a><\/p>\n\n\n\n<figure class=\"wp-block-embed is-type-video is-provider-youtube wp-block-embed-youtube wp-embed-aspect-16-9 wp-has-aspect-ratio\"><div class=\"wp-block-embed__wrapper\">\n<iframe loading=\"lazy\" title=\"NEM NORRIS SABE COMO LIDERA EM 2025 E FIA TRANSFORMOU F1 EM NASCAR? | TTGP #175\" width=\"500\" height=\"281\" src=\"https:\/\/www.youtube.com\/embed\/tg24NMFctpM?feature=oembed\" frameborder=\"0\" allow=\"accelerometer; autoplay; clipboard-write; encrypted-media; gyroscope; picture-in-picture; web-share\" referrerpolicy=\"strict-origin-when-cross-origin\" allowfullscreen><\/iframe>\n<\/div><\/figure>\n","protected":false},"excerpt":{"rendered":"<p>Mark Webber, ex-piloto e empres\u00e1rio de Oscar Piastri, elogiou o trabalho feito pelo australiano nas primeiras etapas da F1 2025. E ainda valorizou a confort\u00e1vel vit\u00f3ria no Bahrein, quando o piloto da McLaren saiu na pole e n\u00e3o foi incomodado at\u00e9 a bandeirada final<\/p>\n","protected":false},"author":0,"featured_media":1000954360,"comment_status":"closed","ping_status":"closed","sticky":false,"template":"","format":"standard","meta":{"42wp_featured_image_caption":"","42wp_featured_image_credits":"","42wp_featured_video":"","42wp_featured_image_hidden":false,"42wp_authors_list":[],"footnotes":""},"categories":[2],"tags":[26271,5273,147,3630,180,3628,26266,1491,28285,30840,26627,2913,90,35129,2916,42001],"42wp_author":[47135],"class_list":["post-23979","post","type-post","status-publish","format-standard","has-post-thumbnail","hentry","category-f1","tag-calendario-f1","tag-classificacao-f1","tag-f1","tag-f1-2025","tag-formula-1","tag-formula-1-2025","tag-gp-da-arabia-saudita","tag-grande-premio","tag-grandepremio","tag-horarios-f1","tag-jeda","tag-mark-webber","tag-mclaren","tag-onde-assistir-f1","tag-oscar-piastri","tag-temporada-2025-f1","42wp_author-pedro-luis-cuenca"],"_links":{"self":[{"href":"https:\/\/grandepremio.com\/br\/wp-json\/wp\/v2\/posts\/23979","targetHints":{"allow":["GET"]}}],"collection":[{"href":"https:\/\/grandepremio.com\/br\/wp-json\/wp\/v2\/posts"}],"about":[{"href":"https:\/\/grandepremio.com\/br\/wp-json\/wp\/v2\/types\/post"}],"replies":[{"embeddable":true,"href":"https:\/\/grandepremio.com\/br\/wp-json\/wp\/v2\/comments?post=23979"}],"version-history":[{"count":0,"href":"https:\/\/grandepremio.com\/br\/wp-json\/wp\/v2\/posts\/23979\/revisions"}],"wp:featuredmedia":[{"embeddable":true,"href":"https:\/\/grandepremio.com\/br\/wp-json\/wp\/v2\/media\/1000954360"}],"wp:attachment":[{"href":"https:\/\/grandepremio.com\/br\/wp-json\/wp\/v2\/media?parent=23979"}],"wp:term":[{"taxonomy":"category","embeddable":true,"href":"https:\/\/grandepremio.com\/br\/wp-json\/wp\/v2\/categories?post=23979"},{"taxonomy":"post_tag","embeddable":true,"href":"https:\/\/grandepremio.com\/br\/wp-json\/wp\/v2\/tags?post=23979"},{"taxonomy":"42wp_author","embeddable":true,"href":"https:\/\/grandepremio.com\/br\/wp-json\/wp\/v2\/42wp_author?post=23979"}],"curies":[{"name":"wp","href":"https:\/\/api.w.org\/{rel}","templated":true}]}}