{"id":23987,"date":"2025-04-17T08:00:00","date_gmt":"2025-04-17T11:00:00","guid":{"rendered":"https:\/\/grandepremio.com\/br\/noticias\/assim-acaba-que-historia-f1-revela-sobre-crise-red-bull-paddockast-188\/"},"modified":"2025-04-30T16:22:12","modified_gmt":"2025-04-30T19:22:12","slug":"assim-acaba-que-historia-f1-revela-sobre-crise-red-bull-paddockast-188","status":"publish","type":"post","link":"https:\/\/grandepremio.com\/br\/f1\/assim-acaba-que-historia-f1-revela-sobre-crise-red-bull-paddockast-188\/","title":{"rendered":"\u00c9 assim que acaba? O que hist\u00f3ria da F1 revela sobre a crise da Red Bull | Paddockast #188"},"content":{"rendered":"\n<p class=\"wp-block-paragraph\">O <strong>PADDOCKAST<\/strong>, o podcast do <strong>GRANDE PR\u00caMIO<\/strong>, segue, nesta temporada, em edi\u00e7\u00f5es especiais, comemorando os 75 anos da <strong>F\u00f3rmula 1<\/strong>. E desta vez, o assunto \u00e9 a <strong>Red Bull<\/strong>. A <a href=\"https:\/\/www.grandepremio.com\/br\/f1\/noticias\/red-bull-mergulha-crise-helmut-marko-se-perde-virar-consultor-max-verstappen\/\">crise na garagem austr\u00edaca ganhou as manchetes ap\u00f3s o desastroso<\/a><strong> GP do Bahrein<\/strong> e as consequ\u00eancias podem ainda levar o time a uma queda sem precedentes. Por isso, o epis\u00f3dio desta quinta-feira (17) tenta decifrar os energ\u00e9ticos e o que pode acontecer daqui em diante.<\/p>\n\n\n\n<p class=\"wp-block-paragraph\"><strong>OU\u00c7A TAMB\u00c9M:<br>\u25b6\ufe0f<\/strong>&nbsp;<strong><a href=\"https:\/\/www.grandepremio.com\/br\/f1\/noticias\/popular-e-em-forma-como-a-formula-1-chega-aos-75-anos-paddockast-184\/\">Popular e em forma: como a&nbsp;<\/a><a href=\"https:\/\/www.grandepremio.com\/br\/f1\/\" target=\"_blank\" rel=\"noreferrer noopener\">F\u00f3rmula 1<\/a>&nbsp;chega aos 75 anos | Paddockast #184<\/strong><br>\u25b6\ufe0f&nbsp;<a href=\"https:\/\/www.grandepremio.com\/br\/f1\/noticias\/como-bernie-ecclestone-moldou-f1-entregou-relevancia-anos-guerra-paddockast-185\/\"><strong>Como Ecclestone moldou F1 e deu relev\u00e2ncia em anos de guerra | Paddockast #185<\/strong><\/a><br>\u25b6\ufe0f<strong><a href=\"https:\/\/www.grandepremio.com\/br\/f1\/noticias\/eddie-jordan-adeus-ultimo-garagistas-formula-1-paddockast-185\/\">&nbsp;Eddie Jordan e o adeus do \u00faltimo dos garagistas da F\u00f3rmula 1 | Paddockast #186<\/a><\/strong><br>\u25b6\ufe0f <strong><a href=\"https:\/\/www.grandepremio.com\/br\/f1\/noticias\/do-impacto-motores-v6-hibridos-chance-v10-qual-futuro-f1-paddockast-187\/\">Do impacto dos V6 h\u00edbridos \u00e0 chance dos V10: qual \u00e9 o futuro da F1? | Paddockast #187<\/a><\/strong><br>\u25b6\ufe0f&nbsp;<strong>Inscreva-se nos dois canais do GRANDE PR\u00caMIO no YouTube:&nbsp;<a href=\"https:\/\/www.youtube.com\/channel\/UC9OlHEgxoaY6QY6nWPoiqQg?sub_confirmation=1\" target=\"_blank\" rel=\"noreferrer noopener\">GP<\/a>&nbsp;|&nbsp;<a href=\"https:\/\/www.youtube.com\/channel\/UC9csiS6q_C3C0FYhyr1rnFA?sub_confirmation=1\" target=\"_blank\" rel=\"noreferrer noopener\">GP2<\/a><\/strong><\/p>\n\n\n\n<p class=\"wp-block-paragraph\"><strong>Evelyn Guimar\u00e3es<\/strong> e<strong> Gabriel Curty<\/strong> lembra os problemas passados e a quest\u00e3o do carro de 2025, al\u00e9m do comportamento de <strong>Max Verstappen<\/strong> e da postura da chefia da equipe taurina. Ainda, a edi\u00e7\u00e3o vai recorrer ao passado para entender quais s\u00e3o os riscos do time neste momento.<\/p>\n\n\n\n<p class=\"wp-block-paragraph\">Com produ\u00e7\u00e3o de <strong>Rodrigo Berton<\/strong>, o <strong>GRANDE PR\u00caMIO<\/strong> publica o <strong>PADDOCKAST<\/strong> toda a quinta-feira, \u00e0s v\u00e9speras de etapa do Mundial, nos principais agregadores de podcast.<\/p>\n\n\n\n<p class=\"wp-block-paragraph\"><strong>OU\u00c7A AQUI:<\/strong><\/p>\n\n\n\n<figure class=\"wp-block-embed is-type-rich is-provider-spotify wp-block-embed-spotify wp-embed-aspect-21-9 wp-has-aspect-ratio\"><div class=\"wp-block-embed__wrapper\">\n<iframe title=\"Spotify Embed: \u00c9 ASSIM QUE ACABA? CRISE NA RED BULL V\u00ca PARALELOS NA HIST\u00d3RIA, MAS TEM POTENCIAL SEM PRECEDENTES | PADDOCKAST #188\" style=\"border-radius: 12px\" width=\"100%\" height=\"152\" frameborder=\"0\" allowfullscreen allow=\"autoplay; clipboard-write; encrypted-media; fullscreen; picture-in-picture\" loading=\"lazy\" src=\"https:\/\/open.spotify.com\/embed\/episode\/7ies2GYXL6lHLIPYM5ohgy?si=5P3NOxDfSdiW5ijz0V9NYw&amp;utm_source=oembed\"><\/iframe>\n<\/div><\/figure>\n\n\n\n<p class=\"wp-block-paragraph\">Outras op\u00e7\u00f5es:&nbsp;<strong><a href=\"https:\/\/www.subscribeonandroid.com\/www.central3.com.br\/category\/podcasts\/paddockast\/feed\/podcast\/\">Android<\/a>&nbsp;|&nbsp;<a href=\"https:\/\/castbox.fm\/episode\/Paddockcast-180%3A-Las-Vegas-e-Catar-dentro%2C-China-fora%3A-o-que-esperar-do-calend%C3%A1rio-da-F1-2023--id3617140-id559007752?country=br\">Castbox<\/a>&nbsp;|&nbsp;<a href=\"https:\/\/www.deezer.com\/br\/show\/1238012?deferredFl=1\">Deezer<\/a>&nbsp;|&nbsp;<a href=\"https:\/\/podcasts.google.com\/feed\/aHR0cHM6Ly93d3cuc3ByZWFrZXIuY29tL3Nob3cvNDcxMjEzOC9lcGlzb2Rlcy9mZWVk\/episode\/aHR0cHM6Ly9hcGkuc3ByZWFrZXIuY29tL2VwaXNvZGUvNTIzMDE4NDM?sa=X&amp;ved=0CAUQkfYCahcKEwj4jb21-Z78AhUAAAAAHQAAAAAQCg\">Google Podcasts<\/a>&nbsp;|&nbsp;<a href=\"https:\/\/www.listennotes.com\/podcasts\/grande-pr%C3%AAmio-central-3-podcasts-3hRaHMLeAsl\/\">Listen Notes<\/a>&nbsp;|&nbsp;<a href=\"https:\/\/podcasts.apple.com\/br\/podcast\/paddockcast-180-las-vegas-e-catar-dentro-china-fora\/id1371540198?i=1000591579229\">iTunes<\/a>&nbsp;|&nbsp;<a href=\"https:\/\/player.fm\/series\/grande-premio\/paddockcast-180-las-vegas-e-catar-dentro-china-fora-o-que-esperar-do-calendario-da-f1-2023\">playerFM<\/a><\/strong>&nbsp;|&nbsp;<strong><a href=\"https:\/\/www.spreaker.com\/user\/central3\/180-mPQQKZ\">Spreaker<\/a><\/strong><\/p>\n","protected":false},"excerpt":{"rendered":"<p>O PADDOCKAST, o podcast do GRANDE PR\u00caMIO, chega nesta quinta-feira (17) para falar da Red Bull. Como vem acontecendo, as edi\u00e7\u00f5es de 2025 s\u00e3o especiais e comemoram os 75 anos da F1. E neste cen\u00e1rio, Evelyn Guimar\u00e3es e Gabriel Curty discutem a crise nas garagens austr\u00edacas. Isso porque outras hegemonias no Mundial chegaram ao fim quase da mesma forma, mas, no caso dos taurinos, h\u00e1 alguns elementos particulares, muito diferentes daquilo que aconteceu com Mercedes, Ferrari, McLaren e Williams<\/p>\n","protected":false},"author":0,"featured_media":1000952805,"comment_status":"closed","ping_status":"closed","sticky":false,"template":"","format":"standard","meta":{"42wp_featured_image_caption":"","42wp_featured_image_credits":"","42wp_featured_video":"","42wp_featured_image_hidden":false,"42wp_authors_list":[],"footnotes":""},"categories":[2],"tags":[655,147,3630,207,258,203,90,82,162,166,204,215],"42wp_author":[47115],"class_list":["post-23987","post","type-post","status-publish","format-standard","has-post-thumbnail","hentry","category-f1","tag-christian-horner","tag-f1","tag-f1-2025","tag-ferrari","tag-helmut-marko","tag-max-verstappen","tag-mclaren","tag-mercedes","tag-paddockast","tag-podcast","tag-red-bull","tag-williams","42wp_author-evelyn-guimaraes"],"_links":{"self":[{"href":"https:\/\/grandepremio.com\/br\/wp-json\/wp\/v2\/posts\/23987","targetHints":{"allow":["GET"]}}],"collection":[{"href":"https:\/\/grandepremio.com\/br\/wp-json\/wp\/v2\/posts"}],"about":[{"href":"https:\/\/grandepremio.com\/br\/wp-json\/wp\/v2\/types\/post"}],"replies":[{"embeddable":true,"href":"https:\/\/grandepremio.com\/br\/wp-json\/wp\/v2\/comments?post=23987"}],"version-history":[{"count":0,"href":"https:\/\/grandepremio.com\/br\/wp-json\/wp\/v2\/posts\/23987\/revisions"}],"wp:featuredmedia":[{"embeddable":true,"href":"https:\/\/grandepremio.com\/br\/wp-json\/wp\/v2\/media\/1000952805"}],"wp:attachment":[{"href":"https:\/\/grandepremio.com\/br\/wp-json\/wp\/v2\/media?parent=23987"}],"wp:term":[{"taxonomy":"category","embeddable":true,"href":"https:\/\/grandepremio.com\/br\/wp-json\/wp\/v2\/categories?post=23987"},{"taxonomy":"post_tag","embeddable":true,"href":"https:\/\/grandepremio.com\/br\/wp-json\/wp\/v2\/tags?post=23987"},{"taxonomy":"42wp_author","embeddable":true,"href":"https:\/\/grandepremio.com\/br\/wp-json\/wp\/v2\/42wp_author?post=23987"}],"curies":[{"name":"wp","href":"https:\/\/api.w.org\/{rel}","templated":true}]}}