{"id":23991,"date":"2025-04-17T04:45:00","date_gmt":"2025-04-17T07:45:00","guid":{"rendered":"https:\/\/grandepremio.com\/br\/noticias\/ceo-ve-motivacao-implacavel-ferrari-diz-objetivo-f1-2025-claro-vencer\/"},"modified":"2025-04-17T07:21:47","modified_gmt":"2025-04-17T10:21:47","slug":"ceo-ve-motivacao-implacavel-ferrari-diz-objetivo-f1-2025-claro-vencer","status":"publish","type":"post","link":"https:\/\/grandepremio.com\/br\/f1\/ceo-ve-motivacao-implacavel-ferrari-diz-objetivo-f1-2025-claro-vencer\/","title":{"rendered":"CEO v\u00ea &#8220;motiva\u00e7\u00e3o implac\u00e1vel&#8221; na Ferrari diz que objetivo na F1 2025 \u00e9 claro: &#8220;Vencer&#8221;"},"content":{"rendered":"\n<p class=\"wp-block-paragraph\">Ainda que a <strong>Ferrari<\/strong> tenha come\u00e7ado a temporada 2025 da <strong>F\u00f3rmula 1<\/strong> de maneira bastante aqu\u00e9m das expectativas criadas, sobretudo com a chegada de <strong>Lewis Hamilton<\/strong>, o pensamento dentro do time \u00e9 claro e objetivo: vencer. Pelo menos \u00e9 o que garante o CEO da marca,&nbsp;<strong>Benedetto&nbsp;Vigna<\/strong>.<\/p>\n\n\n\n<p class=\"wp-block-paragraph\">A equipe ainda patina na F1 em busca de ritmo, com <strong>Charles Leclerc<\/strong> conseguindo extrair potencial razo\u00e1vel da <strong>SF-25<\/strong> e Hamilton sofrendo para encontrar o estilo do b\u00f3lido em seu ano de estreia. A Ferrari tentou um salto de evolu\u00e7\u00e3o no <strong>GP do Bahrein<\/strong>, mas a competitividade para desafiar <strong>Mercedes<\/strong> e <strong>McLaren<\/strong>, mais uma vez, n\u00e3o apareceu.<\/p>\n\n\n\n<p class=\"wp-block-paragraph\">&#8220;Na F\u00f3rmula 1, a equipe est\u00e1 mais focada do que nunca em lutar por p\u00f3dios e vit\u00f3rias, progredindo e alimentada por uma motiva\u00e7\u00e3o implac\u00e1vel&#8221;, disse Vigna. <\/p>\n\n\n\n<p class=\"wp-block-paragraph\">&#8220;Em 2025, estamos comprometidos em competir no mais alto n\u00edvel nos campeonatos de F\u00f3rmula 1 e Endurance, com uma equipe fortalecida e um objetivo claro: vencer&#8221;, completou o dirigente.<\/p>\n\n\n\n<figure class=\"wp-block-image size-large\"><img decoding=\"async\" src=\"https:\/\/www.grandepremio.com\/br\/wp-content\/uploads\/2025\/04\/bahrein-2025-f1-corrida-ferrari-lewis-hamilton-afp-01-1200x800.jpg\" alt=\"\" class=\"wp-image-954220\"\/><figcaption class=\"wp-element-caption\">Lewis Hamilton (Foto: AFP) <\/figcaption><\/figure>\n\n\n\n<p class=\"wp-block-paragraph\">Se na F1 o momento n\u00e3o \u00e9 bom, no <strong>Mundial de Endurance (WEC)<\/strong>, a Ferrari vive o oposto ap\u00f3s conseguir as tr\u00eas posi\u00e7\u00f5es do p\u00f3dio durante os <strong>1.812 km do Catar<\/strong> na classe dos hipercarros, que abriu a temporada 2025 da categoria.<\/p>\n\n\n\n<p class=\"wp-block-paragraph\">&#8220;Parab\u00e9ns para toda a equipe pelo hist\u00f3rico hat-trick alcan\u00e7ado no Catar, em fevereiro, durante a corrida de abertura do Mundial de Endurance. N\u00e3o poder\u00edamos ter come\u00e7ado de um jeito melhor, e \u00e9 importante manter sempre as quatro rodas no ch\u00e3o&#8221;, encerrou o dirigente italiano.<\/p>\n\n\n\n<p class=\"wp-block-paragraph\">A&nbsp;<a href=\"https:\/\/www.grandepremio.com\/br\/f1\/\" target=\"_blank\" rel=\"noreferrer noopener\"><\/a><a href=\"https:\/\/www.grandepremio.com\/br\/f1\/\" target=\"_blank\" rel=\"noreferrer noopener\">F\u00f3rmula 1<\/a>&nbsp;volta de 18 a 20 de abril em&nbsp;<strong><a href=\"https:\/\/www.grandepremio.com\/br\/circuito\/jeda\/\" target=\"_blank\" rel=\"noreferrer noopener\">Jed\u00e1<\/a><\/strong>, palco do<strong>&nbsp;GP da Ar\u00e1bia Saudita<\/strong>, quinta etapa da temporada 2025.<\/p>\n\n\n\n<p class=\"wp-block-paragraph\"><strong>\u25b6\ufe0f&nbsp;Inscreva-se nos dois canais do GRANDE PR\u00caMIO no YouTube:&nbsp;<a href=\"https:\/\/www.youtube.com\/channel\/UC9OlHEgxoaY6QY6nWPoiqQg?sub_confirmation=1\" target=\"_blank\" rel=\"noreferrer noopener\">GP<\/a>&nbsp;|&nbsp;<a href=\"https:\/\/www.youtube.com\/channel\/UC9csiS6q_C3C0FYhyr1rnFA?sub_confirmation=1\" target=\"_blank\" rel=\"noreferrer noopener\">GP2<\/a><\/strong><\/p>\n\n\n\n<figure class=\"wp-block-embed is-type-video is-provider-youtube wp-block-embed-youtube wp-embed-aspect-16-9 wp-has-aspect-ratio\"><div class=\"wp-block-embed__wrapper\">\n<iframe loading=\"lazy\" title=\"SERA\u0301 QUE BORTOLETO TEM CRI\u0301TICOS DE VERDADE NA F1?\" width=\"500\" height=\"281\" src=\"https:\/\/www.youtube.com\/embed\/yC9EJQsrkKs?feature=oembed\" frameborder=\"0\" allow=\"accelerometer; autoplay; clipboard-write; encrypted-media; gyroscope; picture-in-picture; web-share\" referrerpolicy=\"strict-origin-when-cross-origin\" allowfullscreen><\/iframe>\n<\/div><\/figure>\n","protected":false},"excerpt":{"rendered":"<p>Benedetto\u00a0Vigna falou sobre trabalho da Ferrari na F\u00f3rmula 1 em 2025 e aproveitou para elogiar resultado da marca na etapa de estreia do Mundial de Endurance (WEC)<\/p>\n","protected":false},"author":0,"featured_media":1000919940,"comment_status":"closed","ping_status":"closed","sticky":false,"template":"","format":"standard","meta":{"42wp_featured_image_caption":"","42wp_featured_image_credits":"","42wp_featured_video":"","42wp_featured_image_hidden":false,"42wp_authors_list":[],"footnotes":""},"categories":[2],"tags":[28273,26271,209,5273,147,3630,207,180,3628,1322,1491,28285,30840,87,35129,42001,356],"42wp_author":[47161],"class_list":["post-23991","post","type-post","status-publish","format-standard","has-post-thumbnail","hentry","category-f1","tag-benedetto-vigna","tag-calendario-f1","tag-charles-leclerc","tag-classificacao-f1","tag-f1","tag-f1-2025","tag-ferrari","tag-formula-1","tag-formula-1-2025","tag-frederic-vasseur","tag-grande-premio","tag-grandepremio","tag-horarios-f1","tag-lewis-hamilton","tag-onde-assistir-f1","tag-temporada-2025-f1","tag-wec","42wp_author-kaio-esteves"],"_links":{"self":[{"href":"https:\/\/grandepremio.com\/br\/wp-json\/wp\/v2\/posts\/23991","targetHints":{"allow":["GET"]}}],"collection":[{"href":"https:\/\/grandepremio.com\/br\/wp-json\/wp\/v2\/posts"}],"about":[{"href":"https:\/\/grandepremio.com\/br\/wp-json\/wp\/v2\/types\/post"}],"replies":[{"embeddable":true,"href":"https:\/\/grandepremio.com\/br\/wp-json\/wp\/v2\/comments?post=23991"}],"version-history":[{"count":0,"href":"https:\/\/grandepremio.com\/br\/wp-json\/wp\/v2\/posts\/23991\/revisions"}],"wp:featuredmedia":[{"embeddable":true,"href":"https:\/\/grandepremio.com\/br\/wp-json\/wp\/v2\/media\/1000919940"}],"wp:attachment":[{"href":"https:\/\/grandepremio.com\/br\/wp-json\/wp\/v2\/media?parent=23991"}],"wp:term":[{"taxonomy":"category","embeddable":true,"href":"https:\/\/grandepremio.com\/br\/wp-json\/wp\/v2\/categories?post=23991"},{"taxonomy":"post_tag","embeddable":true,"href":"https:\/\/grandepremio.com\/br\/wp-json\/wp\/v2\/tags?post=23991"},{"taxonomy":"42wp_author","embeddable":true,"href":"https:\/\/grandepremio.com\/br\/wp-json\/wp\/v2\/42wp_author?post=23991"}],"curies":[{"name":"wp","href":"https:\/\/api.w.org\/{rel}","templated":true}]}}