{"id":24035,"date":"2025-04-15T21:28:15","date_gmt":"2025-04-16T00:28:15","guid":{"rendered":"https:\/\/grandepremio.com\/br\/noticias\/erika-hilton-processa-sergio-mauricio-danos-morais-comentario-transfobico\/"},"modified":"2025-04-17T16:37:39","modified_gmt":"2025-04-17T19:37:39","slug":"erika-hilton-processa-sergio-mauricio-danos-morais-comentario-transfobico","status":"publish","type":"post","link":"https:\/\/grandepremio.com\/br\/f1\/erika-hilton-processa-sergio-mauricio-danos-morais-comentario-transfobico\/","title":{"rendered":"Erika Hilton processa S\u00e9rgio Maur\u00edcio por danos morais ap\u00f3s coment\u00e1rio\u00a0transf\u00f3bico"},"content":{"rendered":"\n<p class=\"wp-block-paragraph\">A deputada federal <strong>Erika Hilton (PSOL-SP) <\/strong>entrou com uma a\u00e7\u00e3o de danos morais na Justi\u00e7a contra o narrador <strong>S\u00e9rgio Maur\u00edcio,<\/strong> da<strong> Band<\/strong>. A congressista pede o valor de R$ 70 mil na a\u00e7\u00e3o contra a voz da <strong>F\u00f3rmula 1<\/strong> na emissora do Morumbi. A informa\u00e7\u00e3o foi dada pelo portal F5, da Folha de S. Paulo.<\/p>\n\n\n\n<p class=\"wp-block-paragraph\">A a\u00e7\u00e3o foi protocolada na \u00faltima segunda-feira (14) e n\u00e3o tem data para ser julgada. O caso ser\u00e1 apreciado na 6\u00aa Vara C\u00edvel do Tribunal de Justi\u00e7a de S\u00e3o Paulo. A expectativa \u00e9 que o narrador seja notificado nos pr\u00f3ximos dias.<\/p>\n\n\n\n<p class=\"wp-block-paragraph\">O caso aconteceu em fevereiro. Na ocasi\u00e3o, S\u00e9rgio, por meio de sua conta na rede social X [antigo Twitter], respondeu endossando uma postagem de cunho transf\u00f3bico contra Erika, a chamando de &#8220;fake news humana, essa coisa&#8221;.<\/p>\n\n\n\n<p class=\"wp-block-paragraph\">\u25b6\ufe0f&nbsp;<strong>LEIA TAMB\u00c9M:&nbsp;<a href=\"https:\/\/www.grandepremio.com\/br\/f1\/noticias\/red-bull-mergulha-crise-helmut-marko-se-perde-virar-consultor-max-verstappen\/\">Red Bull mergulha de vez na crise. E Marko se perde ao virar consultor de Verstappen<\/a><\/strong><br>\u25b6\ufe0f&nbsp;<strong>Inscreva-se nos dois canais do GRANDE PR\u00caMIO no YouTube:&nbsp;<a href=\"https:\/\/www.youtube.com\/channel\/UC9OlHEgxoaY6QY6nWPoiqQg?sub_confirmation=1\" target=\"_blank\" rel=\"noreferrer noopener\">GP<\/a>&nbsp;|&nbsp;<a href=\"https:\/\/www.youtube.com\/channel\/UC9csiS6q_C3C0FYhyr1rnFA?sub_confirmation=1\" target=\"_blank\" rel=\"noreferrer noopener\">GP2<\/a><\/strong><\/p>\n\n\n\n<figure class=\"wp-block-image size-large\"><img decoding=\"async\" src=\"https:\/\/www.grandepremio.com\/br\/wp-content\/uploads\/2025\/02\/erika-hilton-1200x1200.jpg\" alt=\"\" class=\"wp-image-931089\"\/><figcaption class=\"wp-element-caption\">Erika Hilton afirmou que pretende acionar justi\u00e7a contra S\u00e9rgio Maur\u00edcio (Foto: Reprodu\u00e7\u00e3o\/Facebook)<\/figcaption><\/figure>\n\n\n\n<p class=\"wp-block-paragraph\">Inicialmente, S\u00e9rgio negou a veracidade da conta, mesmo que fosse mencionada em publica\u00e7\u00f5es da Band. Dias depois, admitiu o post e fez um pedido de desculpas p\u00fablico para a deputada.<\/p>\n\n\n\n<p class=\"wp-block-paragraph\">O caso fez com que a Bandeirantes afastasse S\u00e9rgio das transmiss\u00f5es da pr\u00e9-temporada da F\u00f3rmula 1, no Bahrein, no fim de fevereiro. Por\u00e9m, a emissora optou por recolocar o narrador de volta na cabine a partir do GP da Austr\u00e1lia e n\u00e3o comentou mais o caso.<\/p>\n\n\n\n<p class=\"wp-block-paragraph\">\u201cAcabei tomando ci\u00eancia dessa conduta, que na minha avalia\u00e7\u00e3o \u00e9 criminosa. Irei para cima com toda a for\u00e7a, juridicamente, para que haja uma responsabiliza\u00e7\u00e3o por mim, pela comunidade LGBTQIA+, pelas pessoas trans e contra a viol\u00eancia\u201d, comentou Erika, em fevereiro, refor\u00e7ando que abriria a\u00e7\u00e3o na justi\u00e7a contra S\u00e9rgio.<\/p>\n\n\n\n<p class=\"wp-block-paragraph\">A\u00a0<a href=\"https:\/\/www.grandepremio.com\/br\/f1\/\" target=\"_blank\" rel=\"noreferrer noopener\">F\u00f3rmula 1<\/a>\u00a0volta de 18 a 20 de abril em\u00a0<strong><a href=\"https:\/\/www.grandepremio.com\/br\/circuito\/jeda\/\" target=\"_blank\" rel=\"noreferrer noopener\">Jed\u00e1<\/a><\/strong>, palco do\u00a0<strong>GP da Ar\u00e1bia Saudita<\/strong>, quinta etapa da temporada 2025.<\/p>\n","protected":false},"excerpt":{"rendered":"<p>Erika Hilton entrou com a\u00e7\u00e3o na Justi\u00e7a contra narrador S\u00e9rgio Maur\u00edcio e pede R$ 70 mil por danos morais. Voz da F1 na Band fez coment\u00e1rio transf\u00f3bico contra deputada pelas redes sociais e chegou a ser afastado da emissora, mas retornou<\/p>\n","protected":false},"author":0,"featured_media":1000932222,"comment_status":"closed","ping_status":"closed","sticky":false,"template":"","format":"standard","meta":{"42wp_featured_image_caption":"","42wp_featured_image_credits":"","42wp_featured_video":"","42wp_featured_image_hidden":false,"42wp_authors_list":[],"footnotes":""},"categories":[2],"tags":[26271,5273,147,3630,180,3628,1491,28285,30840,203,35129,204,26290,42001],"42wp_author":[47119],"class_list":["post-24035","post","type-post","status-publish","format-standard","has-post-thumbnail","hentry","category-f1","tag-calendario-f1","tag-classificacao-f1","tag-f1","tag-f1-2025","tag-formula-1","tag-formula-1-2025","tag-grande-premio","tag-grandepremio","tag-horarios-f1","tag-max-verstappen","tag-onde-assistir-f1","tag-red-bull","tag-sergio-mauricio","tag-temporada-2025-f1","42wp_author-gabriel-carvalho"],"_links":{"self":[{"href":"https:\/\/grandepremio.com\/br\/wp-json\/wp\/v2\/posts\/24035","targetHints":{"allow":["GET"]}}],"collection":[{"href":"https:\/\/grandepremio.com\/br\/wp-json\/wp\/v2\/posts"}],"about":[{"href":"https:\/\/grandepremio.com\/br\/wp-json\/wp\/v2\/types\/post"}],"replies":[{"embeddable":true,"href":"https:\/\/grandepremio.com\/br\/wp-json\/wp\/v2\/comments?post=24035"}],"version-history":[{"count":0,"href":"https:\/\/grandepremio.com\/br\/wp-json\/wp\/v2\/posts\/24035\/revisions"}],"wp:featuredmedia":[{"embeddable":true,"href":"https:\/\/grandepremio.com\/br\/wp-json\/wp\/v2\/media\/1000932222"}],"wp:attachment":[{"href":"https:\/\/grandepremio.com\/br\/wp-json\/wp\/v2\/media?parent=24035"}],"wp:term":[{"taxonomy":"category","embeddable":true,"href":"https:\/\/grandepremio.com\/br\/wp-json\/wp\/v2\/categories?post=24035"},{"taxonomy":"post_tag","embeddable":true,"href":"https:\/\/grandepremio.com\/br\/wp-json\/wp\/v2\/tags?post=24035"},{"taxonomy":"42wp_author","embeddable":true,"href":"https:\/\/grandepremio.com\/br\/wp-json\/wp\/v2\/42wp_author?post=24035"}],"curies":[{"name":"wp","href":"https:\/\/api.w.org\/{rel}","templated":true}]}}